{"id":4571,"date":"2011-10-02T01:09:52","date_gmt":"2011-10-02T04:09:52","guid":{"rendered":"https:\/\/adhilac.com.ar\/?p=4571"},"modified":"2012-07-12T14:57:59","modified_gmt":"2012-07-12T17:57:59","slug":"2as-jornadas-del-depto-de-historia-del-centro-cultural-de-la-cooperacion-y-de-adhilac","status":"publish","type":"post","link":"https:\/\/adhilac.com.ar\/?p=4571","title":{"rendered":"2as. Jornadas del Depto de Historia del Centro Cultural de la Cooperaci\u00f3n y de ADHILAC"},"content":{"rendered":"<h3 style=\"text-align: justify;\"><span style=\"color: #339966;\">Guerra de Emancipaci\u00f3n en Nuestra Am\u00e9rica. Doscientos a\u00f1os de luchas, utop\u00edas y contramarchas<\/span><\/h3>\n<p style=\"text-align: justify;\"><span style=\"color: #414141;\">27 y 28 de septiembre de 2011<\/span><\/p>\n<p style=\"text-align: justify;\"><strong><span style=\"color: #414141;\"> <\/span><\/strong><\/p>\n<p style=\"text-align: justify;\"><a href=\"https:\/\/adhilac.com.ar\/wp-content\/uploads\/2011\/09\/HISTORIASET-02.jpg\"><img loading=\"lazy\" decoding=\"async\" class=\"size-full wp-image-4827 alignleft\" title=\"HISTORIASET-02\" src=\"https:\/\/adhilac.com.ar\/wp-content\/uploads\/2011\/09\/HISTORIASET-02.jpg\" alt=\"\" width=\"277\" height=\"496\" srcset=\"https:\/\/adhilac.com.ar\/wp-content\/uploads\/2011\/09\/HISTORIASET-02.jpg 494w, https:\/\/adhilac.com.ar\/wp-content\/uploads\/2011\/09\/HISTORIASET-02-167x300.jpg 167w\" sizes=\"auto, (max-width: 277px) 100vw, 277px\" \/><\/a><\/p>\n<p style=\"text-align: justify;\"><strong>Encuentro de Historiadores en Conmemoraci\u00f3n del Bicentenario <\/strong><strong>de la  Independencia de Venezuela<\/strong><\/p>\n<p style=\"text-align: justify;\"><strong>CONVOCATORIA<\/strong><\/p>\n<p style=\"text-align: justify;\">A fines del siglo XVIII la lucha antiesclavista en Hait\u00ed dio lugar a la primera declaraci\u00f3n de Emancipaci\u00f3n de Nuestra Am\u00e9rica en 1804.<\/p>\n<p style=\"text-align: justify;\">Pocos a\u00f1os despu\u00e9s la lucha se extendi\u00f3 por las colonias hispanas desde el r\u00edo de la Plata a M\u00e9xico.<\/p>\n<p style=\"text-align: justify;\">En este Bicentenario deseamos nutrir el debate acerca del proceso emancipatorio y de las cuestiones pendientes poniendo especial \u00e9nfasis en el papel jugado por Sim\u00f3n Bol\u00edvar y otras figuras destacadas como Alexandre P\u00e9tion, Manuel Belgrano, Mariano Moreno, Bernardo de Monteagudo, Jos\u00e9 Gervasio de Artigas, Juana Azurduy de Padilla, Jos\u00e9 de San Mart\u00edn, Miguel de Hidalgo, Jos\u00e9 Mar\u00eda Morelos entre otros.<\/p>\n<p style=\"text-align: justify;\">Por otra parte, como la colonial era una sociedad de castas cabe analizar tambi\u00e9n en qu\u00e9 medida los sectores subalternos participaron de estos procesos que culminaron en la separaci\u00f3n de la mayor\u00eda de las colonias de la metr\u00f3poli, dado que muchas veces se presenta como un fen\u00f3meno exclusivo de las \u00e9lites criollas. Sin dudas all\u00ed donde los paisanos, los pueblos originarios y los esclavos se unieron contra la opresi\u00f3n colonial, lograron resistir y finalmente derrotar a la represi\u00f3n metropolitana. Donde esa resistencia no logr\u00f3 ser tan persistente, como el caso cubano, pasaron d\u00e9cadas hasta consagrar su separaci\u00f3n pol\u00edtica de Espa\u00f1a.<!--more--><\/p>\n<p style=\"text-align: justify;\">En tal sentido proponemos trabajar sobre los siguientes ejes tem\u00e1ticos:<\/p>\n<p style=\"text-align: justify;\">&#8211;\u00a0\u00a0\u00a0\u00a0\u00a0\u00a0\u00a0\u00a0\u00a0 An\u00e1lisis de las causas y desarrollo del proceso emancipatorio<\/p>\n<p style=\"text-align: justify;\">&#8211;\u00a0\u00a0\u00a0\u00a0\u00a0\u00a0\u00a0\u00a0\u00a0 Los an\u00e1lisis de caso: La situaci\u00f3n particular de cada colonia: (Virreinato del R\u00edo de la Plata, Virreinato del Per\u00fa.,\u00a0 Virreinato de Nueva Granada, Virreinato de Nueva Espa\u00f1a, Capitan\u00eda General de Chile, Capitan\u00eda General de Venezuela, Capitan\u00eda General de Guatemala, Real Audiencia de Quito, la situaci\u00f3n de Cuba)<\/p>\n<p style=\"text-align: justify;\">&#8211;\u00a0\u00a0\u00a0\u00a0\u00a0\u00a0\u00a0\u00a0\u00a0 El proceso emancipatorio y la constituci\u00f3n de las nuevas rep\u00fablicas (siglo XIX a XX)<\/p>\n<p style=\"text-align: justify;\">&#8211;\u00a0\u00a0\u00a0\u00a0\u00a0\u00a0\u00a0\u00a0\u00a0 Las cuestiones pendientes del proceso de Emancipaci\u00f3n. El problema del endeudamiento, la dependencia econ\u00f3mica, cient\u00edfica y tecnol\u00f3gica de los pa\u00edses de Nuestra Am\u00e9rica. Los nuevos desaf\u00edos: propuesta de integraci\u00f3n regional, el peso de las grandes potencias extrarregionales, etc.<\/p>\n<p style=\"text-align: justify;\"><strong>Lugar<\/strong><\/p>\n<p style=\"text-align: justify;\"><em>CENTRO CULTURAL DE LA COOPERACI\u00d3N \u201cFLOREAL GORINI\u201d<\/em><\/p>\n<p style=\"text-align: justify;\">Avda. Corrientes 1543, Ciudad\u00a0Aut\u00f3noma\u00a0de Buenos Aires.<\/p>\n<p style=\"text-align: justify;\"><strong>Comit\u00e9 Organizador:<\/strong><\/p>\n<p style=\"text-align: justify;\">Horacio L\u00f3pez\u00a0<em>Subdirector del CCC. Director del Depto. de Historia del CCC<\/em><\/p>\n<p style=\"text-align: justify;\">Carolina Crisorio\u00a0<em>FCE-UBA. ADHILAC Internacional y Argentina.<\/em><\/p>\n<p style=\"text-align: justify;\">Alejandro Pisnoy.\u00a0<em>Asistente Depto. de Historia del CCC.<\/em><\/p>\n<p style=\"text-align: justify;\"><strong>Informes e inscripci\u00f3n:<\/strong><\/p>\n<p style=\"text-align: justify;\">Dirigirse al Departamento de Historia del Centro Cultural de la Cooperaci\u00f3n \u201cFloreal Gorini\u201d<\/p>\n<p style=\"text-align: justify;\">Horacio L\u00f3pez<\/p>\n<p style=\"text-align: justify;\">e-mail: horaciolopez@centrocultural.coop<\/p>\n<p style=\"text-align: justify;\">Alejandro Pisnoy<\/p>\n<p style=\"text-align: justify;\">e-mail: videandolafuga8@yahoo.com.ar<\/p>\n<p style=\"text-align: justify;\"><strong>Cronograma<\/strong><\/p>\n<table border=\"1\" cellspacing=\"0\" cellpadding=\"0\">\n<tbody>\n<tr>\n<td width=\"121\" valign=\"top\"><strong> <\/strong><\/td>\n<td colspan=\"2\" width=\"302\" valign=\"top\"><strong>Martes 27 de septiembre<\/strong>&nbsp;<\/p>\n<p><strong> <\/strong><strong> <\/strong><\/td>\n<\/tr>\n<tr>\n<td width=\"121\" valign=\"top\">9,15 a 10 hs<\/td>\n<td colspan=\"2\" width=\"302\" valign=\"top\">Inscripci\u00f3n. Hall 3\u00ba piso<\/td>\n<\/tr>\n<tr>\n<td width=\"121\" valign=\"top\">9.30 a 12.30 hs.<\/td>\n<td width=\"151\" valign=\"top\">Sala Jacobo Laks. 3\u00ba piso<\/td>\n<td width=\"151\" valign=\"top\">Sala Meyer Dubrovsky. 3\u00ba piso<\/td>\n<\/tr>\n<tr>\n<td width=\"121\" valign=\"top\">12.30 \u00a0a 14.30 hs<\/td>\n<td colspan=\"2\" width=\"302\" valign=\"top\">Receso<\/td>\n<\/tr>\n<tr>\n<td width=\"121\" valign=\"top\">14.15 \u00a0a 15 hs.<\/td>\n<td colspan=\"2\" width=\"302\" valign=\"top\">Inscripci\u00f3n. Hall 3\u00ba piso.<\/td>\n<\/tr>\n<tr>\n<td width=\"121\" valign=\"top\">14.30 \u00a0a 17.30 hs<\/td>\n<td width=\"151\" valign=\"top\">Sala Jacobo Laks. 3\u00ba piso<\/td>\n<td width=\"151\" valign=\"top\">Sala Meyer Dubrovsky. 3\u00ba piso<\/td>\n<\/tr>\n<tr>\n<td width=\"121\" valign=\"top\"><\/td>\n<td colspan=\"2\" width=\"302\" valign=\"top\">Receso<\/td>\n<\/tr>\n<tr>\n<td width=\"121\" valign=\"top\">19 hs.<\/td>\n<td colspan=\"2\" width=\"302\" valign=\"top\">Mesa Redonda Sala Solidaridad. 2\u00ba Subsuelo<\/td>\n<\/tr>\n<\/tbody>\n<\/table>\n<p style=\"text-align: justify;\">&nbsp;<\/p>\n<table border=\"1\" cellspacing=\"0\" cellpadding=\"0\">\n<tbody>\n<tr>\n<td width=\"121\" valign=\"top\"><strong> <\/strong><\/td>\n<td colspan=\"2\" width=\"302\" valign=\"top\"><strong>Mi\u00e9rcoles 28 de septiembre<\/strong>&nbsp;<\/p>\n<p><strong> <\/strong><strong> <\/strong><\/td>\n<\/tr>\n<tr>\n<td width=\"121\" valign=\"top\">9,15 a 10 hs<\/td>\n<td colspan=\"2\" width=\"302\" valign=\"top\">Inscripci\u00f3n. Hall 3\u00ba piso<\/td>\n<\/tr>\n<tr>\n<td width=\"121\" valign=\"top\">9.30 a 12.30 hs.<\/td>\n<td width=\"151\" valign=\"top\">Sala Jacobo Laks. 3\u00ba piso<\/td>\n<td width=\"151\" valign=\"top\">Sala Meyer Dubrovsky. 3\u00ba piso<\/td>\n<\/tr>\n<tr>\n<td width=\"121\" valign=\"top\">12.30 \u00a0a 14.30 hs<\/td>\n<td colspan=\"2\" width=\"302\" valign=\"top\">Receso<\/td>\n<\/tr>\n<tr>\n<td width=\"121\" valign=\"top\">14.15 \u00a0a 15 hs.<\/td>\n<td colspan=\"2\" width=\"302\" valign=\"top\">Inscripci\u00f3n. Hall 3\u00ba piso.<\/td>\n<\/tr>\n<tr>\n<td width=\"121\" valign=\"top\">14.30 \u00a0a 17.30 hs<\/td>\n<td width=\"151\" valign=\"top\">Sala Jacobo Laks. 3\u00ba piso<\/td>\n<td width=\"151\" valign=\"top\">Sala Meyer Dubrovsky. 3\u00ba piso<\/td>\n<\/tr>\n<tr>\n<td width=\"121\" valign=\"top\"><\/td>\n<td colspan=\"2\" width=\"302\" valign=\"top\">Receso<\/td>\n<\/tr>\n<tr>\n<td width=\"121\" valign=\"top\">19 hs.<\/td>\n<td colspan=\"2\" width=\"302\" valign=\"top\">Mesa Redonda Sala Solidaridad. 2\u00ba Subsuelo<\/td>\n<\/tr>\n<\/tbody>\n<\/table>\n<p style=\"text-align: justify;\">&nbsp;<\/p>\n<p style=\"text-align: justify;\"><strong><br \/>\n<\/strong><\/p>\n<p style=\"text-align: justify;\"><strong>P R O G R A M A<\/strong><\/p>\n<p style=\"text-align: justify;\"><strong> <\/strong><\/p>\n<p style=\"text-align: justify;\"><strong>MARTES 27 DE SEPTIEMBRE<\/strong><\/p>\n<p style=\"text-align: justify;\"><strong>9.15 a<\/strong><strong> 10 hs. Inscripci\u00f3n \u00a0\u00a0Hall 3\u00ba piso<\/strong><\/p>\n<p style=\"text-align: justify;\"><strong> <\/strong><\/p>\n<p style=\"text-align: justify;\"><strong>9.30 a 12.30 hs. Sala Jacobo Laks. 3\u00ba piso.<\/strong><\/p>\n<p style=\"text-align: justify;\"><em>De Hait\u00ed al R\u00edo de la Plata. Bol\u00edvar y la lucha por la emancipaci\u00f3n de Nuestra Am\u00e9rica<\/em><em> <\/em><\/p>\n<p style=\"text-align: justify;\"><em>Secci\u00f3n: Revoluci\u00f3n, etnicidad, g\u00e9nero, integraci\u00f3n<\/em><\/p>\n<p style=\"text-align: justify;\">&nbsp;<\/p>\n<p style=\"text-align: justify;\">&#8211;\u00a0<strong>Juan Francisco Mart\u00ednez Per\u00eda.<\/strong> UBA. CCC. Argentina.<\/p>\n<p style=\"text-align: justify;\"><em>El proceso emancipatorio en Hait\u00ed<\/em><\/p>\n<p style=\"text-align: justify;\">&#8211;\u00a0<strong>Lina D\u00edaz<\/strong>. Universidad Nacional de La Plata. CONICET. Argentina.<\/p>\n<p style=\"text-align: justify;\"><em>La \u00e9lite local ante la crisis de la monarqu\u00eda espa\u00f1ola: el caso de Pamplona en el Virreinato de Nueva Granada 1808-1810<\/em><\/p>\n<p style=\"text-align: justify;\">&#8211;\u00a0<strong>Jenny Lodro\u00f1o.<\/strong> Academia Nacional de la Historia. Ecuador.<\/p>\n<p style=\"text-align: justify;\"><em>Las mujeres en la Independencia de la Gran Colombia<\/em><\/p>\n<p style=\"text-align: justify;\">&#8211;\u00a0<strong>Andr\u00e9s Kozel<\/strong>. CEL. UNSAM. Argentina.<\/p>\n<p style=\"text-align: justify;\"><em>La independencia como proceso de balcanizaci\u00f3n significaci\u00f3n alcances y limites de una tesis cl\u00e1sica.<\/em><\/p>\n<p style=\"text-align: justify;\">&nbsp;<\/p>\n<p style=\"text-align: justify;\"><strong>12.30 a<\/strong><strong> 14.30 hs. Receso<\/strong><\/p>\n<p style=\"text-align: justify;\">&nbsp;<\/p>\n<p style=\"text-align: justify;\"><strong>14.15 a<\/strong><strong> 15 hs. Inscripci\u00f3n<\/strong><\/p>\n<p style=\"text-align: justify;\"><strong>Hall 3\u00ba piso<\/strong><\/p>\n<p style=\"text-align: justify;\"><strong> <\/strong><\/p>\n<p style=\"text-align: justify;\"><strong>14.30 a 17.30 hs. <\/strong><strong>Sala Jacobo Laks. 3\u00ba piso.<\/strong><\/p>\n<p style=\"text-align: justify;\"><em> <\/em><em>De Hait\u00ed al R\u00edo de la Plata. Bol\u00edvar y la lucha por la emancipaci\u00f3n de Nuestra Am\u00e9rica<\/em><\/p>\n<p style=\"text-align: justify;\"><em>Secci\u00f3n: Paraguay y Venezuela<\/em><\/p>\n<p style=\"text-align: justify;\">&nbsp;<\/p>\n<p style=\"text-align: justify;\">&#8211;\u00a0<strong>Maximiliano Duran<\/strong>. FF y L, UBA. CCC. Argentina.<\/p>\n<p style=\"text-align: justify;\"><em>Emancipaci\u00f3n y educaci\u00f3n popular en el pensamiento de Sim\u00f3n Rodr\u00edguez<\/em><\/p>\n<p style=\"text-align: justify;\">&#8211;\u00a0<strong>De Luc\u00eda Daniel<\/strong>. Profesorado Joaqu\u00edn V. Gonz\u00e1lez. CCC. Argentina.<\/p>\n<p style=\"text-align: justify;\"><em>El proceso emancipatorio de la Capitan\u00eda General de Venezuela en la prensa revolucionaria porte\u00f1a (1810-1815)<\/em><\/p>\n<p style=\"text-align: justify;\">&#8211;\u00a0<strong>Rub\u00e9n Francia y Viviana Civitilo.<\/strong> Profesorado Joaqu\u00edn V. Gonz\u00e1lez. Argentina.<\/p>\n<p style=\"text-align: justify;\"><em>El Paraguay de 1811<\/em><\/p>\n<p style=\"text-align: justify;\">&#8211;\u00a0<strong>Sergio Fontana y Nicol\u00e1s Ferraro<\/strong>. FF y L. UBA. Argentina.<\/p>\n<p style=\"text-align: justify;\"><em>El Paraguay independiente 1811-1870<\/em><\/p>\n<p style=\"text-align: justify;\">&nbsp;<\/p>\n<p style=\"text-align: justify;\"><strong>MARTES 27 DE SEPTIEMBRE<\/strong><\/p>\n<p style=\"text-align: justify;\"><strong>9.15 a<\/strong><strong> 10 hs. Inscripci\u00f3n. <\/strong><strong>Hall 3\u00ba piso.<\/strong><\/p>\n<p style=\"text-align: justify;\">&nbsp;<\/p>\n<p style=\"text-align: justify;\"><strong>9.30 a<\/strong><strong> 12.30 hs. <\/strong><strong>Sala Meyer Dubrovsky. 3\u00ba piso.<\/strong><\/p>\n<p style=\"text-align: justify;\"><em>Nuestra Am\u00e9rica en el Bicentenario: entre la integraci\u00f3n regional y las presiones de las grandes potencias extrarregionales.<\/em><\/p>\n<p style=\"text-align: justify;\"><em>Secci\u00f3n: Dependencia econ\u00f3mica, pol\u00edtica y cultural<\/em><\/p>\n<p style=\"text-align: justify;\">&#8211;\u00a0<strong>Cristina Mateu.<\/strong> FCE, FF y L. UBA. ADHILAC. Argentina.<\/p>\n<p style=\"text-align: justify;\"><em>Penetraci\u00f3n cultural en la dependencia Argentina<\/em><\/p>\n<p style=\"text-align: justify;\">&#8211;\u00a0<strong>Norberto Aguirre<\/strong> FCE, CBC. UBA. ADHILAC. Argentina.<\/p>\n<p style=\"text-align: justify;\"><em>Dependencia e Imperialismo en los inicios del nacionalismo popular: Scalabrini Ortiz y su an\u00e1lisis de los mecanismos imperiales<\/em><\/p>\n<p style=\"text-align: justify;\">&#8211;\u00a0<strong>Pablo Jaitte<\/strong>. FF y L\/ FCE. UBA. Argentina.<\/p>\n<p style=\"text-align: justify;\"><em>Dios est\u00e1 en los detalles. An\u00e1lisis de las distintas interpretaciones acerca de la pre-historia del petr\u00f3leo en Argentina y del descubrimiento del petr\u00f3leo en Comodoro Rivadavia<\/em><\/p>\n<p style=\"text-align: justify;\">&#8211;\u00a0<strong>Juan Paz y Mi\u00f1o<\/strong>. Profesor de la PUCE. Cronista de la Ciudad de Quito.\u00a0Vicepresidente \u00a0ADHILAC Internacional. Ecuador.<\/p>\n<p style=\"text-align: justify;\"><em>Ecuador: La Revoluci\u00f3n Ciudadana y los movimientos sociales.<\/em><\/p>\n<p style=\"text-align: justify;\"><em> <\/em><\/p>\n<p style=\"text-align: justify;\"><strong>12.30 a 14.30 hs. Receso<\/strong><\/p>\n<p style=\"text-align: justify;\">&nbsp;<\/p>\n<p style=\"text-align: justify;\"><strong>14.15 a<\/strong><strong> 15 hs. Inscripci\u00f3n. <\/strong><strong>Hall 3\u00ba piso.<\/strong><\/p>\n<p style=\"text-align: justify;\"><strong> <\/strong><\/p>\n<p style=\"text-align: justify;\"><strong>14.30 a 17.30 hs. <\/strong><strong>Sala Meyer Dubrovsky. 3\u00ba piso.<\/strong><\/p>\n<p style=\"text-align: justify;\"><em>Nuestra Am\u00e9rica en el Bicentenario: entre la integraci\u00f3n regional y las presiones de las grandes potencias extrarregionales.<\/em><\/p>\n<p style=\"text-align: justify;\"><em>Secci\u00f3n: Progresismo, Neoliberalismo y Revoluci\u00f3n<\/em><\/p>\n<p style=\"text-align: justify;\"><em>&#8211;<\/em><strong> Mercedes L\u00f3pez Cantera.<\/strong> FCE, UBA. Argentina.<em> <\/em><\/p>\n<p style=\"text-align: justify;\"><em>La cuesti\u00f3n de la dependencia en la izquierda argentina<\/em><\/p>\n<p style=\"text-align: justify;\">&#8211;\u00a0<strong>Mariela Carim.<\/strong> FF y L, UBA. Argentina.<\/p>\n<p style=\"text-align: justify;\"><em>Imperialismo y emancipaci\u00f3n: Un recorrido hist\u00f3rico para comprender Playa Gir\u00f3n<\/em><\/p>\n<p style=\"text-align: justify;\">&#8211;\u00a0<strong>Omar Acha.<\/strong> FF y L. UBA. CONICET. Argentina.<\/p>\n<p style=\"text-align: justify;\"><em>Repensar una la historia latinoamericana m\u00e1s all\u00e1 del consenso progresista.<\/em><\/p>\n<p style=\"text-align: justify;\">&#8211;\u00a0<strong>Alejandro Schneider<\/strong>. FF y L. UBA. Argentina.<\/p>\n<p style=\"text-align: justify;\"><em>Una respuesta a la ofensiva neoliberal en Bolivia: El Ej\u00e9rcito Guerrillero T\u00fapac Katari (EGTK)<\/em><\/p>\n<p style=\"text-align: justify;\"><strong> <\/strong><\/p>\n<p style=\"text-align: justify;\">&nbsp;<\/p>\n<p style=\"text-align: justify;\"><strong> <\/strong><\/p>\n<p style=\"text-align: justify;\"><strong>MI\u00c9RCOLES<\/strong><strong> 28 DE SEPTIEMBRE<\/strong><\/p>\n<p style=\"text-align: justify;\"><strong>9.15 a<\/strong><strong> 10 hs. Inscripci\u00f3n<\/strong><\/p>\n<p style=\"text-align: justify;\"><strong>Hall 3\u00ba piso<\/strong><\/p>\n<p style=\"text-align: justify;\"><strong> <\/strong><\/p>\n<p style=\"text-align: justify;\"><strong>9.30 a 12.30 hs. <\/strong><strong>Sala Jacobo Laks. 3\u00ba piso.<\/strong><\/p>\n<p style=\"text-align: justify;\"><em>De Hait\u00ed al R\u00edo de la Plata. Bol\u00edvar y la lucha por la emancipaci\u00f3n de Nuestra Am\u00e9rica<\/em><\/p>\n<p style=\"text-align: justify;\"><em>Secci\u00f3n: Revoluci\u00f3n, educaci\u00f3n e idea de Naci\u00f3n.<\/em><\/p>\n<p style=\"text-align: justify;\">&#8211;<strong> Rodrigo L\u00f3pez<\/strong>. CCC. Argentina.<\/p>\n<p style=\"text-align: justify;\"><em>San Martin introductor del dinero fiduciario en Per\u00fa<\/em><em><br \/>\n<\/em>&#8211;\u00a0<strong>Carolina Crisorio<\/strong>-. FCE, UBA. ADHILAC. &#8211;<strong> Nicol\u00e1s Kogan<\/strong> FF y L, UBA. CCC. Argentina.<\/p>\n<p style=\"text-align: justify;\"><em>Revoluci\u00f3n, democratizaci\u00f3n y educaci\u00f3n en el r\u00edo de la Plata\u00a0 (fines del siglo XVIII principios del XIX)<\/em><\/p>\n<p style=\"text-align: justify;\">&#8211;\u00a0<strong>Jorge Carrizo<\/strong>. FCE. UBA. Argentina.<\/p>\n<p style=\"text-align: justify;\"><em>Revoluci\u00f3n y naci\u00f3n en el proceso independentista del R\u00edo de la Plata.<\/em><\/p>\n<p style=\"text-align: justify;\">&nbsp;<\/p>\n<p style=\"text-align: justify;\"><strong>12.30 a<\/strong><strong> 14.30 hs. Receso<\/strong><\/p>\n<p style=\"text-align: justify;\">&nbsp;<\/p>\n<p style=\"text-align: justify;\"><strong>14.15 a 15 hs. Inscripci\u00f3n Hall 3\u00ba piso<\/strong><\/p>\n<p style=\"text-align: justify;\"><em> <\/em><\/p>\n<p style=\"text-align: justify;\"><strong>14.30 a 17.30 hs. Sala Jacobo Laks. 3\u00ba piso.<\/strong><\/p>\n<p style=\"text-align: justify;\"><em> <\/em><em>De Hait\u00ed al R\u00edo de la Plata. Bol\u00edvar y la lucha por la emancipaci\u00f3n de Nuestra Am\u00e9rica<\/em><\/p>\n<p style=\"text-align: justify;\"><em>Secci\u00f3n: Pensamiento y acci\u00f3n revolucionarios. Historiograf\u00eda<\/em><\/p>\n<p style=\"text-align: justify;\">&#8211;\u00a0<strong>Carmen Bohorquez Mor\u00e1n.<\/strong> Comisi\u00f3n Presidencial para la Conmemoraci\u00f3n del Bicentenario del inicio del proceso de Independencia. Venezuela.<\/p>\n<p style=\"text-align: justify;\"><em>El Precursor Francisco de Miranda<\/em><\/p>\n<p style=\"text-align: justify;\">&#8211;\u00a0<strong>Hugo Biagini<\/strong>. Pensamiento Latinoamericano. CECIES. Argentina.<\/p>\n<p style=\"text-align: justify;\"><em>El diccionario para el pueblo por un soldado de los Andes.<\/em><\/p>\n<p style=\"text-align: justify;\"><em>&#8211;<strong> <\/strong><\/em><strong>Claudio Spiguel<\/strong>. FCE y FF y L, UBA. ADHILAC. Argentina.<\/p>\n<p style=\"text-align: justify;\"><em>Revoluci\u00f3n e Independencia: el conocimiento hist\u00f3rico y la relaci\u00f3n pasado-presente<\/em><\/p>\n<p style=\"text-align: justify;\"><em> <\/em><\/p>\n<p style=\"text-align: justify;\"><em> <\/em><\/p>\n<p style=\"text-align: justify;\"><em> <\/em><\/p>\n<p style=\"text-align: justify;\"><em> <\/em><\/p>\n<p style=\"text-align: justify;\"><em> <\/em><\/p>\n<p style=\"text-align: justify;\"><em> <\/em><\/p>\n<p style=\"text-align: justify;\"><em> <\/em><\/p>\n<p style=\"text-align: justify;\"><em> <\/em><\/p>\n<p style=\"text-align: justify;\"><em> <\/em><\/p>\n<p style=\"text-align: justify;\"><em> <\/em><\/p>\n<p style=\"text-align: justify;\">&nbsp;<\/p>\n<p style=\"text-align: justify;\"><strong> <\/strong><\/p>\n<p style=\"text-align: justify;\"><strong>MI\u00c9RCOLES<\/strong><strong> 28 DE SEPTIEMBRE<\/strong><\/p>\n<p style=\"text-align: justify;\"><strong> <\/strong>9.15 a 10 hs. Inscripci\u00f3n\u00a0<strong>Hall 3\u00ba piso<\/strong><\/p>\n<p style=\"text-align: justify;\">&nbsp;<\/p>\n<p style=\"text-align: justify;\"><strong> <\/strong><strong>9.30 a<\/strong><strong> 12.30 hs. Sala Meyer Dubrovsky.<\/strong> <strong>3\u00ba piso<\/strong><\/p>\n<p style=\"text-align: justify;\"><em>Nuestra Am\u00e9rica en el Bicentenario: entre la integraci\u00f3n regional y las presiones de las grandes potencias extrarregionales.<\/em><\/p>\n<p style=\"text-align: justify;\"><em>Secci\u00f3n: Pensamiento y acci\u00f3n pol\u00edtica<\/em><\/p>\n<p style=\"text-align: justify;\">&#8211;\u00a0<strong>Alejandro Pisnoy<\/strong>. Prof CCC. Argentina.<\/p>\n<p style=\"text-align: justify;\"><em>Un estudio del pensamiento y la acci\u00f3n de Sarmiento<\/em><\/p>\n<p style=\"text-align: justify;\">&#8211;\u00a0<strong>Julio Fornelli<\/strong> FF y L, UBA. Argentina.<\/p>\n<p style=\"text-align: justify;\"><em>El surgimiento del socialismo<\/em><\/p>\n<p style=\"text-align: justify;\">&#8211;\u00a0<strong>Cristina Carnevale<\/strong>. FF y L. UBA. Argentina.<\/p>\n<p style=\"text-align: justify;\"><em> <\/em><em>Dos momentos en los procesos revolucionarios de Am\u00e9rica Latina.<\/em><em> <\/em><\/p>\n<p style=\"text-align: justify;\">&#8211;\u00a0<strong>Santiago S\u00e1nchez y Ezequiel Pinachio<\/strong>, FF y L, UBA. C.C.C. Argentina.<\/p>\n<p style=\"text-align: justify;\"><em>Pensamiento en el siglo\u00a0 XX<\/em><\/p>\n<p style=\"text-align: justify;\">&nbsp;<\/p>\n<p style=\"text-align: justify;\"><strong>12.30 a<\/strong><strong> 14.30 hs. Receso<\/strong><\/p>\n<p style=\"text-align: justify;\">&nbsp;<\/p>\n<p style=\"text-align: justify;\"><strong>14.15 a 15 hs. Inscripci\u00f3n Hall 3\u00ba piso<\/strong><\/p>\n<p style=\"text-align: justify;\">&nbsp;<\/p>\n<p style=\"text-align: justify;\"><strong>14.30 a 17.30 hs. Sala Meyer Dubrovsky. <\/strong><strong>3\u00ba piso<\/strong><\/p>\n<p style=\"text-align: justify;\"><em>Nuestra Am\u00e9rica en el Bicentenario: entre la integraci\u00f3n regional y las presiones de las grandes potencias extrarregionales.<\/em><\/p>\n<p style=\"text-align: justify;\"><em>Secci\u00f3n: Pensamiento, educaci\u00f3n y etnicidad<\/em><\/p>\n<p style=\"text-align: justify;\">&#8211;<strong> Pablo Imen<\/strong>. CCC. Argentina.<\/p>\n<p style=\"text-align: justify;\"><em>Educaci\u00f3n en Venezuela<\/em><\/p>\n<p style=\"text-align: justify;\">&#8211;\u00a0<strong>Germ\u00e1n Iba\u00f1ez <\/strong>UPMPM. Argentina.<\/p>\n<p style=\"text-align: justify;\"><em>La liberaci\u00f3n nacional en la tradici\u00f3n nacional-popular de la Argentina<\/em><em>.<\/em><\/p>\n<p style=\"text-align: justify;\">&#8211;\u00a0<strong>Jorge N\u00fa\u00f1ez.<\/strong> Academia Nacional de la Historia. ADHILAC. Premio Nacional Eugenio Espejo. Ecuador.<\/p>\n<p style=\"text-align: justify;\"><em>Sentido y efectos de la Independencia en Am\u00e9rica Latina<\/em><\/p>\n<p style=\"text-align: justify;\"><strong> <\/strong><\/p>\n<p style=\"text-align: justify;\"><strong>Entrada Libre y gratuita<\/strong><\/p>\n<p style=\"text-align: justify;\"><strong> <\/strong><\/p>\n<p style=\"text-align: justify;\"><strong> <\/strong><\/p>\n<p style=\"text-align: justify;\">&nbsp;<\/p>\n<p style=\"text-align: justify;\"><strong> <\/strong><\/p>\n<p style=\"text-align: justify;\"><strong>MARTES 27 DE SEPTIEMBRE<\/strong><\/p>\n<p style=\"text-align: justify;\"><strong>19 hs. MESA REDONDA<\/strong><\/p>\n<p style=\"text-align: justify;\"><strong>Sala Solidaridad 2\u00ba subsuelo<\/strong><\/p>\n<p style=\"text-align: justify;\">Abierta al p\u00fablico. Entrada Libre<\/p>\n<p style=\"text-align: justify;\"><strong> <\/strong><\/p>\n<p style=\"text-align: justify;\"><em>Dos siglos de utop\u00edas, avances y contramarchas. Independencia y dependencia<\/em><\/p>\n<p style=\"text-align: justify;\">&#8211;\u00a0\u00a0\u00a0\u00a0\u00a0\u00a0\u00a0\u00a0\u00a0 Sr Embajador de Venezuela Gral. Carlos Eduardo Mart\u00ednez Mendoza.<\/p>\n<p style=\"text-align: justify;\">&#8211; Carmen Bohorquez Mor\u00e1n Comisi\u00f3n Presidencial para la Conmemoraci\u00f3n del Bicentenario del inicio del proceso de Independencia (Venezuela).<\/p>\n<p style=\"text-align: justify;\">&#8211; Jorge N\u00fa\u00f1ez S\u00e1nchez, Academia Nacional de la Historia, Premio Nacional Eugenio Espejo (Ecuador).<\/p>\n<p style=\"text-align: justify;\">&#8211; Juan Paz y Mi\u00f1o PUCE. Cronista de la Ciudad de Quito.\u00a0Vicepresidente \u00a0ADHILAC Internacional (Ecuador).<\/p>\n<p style=\"text-align: justify;\">&#8211; Alejandro Pisnoy, Centro Cultural de la Cooperaci\u00f3n \u201cFloreal Gorini\u201d.<\/p>\n<p style=\"text-align: justify;\">Presentaci\u00f3n y Coordinaci\u00f3n Carolina Crisorio. FCE. UBA. ADHILAC Internacional\/Argentina<\/p>\n<p style=\"text-align: justify;\"><strong> <\/strong><\/p>\n<p style=\"text-align: justify;\">&nbsp;<\/p>\n<p style=\"text-align: justify;\"><strong>MI\u00c9RCOLES<\/strong><strong> 28 DE SEPTIEMBRE<\/strong><\/p>\n<p style=\"text-align: justify;\"><strong>19 hs. MESA REDONDA<\/strong><\/p>\n<p style=\"text-align: justify;\"><strong>Sala Solidaridad 2\u00ba subsuelo<\/strong><\/p>\n<p style=\"text-align: justify;\">Abierta al p\u00fablico. Entrada Libre<\/p>\n<p style=\"text-align: justify;\"><em> <\/em><\/p>\n<p style=\"text-align: justify;\"><em>Dos siglos de utop\u00edas, avances y contramarchas. De Sim\u00f3n Bol\u00edvar a UNASUR<\/em><em> <\/em><\/p>\n<p style=\"text-align: justify;\">. Juan Carlos Junio, Director del Centro Cultural de la Cooperaci\u00f3n \u201cFloreal Gorini\u201d.<\/p>\n<p style=\"text-align: justify;\">&#8211; Carmen Bohorquez Mor\u00e1n Comisi\u00f3n Presidencial para la Conmemoraci\u00f3n del Bicentenario del inicio del proceso de Independencia (Venezuela).<\/p>\n<p style=\"text-align: justify;\">&#8211; Jorge N\u00fa\u00f1ez S\u00e1nchez, Academia Nacional de la Historia, Premio Nacional Eugenio Espejo (Ecuador).<\/p>\n<p style=\"text-align: justify;\">&#8211; Juan Paz y Mi\u00f1o PUCE. Cronista de la Ciudad de Quito.\u00a0Vicepresidente \u00a0ADHILAC Internacional (Ecuador).<\/p>\n<p style=\"text-align: justify;\">&#8211; Julio Fornelli. Centro Cultural de la Cooperaci\u00f3n \u201cFloreal Gorini\u201d.<\/p>\n<p style=\"text-align: justify;\">Coordinaci\u00f3n Valeria Mutuberria Centro Cultural de la Cooperaci\u00f3n \u201cFloreal Gorini\u201d.<\/p>\n<p><em><br \/>\n<\/em><\/p>\n<p><a href=\"https:\/\/adhilac.com.ar\/wp-content\/uploads\/2011\/08\/CCC.jpg\"><img loading=\"lazy\" decoding=\"async\" class=\"alignleft size-full wp-image-4572\" title=\"CCC\" src=\"https:\/\/adhilac.com.ar\/wp-content\/uploads\/2011\/08\/CCC.jpg\" alt=\"\" width=\"217\" height=\"112\" \/><\/a><\/p>\n<p><a href=\"https:\/\/adhilac.com.ar\/wp-content\/uploads\/2011\/08\/Logo-ADHILAC-Internacional.jpg\"><img loading=\"lazy\" decoding=\"async\" class=\"size-full wp-image-4573 alignnone\" title=\"Logo-ADHILAC-Internacional\" src=\"https:\/\/adhilac.com.ar\/wp-content\/uploads\/2011\/08\/Logo-ADHILAC-Internacional.jpg\" alt=\"\" width=\"142\" height=\"223\" \/><\/a><\/p>\n<p><strong><br \/>\n<\/strong><\/p>\n<p><span style=\"color: #ffffff;\">\/<\/span><\/p>\n<p>&nbsp;<\/p>\n<p><strong>Publicado por ADHILAC Internacional \u00a9 www.adhilac.com.ar<\/strong><\/p>\n<p>Si Ud. desea asociarse de acuerdo a los Estatutos de ADHILAC\u00a0<a title=\"(ver)\" href=\"https:\/\/adhilac.com.ar\/?page_id=263\">(ver)<\/a> complete el siguiente formulario\u00a0<a title=\"(ver)\" href=\"https:\/\/adhilac.com.ar\/?page_id=3194\">(ver)<\/a><\/p>\n<p>E-mail: info@adhilac.com.ar<strong> <\/strong><\/p>\n<p>Twitter: @AdhilacInfo<\/p>\n","protected":false},"excerpt":{"rendered":"<p>Guerra de Emancipaci\u00f3n en Nuestra Am\u00e9rica. Doscientos a\u00f1os de luchas, utop\u00edas y contramarchas 27 y 28 de septiembre de 2011 Encuentro de Historiadores en Conmemoraci\u00f3n del Bicentenario de la Independencia de Venezuela CONVOCATORIA A fines del siglo XVIII la lucha antiesclavista en Hait\u00ed dio lugar a la primera declaraci\u00f3n de Emancipaci\u00f3n de Nuestra Am\u00e9rica en [&hellip;]<\/p>\n","protected":false},"author":2,"featured_media":0,"comment_status":"closed","ping_status":"closed","sticky":false,"template":"","format":"standard","meta":{"_crdt_document":"","footnotes":""},"categories":[10,3,5,40],"tags":[17,22,25],"class_list":["post-4571","post","type-post","status-publish","format-standard","hentry","category-adhil-arg","category-adhilac-inter","category-congresos","category-informaciones","tag-dependencia","tag-emancipacion-americana","tag-nuestra-america"],"_links":{"self":[{"href":"https:\/\/adhilac.com.ar\/index.php?rest_route=\/wp\/v2\/posts\/4571","targetHints":{"allow":["GET"]}}],"collection":[{"href":"https:\/\/adhilac.com.ar\/index.php?rest_route=\/wp\/v2\/posts"}],"about":[{"href":"https:\/\/adhilac.com.ar\/index.php?rest_route=\/wp\/v2\/types\/post"}],"author":[{"embeddable":true,"href":"https:\/\/adhilac.com.ar\/index.php?rest_route=\/wp\/v2\/users\/2"}],"replies":[{"embeddable":true,"href":"https:\/\/adhilac.com.ar\/index.php?rest_route=%2Fwp%2Fv2%2Fcomments&post=4571"}],"version-history":[{"count":24,"href":"https:\/\/adhilac.com.ar\/index.php?rest_route=\/wp\/v2\/posts\/4571\/revisions"}],"predecessor-version":[{"id":4577,"href":"https:\/\/adhilac.com.ar\/index.php?rest_route=\/wp\/v2\/posts\/4571\/revisions\/4577"}],"wp:attachment":[{"href":"https:\/\/adhilac.com.ar\/index.php?rest_route=%2Fwp%2Fv2%2Fmedia&parent=4571"}],"wp:term":[{"taxonomy":"category","embeddable":true,"href":"https:\/\/adhilac.com.ar\/index.php?rest_route=%2Fwp%2Fv2%2Fcategories&post=4571"},{"taxonomy":"post_tag","embeddable":true,"href":"https:\/\/adhilac.com.ar\/index.php?rest_route=%2Fwp%2Fv2%2Ftags&post=4571"}],"curies":[{"name":"wp","href":"https:\/\/api.w.org\/{rel}","templated":true}]}}