{"id":4650,"date":"2011-08-25T15:40:23","date_gmt":"2011-08-25T18:40:23","guid":{"rendered":"https:\/\/adhilac.com.ar\/?p=4650"},"modified":"2012-12-22T14:54:53","modified_gmt":"2012-12-22T17:54:53","slug":"x-congreso-internacional-de-la-adhilac-santo-domingo-video","status":"publish","type":"post","link":"https:\/\/adhilac.com.ar\/?p=4650","title":{"rendered":"X Congreso Internacional de la ADHILAC. Santo Domingo. VIDEO"},"content":{"rendered":"<h3><span style=\"color: #339966;\">VIDEO DEL X Congreso Internacional de la ADHILAC celebrado en Santo Domingo<\/span><\/h3>\n<p><em>Las revoluciones en la historia de Am\u00e9rica Latina y el Caribe en el siglo XX<\/em><\/p>\n<p style=\"text-align: justify;\">La Fundaci\u00f3n Global \u00a0Democraci<a href=\"https:\/\/adhilac.com.ar\/wp-content\/uploads\/2011\/06\/Inauguracion-congreso-historiadores-Le-Fer.jpg\"><img loading=\"lazy\" decoding=\"async\" class=\"alignleft\" title=\"Inauguracion congreso historiadores -Le-Fer\" src=\"https:\/\/adhilac.com.ar\/wp-content\/uploads\/2011\/06\/Inauguracion-congreso-historiadores-Le-Fer.jpg\" alt=\"\" width=\"425\" height=\"233\" \/><\/a>a y Desarrollo \u00a0(FUNGLODE), con el co-auspicio de la Academia Dominicana de la Historia, la C\u00e1tedra Juan Bosch de la Universidad de La Habana, la Universidad Aut\u00f3noma de Santo Domingo (UASD), el Archivo General de la Naci\u00f3n y la Biblioteca Nacional, \u00a0ha organizado \u00a0el X Encuentro Internacional de la Asociaci\u00f3n de Historiadores Latinoamericanos y del Caribe.<\/p>\n<p style=\"text-align: justify;\">El evento se desarrollo entre el \u00a014 y el 17 de junio del 2011 en Santo Domingo, \u00a0Rep\u00fablica\u00a0Dominicana.<\/p>\n<p style=\"text-align: justify;\"><!--more--><strong>Inauguraci\u00f3n X Congreso Internacional de la ADHILAC celebrado en Santo Domingo<\/strong><\/p>\n<p style=\"text-align: justify;\">14 de junio de 2011<\/p>\n<p style=\"text-align: justify;\">Contenido del video<\/p>\n<p style=\"padding-left: 30px; text-align: justify;\"><em>Marco Herrera<\/em>,<em> Director Ejecutivo de FUNGLODE:<\/em><\/p>\n<p style=\"padding-left: 60px; text-align: justify;\"><em> <\/em>Palabras de Bienvenida<\/p>\n<p style=\"padding-left: 30px; text-align: justify;\"><em>Sergio Guerra Vilaboy, Presidente de ADHILAC Internacional. Universidad de La Habana Cuba<\/em>.<\/p>\n<p style=\"padding-left: 60px; text-align: justify;\">Discurso Inaugural\u00a0<a title=\"(Leer)\" href=\" https:\/\/adhilac.com.ar\/?p=4099\">(Leer)<\/a><\/p>\n<p style=\"padding-left: 30px; text-align: justify;\"><em>Minou Tav\u00e1rez Mirabal, Diputada del Congreso Nacional<\/em>.<\/p>\n<p style=\"padding-left: 60px; text-align: justify;\">Palabras de Bienvenida<\/p>\n<p style=\"padding-left: 30px; text-align: justify;\"><em>Franklin Knight, Universidad John Hopkins USA<\/em>.<\/p>\n<p style=\"padding-left: 30px; text-align: justify;\">Conferencia magistral: \u00abLas Revoluciones de Am\u00e9rica Latina y el Caribe: M\u00e9xico, Bolivia y Cuba\u00bb<\/p>\n<p style=\"padding-left: 30px; text-align: justify;\"><em>Sergio Guerra Vilaboy y Jorge El\u00edas Caro<\/em><\/p>\n<p style=\"padding-left: 60px; text-align: justify;\"><em> <\/em>Entrega de distinci\u00f3n al Dr. Franklin Knight como Miembro de Honor de ADHILAC<\/p>\n<p style=\"padding-left: 30px; text-align: justify;\"><em>Leonel Fern\u00e1ndez Reina. Presidente de la Rep\u00fablica Dominicana<\/em><\/p>\n<p style=\"padding-left: 60px; text-align: justify;\"><em> <\/em>Discurso de cierre<\/p>\n<p style=\"text-align: justify;\"><strong>Programa<\/strong> <a title=\"(Leer)\" href=\"https:\/\/adhilac.com.ar\/?p=3921\">(Leer)<\/a><\/p>\n<p style=\"text-align: justify;\"><strong>REPRODUZCA EL VIDEO COMPLETO<\/strong><\/p>\n<p style=\"text-align: justify;\"><a href=\"http:\/\/video.funglode.net.do\/videos\/2011\/EVEX201106142000.m4v\">http:\/\/video.funglode.net.do\/videos\/2011\/EVEX201106142000.m4v<\/a><\/p>\n<p style=\"text-align: justify;\"><span style=\"font-size: x-small;\"> <\/span><\/p>\n<p style=\"text-align: justify;\"><strong>Publicado por ADHILAC Internacional \u00a9 www.adhilac.com.ar<\/strong><\/p>\n<p style=\"text-align: justify;\">Si Ud. desea asociarse de acuerdo a los Estatutos de ADHILAC\u00a0<a title=\"(ver)\" href=\"https:\/\/adhilac.com.ar\/?page_id=263\">(ver)<\/a> complete el siguiente formulario\u00a0<a title=\"(ver)\" href=\"https:\/\/adhilac.com.ar\/?page_id=3194\">(ver)<\/a><\/p>\n<p style=\"text-align: justify;\">E-mail: info@adhilac.com.ar<strong> <\/strong><\/p>\n<p style=\"text-align: justify;\">Twitter: @AdhilacInfo<\/p>\n","protected":false},"excerpt":{"rendered":"<p>VIDEO DEL X Congreso Internacional de la ADHILAC celebrado en Santo Domingo Las revoluciones en la historia de Am\u00e9rica Latina y el Caribe en el siglo XX La Fundaci\u00f3n Global \u00a0Democracia y Desarrollo \u00a0(FUNGLODE), con el co-auspicio de la Academia Dominicana de la Historia, la C\u00e1tedra Juan Bosch de la Universidad de La Habana, la [&hellip;]<\/p>\n","protected":false},"author":2,"featured_media":0,"comment_status":"closed","ping_status":"closed","sticky":false,"template":"","format":"standard","meta":{"_crdt_document":"","footnotes":""},"categories":[3,5,202],"tags":[13,82,138],"class_list":["post-4650","post","type-post","status-publish","format-standard","hentry","category-adhilac-inter","category-congresos","category-imagenes-audio-video","tag-america-latina","tag-movimientos-sociales","tag-revoluciones"],"_links":{"self":[{"href":"https:\/\/adhilac.com.ar\/index.php?rest_route=\/wp\/v2\/posts\/4650","targetHints":{"allow":["GET"]}}],"collection":[{"href":"https:\/\/adhilac.com.ar\/index.php?rest_route=\/wp\/v2\/posts"}],"about":[{"href":"https:\/\/adhilac.com.ar\/index.php?rest_route=\/wp\/v2\/types\/post"}],"author":[{"embeddable":true,"href":"https:\/\/adhilac.com.ar\/index.php?rest_route=\/wp\/v2\/users\/2"}],"replies":[{"embeddable":true,"href":"https:\/\/adhilac.com.ar\/index.php?rest_route=%2Fwp%2Fv2%2Fcomments&post=4650"}],"version-history":[{"count":14,"href":"https:\/\/adhilac.com.ar\/index.php?rest_route=\/wp\/v2\/posts\/4650\/revisions"}],"predecessor-version":[{"id":7544,"href":"https:\/\/adhilac.com.ar\/index.php?rest_route=\/wp\/v2\/posts\/4650\/revisions\/7544"}],"wp:attachment":[{"href":"https:\/\/adhilac.com.ar\/index.php?rest_route=%2Fwp%2Fv2%2Fmedia&parent=4650"}],"wp:term":[{"taxonomy":"category","embeddable":true,"href":"https:\/\/adhilac.com.ar\/index.php?rest_route=%2Fwp%2Fv2%2Fcategories&post=4650"},{"taxonomy":"post_tag","embeddable":true,"href":"https:\/\/adhilac.com.ar\/index.php?rest_route=%2Fwp%2Fv2%2Ftags&post=4650"}],"curies":[{"name":"wp","href":"https:\/\/api.w.org\/{rel}","templated":true}]}}