{"id":4675,"date":"2011-08-31T10:21:00","date_gmt":"2011-08-31T13:21:00","guid":{"rendered":"https:\/\/adhilac.com.ar\/?p=4675"},"modified":"2012-07-12T15:41:04","modified_gmt":"2012-07-12T18:41:04","slug":"pensar-historicamente-presentacion-del-numero-1","status":"publish","type":"post","link":"https:\/\/adhilac.com.ar\/?p=4675","title":{"rendered":"Pensar Hist\u00f3ricamente. Presentaci\u00f3n del n\u00famero 1"},"content":{"rendered":"<h3><span style=\"color: #339966;\"><strong>Presentaci\u00f3n<\/strong><\/span><\/h3>\n<div><a href=\"https:\/\/adhilac.com.ar\/wp-content\/uploads\/2011\/08\/Pensar-historicamente-nro-1.jpg\"><img loading=\"lazy\" decoding=\"async\" class=\"alignleft size-full wp-image-4676\" title=\"Pensar historicamente nro 1\" src=\"https:\/\/adhilac.com.ar\/wp-content\/uploads\/2011\/08\/Pensar-historicamente-nro-1.jpg\" alt=\"\" width=\"246\" height=\"347\" srcset=\"https:\/\/adhilac.com.ar\/wp-content\/uploads\/2011\/08\/Pensar-historicamente-nro-1.jpg 439w, https:\/\/adhilac.com.ar\/wp-content\/uploads\/2011\/08\/Pensar-historicamente-nro-1-212x300.jpg 212w\" sizes=\"auto, (max-width: 246px) 100vw, 246px\" \/><\/a><\/div>\n<div><em>El m\u00e9todo de la Historia <\/em>Entrevista a Claudio Spigel<\/div>\n<div><span style=\"color: #ffffff;\"><br \/>\n<\/span><\/div>\n<div style=\"text-align: justify;\"><em>Rosas: el kirchnerismo y la historia. <\/em>Ana Laura Sof\u00eda<\/div>\n<div style=\"text-align: justify;\"><span style=\"color: #ffffff;\"><br \/>\n<\/span><\/div>\n<div style=\"text-align: justify;\"><em>Escaleras y ascensores, evoluci\u00f3n del salario en los \u00faltimos a\u00f1os. <\/em>Diego Fern\u00e1ndez<\/div>\n<div style=\"text-align: justify;\"><em><span style=\"color: #ffffff;\"><br \/>\n<\/span><\/em><\/div>\n<div style=\"text-align: justify;\"><em>Debates en torno a la construcci\u00f3n del socialismo. <\/em>Brenda Rupar<\/div>\n<div style=\"text-align: justify;\"><span style=\"color: #ffffff;\"><br \/>\n<\/span><\/div>\n<div style=\"text-align: justify;\"><em>Cinco dificultades para decir la verdad. <\/em>Bertolt Brecht<\/div>\n<div style=\"text-align: justify;\"><span style=\"color: #ffffff;\"><br \/>\n<\/span><\/div>\n<div style=\"text-align: justify;\"><em>La crisis ideol\u00f3gica seg\u00fan Hobsbawm. <\/em>Pablo Jaitte<\/div>\n<div style=\"text-align: justify;\"><!--more--><\/div>\n<div><strong>Publicado por ADHILAC Internacional \u00a9 www.adhilac.com.ar<\/strong><\/div>\n<p>Si Ud. desea asociarse de acuerdo a los Estatutos de ADHILAC\u00a0<a title=\"(ver)\" href=\"https:\/\/adhilac.com.ar\/?page_id=263\">(ver)<\/a> complete el siguiente formulario\u00a0<a title=\"(ver)\" href=\"https:\/\/adhilac.com.ar\/?page_id=3194\">(ver)<\/a><\/p>\n<p>E-mail: info@adhilac.com.ar<strong> <\/strong><\/p>\n<p>Twitter: @AdhilacInfo<\/p>\n","protected":false},"excerpt":{"rendered":"<p>Presentaci\u00f3n El m\u00e9todo de la Historia Entrevista a Claudio Spigel Rosas: el kirchnerismo y la historia. Ana Laura Sof\u00eda Escaleras y ascensores, evoluci\u00f3n del salario en los \u00faltimos a\u00f1os. Diego Fern\u00e1ndez Debates en torno a la construcci\u00f3n del socialismo. Brenda Rupar Cinco dificultades para decir la verdad. Bertolt Brecht La crisis ideol\u00f3gica seg\u00fan Hobsbawm. Pablo [&hellip;]<\/p>\n","protected":false},"author":2,"featured_media":0,"comment_status":"closed","ping_status":"closed","sticky":false,"template":"","format":"standard","meta":{"_crdt_document":"","footnotes":""},"categories":[40,7],"tags":[871,134],"class_list":["post-4675","post","type-post","status-publish","format-standard","hentry","category-informaciones","category-publicac-info","tag-historia","tag-historiografia"],"_links":{"self":[{"href":"https:\/\/adhilac.com.ar\/index.php?rest_route=\/wp\/v2\/posts\/4675","targetHints":{"allow":["GET"]}}],"collection":[{"href":"https:\/\/adhilac.com.ar\/index.php?rest_route=\/wp\/v2\/posts"}],"about":[{"href":"https:\/\/adhilac.com.ar\/index.php?rest_route=\/wp\/v2\/types\/post"}],"author":[{"embeddable":true,"href":"https:\/\/adhilac.com.ar\/index.php?rest_route=\/wp\/v2\/users\/2"}],"replies":[{"embeddable":true,"href":"https:\/\/adhilac.com.ar\/index.php?rest_route=%2Fwp%2Fv2%2Fcomments&post=4675"}],"version-history":[{"count":9,"href":"https:\/\/adhilac.com.ar\/index.php?rest_route=\/wp\/v2\/posts\/4675\/revisions"}],"predecessor-version":[{"id":4683,"href":"https:\/\/adhilac.com.ar\/index.php?rest_route=\/wp\/v2\/posts\/4675\/revisions\/4683"}],"wp:attachment":[{"href":"https:\/\/adhilac.com.ar\/index.php?rest_route=%2Fwp%2Fv2%2Fmedia&parent=4675"}],"wp:term":[{"taxonomy":"category","embeddable":true,"href":"https:\/\/adhilac.com.ar\/index.php?rest_route=%2Fwp%2Fv2%2Fcategories&post=4675"},{"taxonomy":"post_tag","embeddable":true,"href":"https:\/\/adhilac.com.ar\/index.php?rest_route=%2Fwp%2Fv2%2Ftags&post=4675"}],"curies":[{"name":"wp","href":"https:\/\/api.w.org\/{rel}","templated":true}]}}