{"id":4910,"date":"2011-10-03T13:44:20","date_gmt":"2011-10-03T16:44:20","guid":{"rendered":"https:\/\/adhilac.com.ar\/?p=4910"},"modified":"2012-11-14T14:14:09","modified_gmt":"2012-11-14T17:14:09","slug":"informe-sobre-las-2das-jornadas-del-depto-de-historia-del-ccc-y-adhilac-argentina-27-y-28-de-septiembre-de-2011","status":"publish","type":"post","link":"https:\/\/adhilac.com.ar\/?p=4910","title":{"rendered":"Informe sobre las 2das Jornadas del Depto de Historia del CCC y ADHILAC Argentina. 27 y 28 de septiembre de 2011"},"content":{"rendered":"<h3><span style=\"color: #339966;\"><strong>Guerra de Emancipaci\u00f3n en Nuestra Am\u00e9rica. Doscientos a\u00f1os de luchas, utop\u00edas y contramarchas<\/strong><\/span><\/h3>\n<p><span style=\"color: #800000;\"><strong><a href=\"https:\/\/adhilac.com.ar\/wp-content\/uploads\/2011\/10\/1jornada06-2.jpg\"><img loading=\"lazy\" decoding=\"async\" class=\"alignnone size-large wp-image-4920\" title=\"1jornada06-2\" src=\"https:\/\/adhilac.com.ar\/wp-content\/uploads\/2011\/10\/1jornada06-2-1024x562.jpg\" alt=\"\" width=\"600\" height=\"329\" srcset=\"https:\/\/adhilac.com.ar\/wp-content\/uploads\/2011\/10\/1jornada06-2-1024x562.jpg 1024w, https:\/\/adhilac.com.ar\/wp-content\/uploads\/2011\/10\/1jornada06-2-300x164.jpg 300w, https:\/\/adhilac.com.ar\/wp-content\/uploads\/2011\/10\/1jornada06-2.jpg 1417w\" sizes=\"auto, (max-width: 600px) 100vw, 600px\" \/><\/a><br \/>\n<\/strong><\/span><\/p>\n<p><em>De izquierda a derecha: Juan Paz y Mi\u00f1o,\u00a0Jorge N\u00fa\u00f1ez S\u00e1nchez,\u00a0Gral. Carlos Eduardo Mart\u00ednez Mendoza,\u00a0Carmen Bohorquez Mor\u00e1n, Carolina Crisorio, Alejandro Pisnoy y\u00a0Valeria Mutuberria.<\/em><\/p>\n<p><strong>Tiempo para debatir<\/strong><\/p>\n<p style=\"text-align: justify;\">Las Segundas Jornadas del Departamento de Historia del Centro Cultural de la\u00a0Cooperaci\u00f3n\u00a0Floreal Gorini y de la\u00a0Asociaci\u00f3n\u00a0de Historiadores Latinoamericanos y del Caribe (ADHILAC Argentina) <em>ENCUENTRO DE HISTORIADORES EN CONMEMORACION DEL BICENTENARIO DE LA INDEPENDENCIA DE VENEZUELA<\/em> convocaron a varias decenas de historiadores latinoamericanistas de la Argentina.<\/p>\n<p style=\"text-align: justify;\"><!--more--><\/p>\n<p style=\"text-align: justify;\">Entre los invitados especiales se contaron<\/p>\n<p style=\"text-align: justify;\">&#8211; Carmen Bohorquez Mor\u00e1n Comisi\u00f3n Presidencial para la Conmemoraci\u00f3n del Bicentenario del inicio del proceso de Independencia (Venezuela)<\/p>\n<p style=\"text-align: justify;\">&#8211; Juan Paz y Mi\u00f1o PUCE. Cronista de la Ciudad de Quito.\u00a0Vicepresidente \u00a0ADHILAC Internacional (Ecuador).<\/p>\n<p style=\"text-align: justify;\">&#8211; Jorge N\u00fa\u00f1ez S\u00e1nchez, Academia Nacional de la Historia, Premio Nacional Eugenio Espejo (Ecuador).<\/p>\n<p style=\"text-align: justify;\">&nbsp;<\/p>\n<p style=\"text-align: justify;\">Estos destacados investigadores participaron junto al\u00a0Sr Embajador de Venezuela Gral. Carlos Eduardo Mart\u00ednez Mendoza, Carolina Crisorio de la Universidad de Buenos Aires, Vicepresidente de ADHILAC Internacional, Juan Carlos Junio, Director del Centro Cultural de la Cooperaci\u00f3n \u201cFloreal Gorini\u201d,\u00a0Alejandro Pisnoy del CCC de dos mesas redondas con una nutrida concurrencia.<\/p>\n<p style=\"text-align: justify;\">Los debates fueron por momentos muy apasionados analizando aspectos\u00a0hist\u00f3ricos\u00a0de la lucha por la\u00a0emancipaci\u00f3n\u00a0pol\u00edtica, \u00a0los actores sociales que participaron activamente de la independencia, en particular las clases populares muchas veces silenciadas desde la historiograf\u00eda oficial. Ademas de los trabajos sobre las luchas emancipatorias desde\u00a0Hait\u00ed\u00a0al\u00a0r\u00edo\u00a0de la Plata y Paraguay,\u00a0tambi\u00e9n\u00a0se incluyeron\u00a0an\u00e1lisis\u00a0 sobre la\u00a0educaci\u00f3n\u00a0a fines del siglo XVIII y las primeras\u00a0d\u00e9cadas\u00a0del siglo XIX. Se analiz\u00f3 la\u00a0constituci\u00f3n\u00a0de las\u00a0rep\u00fablicas, la paulatina\u00a0participaci\u00f3n\u00a0popular, el aporte de los intelectuales, las nuevas formas de dependencia\u00a0econ\u00f3mica,\u00a0pol\u00edtica\u00a0y cultural, etc.<\/p>\n<p style=\"text-align: justify;\">&nbsp;<\/p>\n<p style=\"text-align: justify;\">El Dr. Juan Pan Paz y Mi\u00f1o presento su libro \u00abInsubordinaci\u00f3n o golpe de Estado: la trama del 30-S\u00bb y un documental sobre el intento de golpe de Estado contra el presidente Rafael Correa que se dio hace un a\u00f1o, en el 2010, a partir de una\u00a0rebeli\u00f3n\u00a0policial.<\/p>\n<p style=\"text-align: justify;\"><strong>Otros medios de difusion<\/strong><\/p>\n<p style=\"text-align: justify;\"><strong>Diario <em>Tiempo Argentino<\/em>:<\/strong><br \/>\nPublicado el Domingo 2 de Octubre de 2011<br \/>\nEntrevista a Juan Paz y Mi\u00f1o<a title=\"(Ver)\" href=\"https:\/\/adhilac.com.ar\/?p=4914\"> (Ver)<\/a><\/p>\n<p style=\"text-align: justify;\"><strong>Diario P\u00e1gina 12:<\/strong><\/p>\n<p style=\"text-align: justify;\">Publicado el<em> <\/em>Viernes 30 de Septiembre de 2011<br \/>\nEntrevista a Jorge N\u00fa\u00f1ez S\u00e1nchez y Jenny Londo\u00f1o L\u00f3pez <a title=\"(Ver)\" href=\"http:\/\/www.pagina12.com.ar\/diario\/elmundo\/4-177882-2011-09-30.html\">(Ver)<\/a><\/p>\n<p style=\"text-align: justify;\"><strong>Sitio V\u00edaforo l Instituto Joaquin V. Gonz\u00e1lez <\/strong><a title=\"(Ver)\" href=\"http:\/\/viaforo.com\/foros\/historia-jvg\/6556-una-invitacion-a-unas-jornadas-interesantes.html\">(Ver)<\/a><\/p>\n<p style=\"text-align: justify;\"><strong>Sitio Arqueotur<\/strong> <a title=\"(Ver)\" href=\"http:\/\/www.arqueotur.org\/eventos\/segundas-jornadas-del-departamento-de-historia-ccc-y-adhilac-argentina.html\">(Ver)<\/a><\/p>\n<p style=\"text-align: justify;\"><strong>Sitio CECIES<\/strong> <a title=\"(Ver)\" href=\"http:\/\/www.cecies.org\/encuentros.asp\">(Ver)<\/a><\/p>\n<p style=\"text-align: justify;\"><strong>Sitio CCC &#8211; Centro Cultural de la\u00a0Cooperaci\u00f3n\u00a0Floreal Gorini <a title=\"(Ver)\" href=\"http:\/\/www.centrocultural.coop\/blogs\/nuestramericanos\/2011\/10\/05\/segundas-jornadas-del-departamento-de-historia-ccc-y-adhilac-3\/\"> <\/a><\/strong><a title=\"(Ver)\" href=\"http:\/\/www.centrocultural.coop\/blogs\/nuestramericanos\/2011\/10\/05\/segundas-jornadas-del-departamento-de-historia-ccc-y-adhilac-3\/\">(Ver)<\/a><\/p>\n<p style=\"text-align: justify;\"><strong>Publicado por ADHILAC Internacional \u00a9 www.adhilac.com.ar<\/strong><\/p>\n<p style=\"text-align: justify;\">Si Ud. desea asociarse de acuerdo a los Estatutos de ADHILAC\u00a0<a title=\"(ver)\" href=\"https:\/\/adhilac.com.ar\/?page_id=263\">(ver)<\/a> complete el siguiente formulario\u00a0<a title=\"(ver)\" href=\"https:\/\/adhilac.com.ar\/?page_id=3194\">(ver)<\/a><\/p>\n<p style=\"text-align: justify;\">E-mail: info@adhilac.com.ar<strong> <\/strong><\/p>\n<p style=\"text-align: justify;\">Twitter: @AdhilacInfo<\/p>\n","protected":false},"excerpt":{"rendered":"<p>Guerra de Emancipaci\u00f3n en Nuestra Am\u00e9rica. Doscientos a\u00f1os de luchas, utop\u00edas y contramarchas De izquierda a derecha: Juan Paz y Mi\u00f1o,\u00a0Jorge N\u00fa\u00f1ez S\u00e1nchez,\u00a0Gral. Carlos Eduardo Mart\u00ednez Mendoza,\u00a0Carmen Bohorquez Mor\u00e1n, Carolina Crisorio, Alejandro Pisnoy y\u00a0Valeria Mutuberria. Tiempo para debatir Las Segundas Jornadas del Departamento de Historia del Centro Cultural de la\u00a0Cooperaci\u00f3n\u00a0Floreal Gorini y de la\u00a0Asociaci\u00f3n\u00a0de Historiadores [&hellip;]<\/p>\n","protected":false},"author":37,"featured_media":0,"comment_status":"closed","ping_status":"closed","sticky":false,"template":"","format":"standard","meta":{"_crdt_document":"","footnotes":""},"categories":[10,3,5,40],"tags":[67,14,23],"class_list":["post-4910","post","type-post","status-publish","format-standard","hentry","category-adhil-arg","category-adhilac-inter","category-congresos","category-informaciones","tag-argentina","tag-bicentenario","tag-venezuela"],"_links":{"self":[{"href":"https:\/\/adhilac.com.ar\/index.php?rest_route=\/wp\/v2\/posts\/4910","targetHints":{"allow":["GET"]}}],"collection":[{"href":"https:\/\/adhilac.com.ar\/index.php?rest_route=\/wp\/v2\/posts"}],"about":[{"href":"https:\/\/adhilac.com.ar\/index.php?rest_route=\/wp\/v2\/types\/post"}],"author":[{"embeddable":true,"href":"https:\/\/adhilac.com.ar\/index.php?rest_route=\/wp\/v2\/users\/37"}],"replies":[{"embeddable":true,"href":"https:\/\/adhilac.com.ar\/index.php?rest_route=%2Fwp%2Fv2%2Fcomments&post=4910"}],"version-history":[{"count":10,"href":"https:\/\/adhilac.com.ar\/index.php?rest_route=\/wp\/v2\/posts\/4910\/revisions"}],"predecessor-version":[{"id":7331,"href":"https:\/\/adhilac.com.ar\/index.php?rest_route=\/wp\/v2\/posts\/4910\/revisions\/7331"}],"wp:attachment":[{"href":"https:\/\/adhilac.com.ar\/index.php?rest_route=%2Fwp%2Fv2%2Fmedia&parent=4910"}],"wp:term":[{"taxonomy":"category","embeddable":true,"href":"https:\/\/adhilac.com.ar\/index.php?rest_route=%2Fwp%2Fv2%2Fcategories&post=4910"},{"taxonomy":"post_tag","embeddable":true,"href":"https:\/\/adhilac.com.ar\/index.php?rest_route=%2Fwp%2Fv2%2Ftags&post=4910"}],"curies":[{"name":"wp","href":"https:\/\/api.w.org\/{rel}","templated":true}]}}