{"id":4914,"date":"2011-10-02T12:49:17","date_gmt":"2011-10-02T15:49:17","guid":{"rendered":"https:\/\/adhilac.com.ar\/?p=4914"},"modified":"2012-07-12T14:44:18","modified_gmt":"2012-07-12T17:44:18","slug":"el-30s-un-ano-despues-juan-paz-y-mino-lo-recuerda-en-buenos-aires-30-de-septiembre-de-2011","status":"publish","type":"post","link":"https:\/\/adhilac.com.ar\/?p=4914","title":{"rendered":"El 30S un a\u00f1o despu\u00e9s. Juan Paz y Mi\u00f1o lo recuerda en Buenos Aires. 30 de septiembre de 2011"},"content":{"rendered":"<h3><span style=\"color: #339966;\">El d\u00eda que Am\u00e9rica Latina se jug\u00f3 por Ecuador y la democracia regional<\/span><\/h3>\n<p><a href=\"https:\/\/adhilac.com.ar\/wp-content\/uploads\/2011\/10\/munpaz.jpg\"><img loading=\"lazy\" decoding=\"async\" class=\"size-full wp-image-4915 alignleft\" title=\"munpaz\" src=\"https:\/\/adhilac.com.ar\/wp-content\/uploads\/2011\/10\/munpaz.jpg\" alt=\"\" width=\"210\" height=\"308\" srcset=\"https:\/\/adhilac.com.ar\/wp-content\/uploads\/2011\/10\/munpaz.jpg 300w, https:\/\/adhilac.com.ar\/wp-content\/uploads\/2011\/10\/munpaz-204x300.jpg 204w\" sizes=\"auto, (max-width: 210px) 100vw, 210px\" \/><\/a><\/p>\n<p style=\"text-align: justify;\"><em>Tiempo Argentino <\/em>2 de Octubre de 2011<\/p>\n<p style=\"text-align: justify;\">Por <a href=\"http:\/\/tiempo.elargentino.com\/autores\/javier-borelli\">Javier Borelli<\/a><br \/>\nEl acad\u00e9mico present\u00f3 un libro sobre lo que ocurri\u00f3 aquel d\u00eda en que el presidente Correa fue secuestrado por un grupo de polic\u00edas y corri\u00f3 riesgo la estabilidad de todo el subcontinente. Los medios y el rol clave de la Unasur.<\/p>\n<p style=\"text-align: justify;\">Las im\u00e1genes de aquel d\u00eda quedar\u00e1n grabadas en la memoria colectiva latinoamericana: Rafael Correa afloj\u00e1ndose de un tir\u00f3n el nudo de su corbata y alzando la voz desde un balc\u00f3n: \u201cSi quieren matar al presidente, aqu\u00ed est\u00e1. M\u00e1tenlo si les da la gana, m\u00e1tenlo si tienen valor.\u201d Debajo, un grupo de polic\u00edas del Regimiento N\u00ba 1 de Quito se declaraba en rebeld\u00eda y sentaba las bases para un nuevo intento de golpe de Estado en Ecuador.<\/p>\n<p style=\"text-align: justify;\">\u201cSi la intentona triunfaba, se pon\u00eda en riesgo la estabilidad de cualquier otro gobierno en Am\u00e9rica Latina\u201d, asegura a un a\u00f1o de aquel hecho Juan Paz y Mi\u00f1o, historiador ecuatoriano y autor de Insubordinaci\u00f3n o golpe de Estado: la trama del 30-S, donde repasa los acontecimientos de un d\u00eda que comenz\u00f3 con una protesta policial y termin\u00f3 poniendo a prueba el gobierno de Correa, su apoyo popular y las alianzas pol\u00edticas de toda la regi\u00f3n.<\/p>\n<p style=\"text-align: justify;\"><!--more--><\/p>\n<p style=\"text-align: justify;\">Paz y Mi\u00f1o, quien vino a la Argentina para las II Jornadas de Historia organizadas por el Centro Cultural de la Cooperaci\u00f3n y la Asociaci\u00f3n de Historiadores latinoamericanos y del Caribe (ADHILAC), explica que \u201cel gobierno de Correa ha cuestionado el poder hist\u00f3rico de los que manejaron el Estado. Los partidos tradicionales quedaron en repliegue y eso form\u00f3 una oposici\u00f3n desarticulada aunque visceral, sentimental, que reacciona de forma irracional frente al gobierno, tratando de impedir que avance su proceso. Aprovechando una insurrecci\u00f3n de polic\u00edas, muchos de esos sectores encontraron la oportunidad para articular un de golpe de Estado\u201d, resume el vicepresidente de ADHILAC.<\/p>\n<p style=\"text-align: justify;\">Para el historiador, el 30-S debe ser considerado un d\u00eda-proceso: \u201cA las 7 AM, cuando empieza la sublevaci\u00f3n policial, no est\u00e1 la conspiraci\u00f3n totalmente en juego, pero s\u00ed al mediod\u00eda, y a la noche es evidente. A las 7 el presidente ni siquiera ha ido al regimiento. Su llegada define la situaci\u00f3n, porque concentra toda la atenci\u00f3n all\u00ed y en lo que vive, secuestrado en un hospital.\u201d Porque adem\u00e1s, resalta, se impide la entrada de congresistas en el palacio legislativo, se paraliza el transporte, cierra el sistema educativo y se comienzan a registrar asaltos y saqueos.<\/p>\n<p style=\"text-align: justify;\"><em>En ese marco, y habiendo sectores de poder que hacen fuerza por destituir al presidente, \u00bfpor qu\u00e9 no cae Correa?<\/em><\/p>\n<p style=\"text-align: justify;\">\u201cQuienes ansiaban el golpe recordaban el fin de tres presidentes anteriores: Abdal\u00e1 Bucaram en 1997, Yamil Mahuad en 2000 y Lucio Guti\u00e9rrez en 2005, derrocados por movilizaciones. No entendieron que el clima hab\u00eda cambiado y la movilizaci\u00f3n fue a favor de Correa y de la democracia. Les sali\u00f3 todo al rev\u00e9s. Por eso, al final del d\u00eda, la \u00fanica oportunidad que les queda a los polic\u00edas insubordinados es matar al presidente. Hay grabaciones en que se escucha que llaman a matarlo. Hay informes de inteligencia de las Fuerzas Armadas que advierten del peligro y de los francotiradores.\u201d<\/p>\n<p style=\"text-align: justify;\">La liberaci\u00f3n de Correa, seguida en vivo por televisi\u00f3n, sigue siendo objeto de pol\u00e9mica y el presidente gan\u00f3 un juicio por difamaci\u00f3n al diario El Universo por haber afirmado que orden\u00f3 \u201cfuego a discreci\u00f3n\u201d contra el hospital. La discusi\u00f3n por el rol de los medios obliga a preguntar por el cap\u00edtulo local, tema que el acad\u00e9mico tambi\u00e9n conoce por su trabajo como editorialista del diario estatal El tel\u00e9grafo y colaborador de El Comercio.<\/p>\n<p style=\"text-align: justify;\">\u201cLos medios privados siempre han sido un factor pol\u00edtico, y con el ascenso de Correa y la falta de partidos tradicionales org\u00e1nicos que enfrenten semejante avalancha, se convirtieron en instrumentos de la oposici\u00f3n. El 30-S evidenci\u00f3 el alineamiento de los medios privados, que no salieron en defensa de la democracia. Trataron de demostrar que no hubo intento de golpe de Estado, ni secuestro, ni intento por matar al presidente.\u201d<\/p>\n<p style=\"text-align: justify;\">La trascendencia de aquel d\u00eda no se limit\u00f3 a lo que pasaba en Ecuador. Porque los presidentes de la Unasur, fueron convocados de urgencia por el entonces secretario del organismo, N\u00e9stor Kirchner, para dar una se\u00f1al de respaldo a Correa y se\u00f1alar que no iban a tolerar un r\u00e9gimen de facto en ning\u00fan pa\u00eds del continente. Paz y Mi\u00f1o comparte la valoraci\u00f3n del hecho y remarca que toda Am\u00e9rica Latina salv\u00f3 su democracia ese d\u00eda. \u201cSi el golpe en Ecuador triunfaba, podr\u00edamos haber entrado en un ciclo donde los golpes de Estado se vuelven sutiles. Aprovechan una insubordinaci\u00f3n o un movimiento escasamente popular para dar aviso de que hay una reacci\u00f3n nacional contra un gobierno.\u201d Sin embargo, el pueblo ecuatoriano resisti\u00f3 a los cantos de sirena. Sus socios en la UNASUR tambi\u00e9n. El 30-S escribi\u00f3 entonces una nueva p\u00e1gina en la historia que Paz y Mi\u00f1o sintetiza: \u201cAm\u00e9rica Latina comenz\u00f3 a cuidarse a s\u00ed misma.\u201d<\/p>\n<p style=\"text-align: justify;\"><a href=\"http:\/\/tiempo.elargentino.com\/notas\/dia-que-america-latina-se-jugo-ecuador-y-democracia-regional\">http:\/\/tiempo.elargentino.com\/notas\/dia-que-america-latina-se-jugo-ecuador-y-democracia-regional<\/a><\/p>\n<p style=\"text-align: justify;\"><strong>Publicado por ADHILAC Internacional \u00a9 www.adhilac.com.ar<\/strong><\/p>\n<p style=\"text-align: justify;\">Si Ud. desea asociarse de acuerdo a los Estatutos de ADHILAC\u00a0<a title=\"(ver)\" href=\"https:\/\/adhilac.com.ar\/?page_id=263\">(ver)<\/a> complete el siguiente formulario\u00a0<a title=\"(ver)\" href=\"https:\/\/adhilac.com.ar\/?page_id=3194\">(ver)<\/a><\/p>\n<p style=\"text-align: justify;\">E-mail: info@adhilac.com.ar<strong> <\/strong><\/p>\n<p style=\"text-align: justify;\">Twitter: @AdhilacInfo<\/p>\n","protected":false},"excerpt":{"rendered":"<p>El d\u00eda que Am\u00e9rica Latina se jug\u00f3 por Ecuador y la democracia regional Tiempo Argentino 2 de Octubre de 2011 Por Javier Borelli El acad\u00e9mico present\u00f3 un libro sobre lo que ocurri\u00f3 aquel d\u00eda en que el presidente Correa fue secuestrado por un grupo de polic\u00edas y corri\u00f3 riesgo la estabilidad de todo el subcontinente. [&hellip;]<\/p>\n","protected":false},"author":2,"featured_media":0,"comment_status":"closed","ping_status":"closed","sticky":false,"template":"","format":"standard","meta":{"_crdt_document":"","footnotes":""},"categories":[10,3,5,40],"tags":[67,14,23],"class_list":["post-4914","post","type-post","status-publish","format-standard","hentry","category-adhil-arg","category-adhilac-inter","category-congresos","category-informaciones","tag-argentina","tag-bicentenario","tag-venezuela"],"_links":{"self":[{"href":"https:\/\/adhilac.com.ar\/index.php?rest_route=\/wp\/v2\/posts\/4914","targetHints":{"allow":["GET"]}}],"collection":[{"href":"https:\/\/adhilac.com.ar\/index.php?rest_route=\/wp\/v2\/posts"}],"about":[{"href":"https:\/\/adhilac.com.ar\/index.php?rest_route=\/wp\/v2\/types\/post"}],"author":[{"embeddable":true,"href":"https:\/\/adhilac.com.ar\/index.php?rest_route=\/wp\/v2\/users\/2"}],"replies":[{"embeddable":true,"href":"https:\/\/adhilac.com.ar\/index.php?rest_route=%2Fwp%2Fv2%2Fcomments&post=4914"}],"version-history":[{"count":4,"href":"https:\/\/adhilac.com.ar\/index.php?rest_route=\/wp\/v2\/posts\/4914\/revisions"}],"predecessor-version":[{"id":4918,"href":"https:\/\/adhilac.com.ar\/index.php?rest_route=\/wp\/v2\/posts\/4914\/revisions\/4918"}],"wp:attachment":[{"href":"https:\/\/adhilac.com.ar\/index.php?rest_route=%2Fwp%2Fv2%2Fmedia&parent=4914"}],"wp:term":[{"taxonomy":"category","embeddable":true,"href":"https:\/\/adhilac.com.ar\/index.php?rest_route=%2Fwp%2Fv2%2Fcategories&post=4914"},{"taxonomy":"post_tag","embeddable":true,"href":"https:\/\/adhilac.com.ar\/index.php?rest_route=%2Fwp%2Fv2%2Ftags&post=4914"}],"curies":[{"name":"wp","href":"https:\/\/api.w.org\/{rel}","templated":true}]}}