{"id":4956,"date":"2011-10-03T06:18:21","date_gmt":"2011-10-03T09:18:21","guid":{"rendered":"https:\/\/adhilac.com.ar\/?p=4956"},"modified":"2012-07-12T15:07:28","modified_gmt":"2012-07-12T18:07:28","slug":"foro-de-historia-del-paraguay-analisis-y-perspectivas-200-anos-de-proceso-historico","status":"publish","type":"post","link":"https:\/\/adhilac.com.ar\/?p=4956","title":{"rendered":"Foro de Historia del Paraguay \u00abAn\u00e1lisis y Perspectivas. 200 a\u00f1os de Proceso Hist\u00f3rico\u00bb"},"content":{"rendered":"<h3><span style=\"color: #339966;\">30 de septiembre a 1ro. octubre de 2011<\/span><\/h3>\n<p style=\"text-align: justify;\">El Foro de Historia del Paraguay tiene como objetivo principal integrar a Historiadores, pesquisadores, docentes\u00a0y universitarios relacionados con la ciencia hist\u00f3rica. El desrrollo del mismo se ha previsto para los d\u00edas 30 de Septiembre y 1 de octubre de 2011.\u00a0El evento se llevara a cabo en la Escuela de Ciencias Sociales y Ciencias Pol\u00edticas de la Universidad Nacional de Asuncion.\u00a0Esperando contar con la participaci\u00f3n de estudiantes de Brasil, Argentina y de Paraguay los estudiantes de Historia UNA, Historia UNE, Historia UCA, Ciencias Sociales UNA, y Ciencias Sociales UCA.\u00a0El evento se proyectara en el marco de los 200 A\u00f1os de la Independencia de la Republica del Paraguay.<\/p>\n<p><a title=\"http:\/\/forodehistoriadelparaguay.blogspot.com\/\" href=\"http:\/\/forodehistoriadelparaguay.blogspot.com\/\">http:\/\/forodehistoriadelparaguay.blogspot.com\/<\/a><\/p>\n<p><strong>Publicado por ADHILAC Internacional \u00a9 www.adhilac.com.ar<\/strong><\/p>\n<p>Si Ud. desea asociarse de acuerdo a los Estatutos de ADHILAC\u00a0<a title=\"(ver)\" href=\"https:\/\/adhilac.com.ar\/?page_id=263\">(ver)<\/a> complete el siguiente formulario\u00a0<a title=\"(ver)\" href=\"https:\/\/adhilac.com.ar\/?page_id=3194\">(ver)<\/a><\/p>\n<p>E-mail: info@adhilac.com.ar<strong> <\/strong><\/p>\n<p>Twitter: @AdhilacInfo<\/p>\n","protected":false},"excerpt":{"rendered":"<p>30 de septiembre a 1ro. octubre de 2011 El Foro de Historia del Paraguay tiene como objetivo principal integrar a Historiadores, pesquisadores, docentes\u00a0y universitarios relacionados con la ciencia hist\u00f3rica. El desrrollo del mismo se ha previsto para los d\u00edas 30 de Septiembre y 1 de octubre de 2011.\u00a0El evento se llevara a cabo en la [&hellip;]<\/p>\n","protected":false},"author":2,"featured_media":0,"comment_status":"closed","ping_status":"closed","sticky":false,"template":"","format":"standard","meta":{"_crdt_document":"","footnotes":""},"categories":[5,40],"tags":[159],"class_list":["post-4956","post","type-post","status-publish","format-standard","hentry","category-congresos","category-informaciones","tag-paraguay"],"_links":{"self":[{"href":"https:\/\/adhilac.com.ar\/index.php?rest_route=\/wp\/v2\/posts\/4956","targetHints":{"allow":["GET"]}}],"collection":[{"href":"https:\/\/adhilac.com.ar\/index.php?rest_route=\/wp\/v2\/posts"}],"about":[{"href":"https:\/\/adhilac.com.ar\/index.php?rest_route=\/wp\/v2\/types\/post"}],"author":[{"embeddable":true,"href":"https:\/\/adhilac.com.ar\/index.php?rest_route=\/wp\/v2\/users\/2"}],"replies":[{"embeddable":true,"href":"https:\/\/adhilac.com.ar\/index.php?rest_route=%2Fwp%2Fv2%2Fcomments&post=4956"}],"version-history":[{"count":6,"href":"https:\/\/adhilac.com.ar\/index.php?rest_route=\/wp\/v2\/posts\/4956\/revisions"}],"predecessor-version":[{"id":5995,"href":"https:\/\/adhilac.com.ar\/index.php?rest_route=\/wp\/v2\/posts\/4956\/revisions\/5995"}],"wp:attachment":[{"href":"https:\/\/adhilac.com.ar\/index.php?rest_route=%2Fwp%2Fv2%2Fmedia&parent=4956"}],"wp:term":[{"taxonomy":"category","embeddable":true,"href":"https:\/\/adhilac.com.ar\/index.php?rest_route=%2Fwp%2Fv2%2Fcategories&post=4956"},{"taxonomy":"post_tag","embeddable":true,"href":"https:\/\/adhilac.com.ar\/index.php?rest_route=%2Fwp%2Fv2%2Ftags&post=4956"}],"curies":[{"name":"wp","href":"https:\/\/api.w.org\/{rel}","templated":true}]}}