{"id":5177,"date":"2011-11-09T13:16:29","date_gmt":"2011-11-09T16:16:29","guid":{"rendered":"https:\/\/adhilac.com.ar\/?p=5177"},"modified":"2012-06-27T15:12:04","modified_gmt":"2012-06-27T18:12:04","slug":"paraguay-museo-virtual-de-la-memoria-y-verdad-sobre-el-stonismo","status":"publish","type":"post","link":"https:\/\/adhilac.com.ar\/?p=5177","title":{"rendered":"Paraguay. Museo Virtual de la Memoria y Verdad sobre el periodo de Stroessner."},"content":{"rendered":"<h3><span style=\"color: #339966;\">Un paseo por los costados tenebrosos del\u00a0r\u00e9gimen\u00a0del Gral. Alfredo Stroessner<\/span><\/h3>\n<p><span style=\"color: #800000;\"><a href=\"https:\/\/adhilac.com.ar\/wp-content\/uploads\/2011\/11\/Stroessner.jpg\"><img loading=\"lazy\" decoding=\"async\" class=\"size-full wp-image-5178 alignright\" title=\"Stroessner\" src=\"https:\/\/adhilac.com.ar\/wp-content\/uploads\/2011\/11\/Stroessner.jpg\" alt=\"\" width=\"286\" height=\"190\" \/><\/a><\/span><\/p>\n<p style=\"text-align: justify;\">Bajo la\u00a0coordinaci\u00f3n\u00a0de Clara Mernes, Coord. del \u00c1rea de Comunicaci\u00f3n y con apyo de la Sociedad Civil del Centro de Informaci\u00f3n y Recursos para el Desarrollo (CIRD), el museo virtual \u00abMEVES, Memoria y Verdad sobre el Stronismo\u00bb busca promover los valores democr\u00e1ticos a trav\u00e9s de la difusi\u00f3n del\u00a0<a href=\"http:\/\/www.meves.org.py\/?node=page,66&amp;meves=blob,631,0\">Informe de la Comisi\u00f3n Verdad y Justicia<\/a>. Esta iniciativa busca difundir y recrear las conclusiones del informe de la Comisi\u00f3n Verdad y Justicia, a trav\u00e9s de una plataforma multimedia en internet que facilite el conocimiento sobre las violaciones a los derechos humanos cometidas durante 35 a\u00f1os por la dictadura stronista.<\/p>\n<p style=\"text-align: justify;\">El proyecto es cofinanciado por la Uni\u00f3n Europea y cuenta con el apoyo de la Direcci\u00f3n General de Verdad y Justicia y Reparaci\u00f3n, dependiente de la Defensor\u00eda del Pueblo.<!--more--><\/p>\n<p style=\"text-align: justify;\">El museo virtual cuenta con tres grandes \u00e1reas<\/p>\n<ol style=\"text-align: justify;\">\n<li><a href=\"http:\/\/www.meves.org.py\/?node=page,66&amp;meves=blob,613,0\">Recorridos Tem\u00e1ticos<\/a>: ilustran ese periodo tr\u00e1gico de la historia de Paraguay, luego cuenta con toda una secci\u00f3n<\/li>\n<li><a href=\"http:\/\/www.scnoticias.org\/\">Noticias<\/a>: destinada a difundir y almacenar novedades e informaciones con enfoque de derechos humanos<\/li>\n<li><a href=\"http:\/\/www.meves.org.py\/?node=page,525\">Aula Virtual<\/a>: dise\u00f1ada y adaptada a los est\u00e1ndares did\u00e1cticos de la educaci\u00f3n en Dignidad, Derechos Humanos y Democracia, esta secci\u00f3n es de utilidad exclusiva para docentes y alumnos.<\/li>\n<\/ol>\n<div id=\"contacto\" style=\"text-align: justify;\">Contacto<\/div>\n<div>\n<p style=\"text-align: justify;\">E-mail:\u00a0<a href=\"mailto:meves@cird.org.py\">meves@cird.org.py<\/a><\/p>\n<p style=\"text-align: justify;\"><strong>Publicado por ADHILAC Internacional \u00a9 www.adhilac.com.ar<\/strong><\/p>\n<p style=\"text-align: justify;\">Si Ud. desea asociarse de acuerdo a los Estatutos de ADHILAC\u00a0<a title=\"(ver)\" href=\"https:\/\/adhilac.com.ar\/?page_id=263\">(ver)<\/a> complete el siguiente formulario\u00a0<a title=\"(ver)\" href=\"https:\/\/adhilac.com.ar\/?page_id=4779\">(ver)<\/a><\/p>\n<p style=\"text-align: justify;\">E-mail: info@adhilac.com.ar<strong><\/strong><\/p>\n<p style=\"text-align: justify;\">Twitter: @AdhilacInfo<\/p>\n<\/div>\n","protected":false},"excerpt":{"rendered":"<p>Un paseo por los costados tenebrosos del\u00a0r\u00e9gimen\u00a0del Gral. Alfredo Stroessner Bajo la\u00a0coordinaci\u00f3n\u00a0de Clara Mernes, Coord. del \u00c1rea de Comunicaci\u00f3n y con apyo de la Sociedad Civil del Centro de Informaci\u00f3n y Recursos para el Desarrollo (CIRD), el museo virtual \u00abMEVES, Memoria y Verdad sobre el Stronismo\u00bb busca promover los valores democr\u00e1ticos a trav\u00e9s de la [&hellip;]<\/p>\n","protected":false},"author":2,"featured_media":0,"comment_status":"closed","ping_status":"closed","sticky":false,"template":"","format":"standard","meta":{"_crdt_document":"","footnotes":""},"categories":[8,40],"tags":[119,257,159,226],"class_list":["post-5177","post","type-post","status-publish","format-standard","hentry","category-fuentes-testimonios","category-informaciones","tag-memoria","tag-museo","tag-paraguay","tag-terrorismo-de-estado"],"_links":{"self":[{"href":"https:\/\/adhilac.com.ar\/index.php?rest_route=\/wp\/v2\/posts\/5177","targetHints":{"allow":["GET"]}}],"collection":[{"href":"https:\/\/adhilac.com.ar\/index.php?rest_route=\/wp\/v2\/posts"}],"about":[{"href":"https:\/\/adhilac.com.ar\/index.php?rest_route=\/wp\/v2\/types\/post"}],"author":[{"embeddable":true,"href":"https:\/\/adhilac.com.ar\/index.php?rest_route=\/wp\/v2\/users\/2"}],"replies":[{"embeddable":true,"href":"https:\/\/adhilac.com.ar\/index.php?rest_route=%2Fwp%2Fv2%2Fcomments&post=5177"}],"version-history":[{"count":11,"href":"https:\/\/adhilac.com.ar\/index.php?rest_route=\/wp\/v2\/posts\/5177\/revisions"}],"predecessor-version":[{"id":5860,"href":"https:\/\/adhilac.com.ar\/index.php?rest_route=\/wp\/v2\/posts\/5177\/revisions\/5860"}],"wp:attachment":[{"href":"https:\/\/adhilac.com.ar\/index.php?rest_route=%2Fwp%2Fv2%2Fmedia&parent=5177"}],"wp:term":[{"taxonomy":"category","embeddable":true,"href":"https:\/\/adhilac.com.ar\/index.php?rest_route=%2Fwp%2Fv2%2Fcategories&post=5177"},{"taxonomy":"post_tag","embeddable":true,"href":"https:\/\/adhilac.com.ar\/index.php?rest_route=%2Fwp%2Fv2%2Ftags&post=5177"}],"curies":[{"name":"wp","href":"https:\/\/api.w.org\/{rel}","templated":true}]}}