{"id":5182,"date":"2011-11-11T10:23:10","date_gmt":"2011-11-11T13:23:10","guid":{"rendered":"https:\/\/adhilac.com.ar\/?p=5182"},"modified":"2013-02-07T05:30:40","modified_gmt":"2013-02-07T08:30:40","slug":"bicentenario-el-salvador-es-homenajeado-en-la-habana-noviembre-de-2011","status":"publish","type":"post","link":"https:\/\/adhilac.com.ar\/?p=5182","title":{"rendered":"Bicentenario. El Salvador es homenajeado en La Habana. Noviembre de 2011"},"content":{"rendered":"<p style=\"text-align: justify;\">La Asociaci\u00f3n de Historiadores Latinoamericanos y del Caribe (ADHILAC)\u00a0 desarroll\u00f3 en la Casa Cultural de la Alianza Bolivariana de las\u00a0 Am\u00e9ricas (ALBA), en la ciudad de La Habana, el pasado s\u00e1bado 5 de\u00a0 noviembre de 2011, un panel con destacadas personalidades con motivo\u00a0 del bicentenario de la independencia de la Rep\u00fablica de El Salvador<\/p>\n<p style=\"text-align: justify;\">que  estuvo conducido por el Dr. Sergio Guerra Vilaboy, Presidente de\u00a0 ADHILAC.<\/p>\n<p style=\"text-align: justify;\">En la actividad hicieron uso de la palabra el profesor Jorge\u00a0 Ju\u00e1rez de la  Universidad de San Salvador, el doctor Lu\u00eds Su\u00e1rez,\u00a0 miembro de la Secci\u00f3n  Cubana de la ADHILAC y el Embajador de la\u00a0 Rep\u00fablica de El Salvador en Cuba,  Sr. Domingo Santa Cruz.<\/p>\n<p style=\"text-align: justify;\">El panel\u00a0 forma parte del ciclo que por el  bicentenario de la emancipaci\u00f3n\u00a0 latinoamericana se desarrolla desde el  pasado a\u00f1o por la Secci\u00f3n\u00a0 Cubana de la ADHILAC con el coauspicio de la Casa  del ALBA Cultural de\u00a0 La Habana.<\/p>\n<p style=\"text-align: justify;\"><strong>Publicado por ADHILAC Internacional \u00a9 www.adhilac.com.ar<\/strong><\/p>\n<p style=\"text-align: justify;\">Si Ud. desea asociarse de acuerdo a los Estatutos de ADHILAC\u00a0<a title=\"(ver)\" href=\"https:\/\/adhilac.com.ar\/?page_id=263\">(ver)<\/a> complete el siguiente formulario\u00a0<a title=\"(ver)\" href=\"https:\/\/adhilac.com.ar\/?page_id=3194\">(ver)<\/a><\/p>\n<p style=\"text-align: justify;\">E-mail: info@adhilac.com.ar<strong> <\/strong><\/p>\n<p style=\"text-align: justify;\">Twitter: @AdhilacInfo<\/p>\n<p style=\"text-align: justify;\">&nbsp;<\/p>\n","protected":false},"excerpt":{"rendered":"<p>La Asociaci\u00f3n de Historiadores Latinoamericanos y del Caribe (ADHILAC)\u00a0 desarroll\u00f3 en la Casa Cultural de la Alianza Bolivariana de las\u00a0 Am\u00e9ricas (ALBA), en la ciudad de La Habana, el pasado s\u00e1bado 5 de\u00a0 noviembre de 2011, un panel con destacadas personalidades con motivo\u00a0 del bicentenario de la independencia de la Rep\u00fablica de El Salvador que [&hellip;]<\/p>\n","protected":false},"author":2,"featured_media":0,"comment_status":"closed","ping_status":"closed","sticky":false,"template":"","format":"standard","meta":{"_crdt_document":"","footnotes":""},"categories":[18,3,5,40],"tags":[14,256],"class_list":["post-5182","post","type-post","status-publish","format-standard","hentry","category-adhilac-cuba","category-adhilac-inter","category-congresos","category-informaciones","tag-bicentenario","tag-el-salvador"],"_links":{"self":[{"href":"https:\/\/adhilac.com.ar\/index.php?rest_route=\/wp\/v2\/posts\/5182","targetHints":{"allow":["GET"]}}],"collection":[{"href":"https:\/\/adhilac.com.ar\/index.php?rest_route=\/wp\/v2\/posts"}],"about":[{"href":"https:\/\/adhilac.com.ar\/index.php?rest_route=\/wp\/v2\/types\/post"}],"author":[{"embeddable":true,"href":"https:\/\/adhilac.com.ar\/index.php?rest_route=\/wp\/v2\/users\/2"}],"replies":[{"embeddable":true,"href":"https:\/\/adhilac.com.ar\/index.php?rest_route=%2Fwp%2Fv2%2Fcomments&post=5182"}],"version-history":[{"count":4,"href":"https:\/\/adhilac.com.ar\/index.php?rest_route=\/wp\/v2\/posts\/5182\/revisions"}],"predecessor-version":[{"id":7680,"href":"https:\/\/adhilac.com.ar\/index.php?rest_route=\/wp\/v2\/posts\/5182\/revisions\/7680"}],"wp:attachment":[{"href":"https:\/\/adhilac.com.ar\/index.php?rest_route=%2Fwp%2Fv2%2Fmedia&parent=5182"}],"wp:term":[{"taxonomy":"category","embeddable":true,"href":"https:\/\/adhilac.com.ar\/index.php?rest_route=%2Fwp%2Fv2%2Fcategories&post=5182"},{"taxonomy":"post_tag","embeddable":true,"href":"https:\/\/adhilac.com.ar\/index.php?rest_route=%2Fwp%2Fv2%2Ftags&post=5182"}],"curies":[{"name":"wp","href":"https:\/\/api.w.org\/{rel}","templated":true}]}}