{"id":5199,"date":"2011-11-11T10:22:20","date_gmt":"2011-11-11T13:22:20","guid":{"rendered":"https:\/\/adhilac.com.ar\/?p=5199"},"modified":"2012-06-27T15:15:37","modified_gmt":"2012-06-27T18:15:37","slug":"presentacion-de-la-revista-pensar-historicamente-n%c2%ba1-f-f-y-l-uba","status":"publish","type":"post","link":"https:\/\/adhilac.com.ar\/?p=5199","title":{"rendered":"Presentaci\u00f3n de la revista \u00abPensar Hist\u00f3ricamente\u00bb N\u00ba1. F F y L. UBA."},"content":{"rendered":"<h3 dir=\"ltr\"><span style=\"font-size: small; color: #339966;\">En la Facultad de Filosof\u00eda y Letras el lunes 14 de noviembre<\/span><\/h3>\n<p dir=\"ltr\"><a rel=\"nofollow\" href=\"http:\/\/1.bp.blogspot.com\/-L2dffJu2Uvg\/Tllm1nQZnsI\/AAAAAAAAAAs\/FZocQ72P73k\/s1600\/tapa+numero1.jpg\" target=\"_blank\"><img loading=\"lazy\" decoding=\"async\" class=\"alignleft\" style=\"border: 0px initial initial;\" src=\"http:\/\/1.bp.blogspot.com\/-L2dffJu2Uvg\/Tllm1nQZnsI\/AAAAAAAAAAs\/FZocQ72P73k\/s400\/tapa+numero1.jpg\" border=\"0\" alt=\"\" width=\"282\" height=\"400\" \/><\/a><\/p>\n<p style=\"text-align: justify;\" dir=\"ltr\">La revista \u00abPensar Hist\u00f3ricamente\u00bb N\u00ba1 se presentar\u00e1 el pr\u00f3ximo lunes 14 de noviembre de 2011 en El Umbral de la sede de esa casa de altos estudios de la Universidad de Buenos Aires, Pu\u00e1n 480 (subsuelo) a las 19 horas.<\/p>\n<p style=\"text-align: justify;\">Participar\u00e1n los siguientes profesores e investigadores de la UBA:<\/p>\n<p style=\"text-align: justify;\" dir=\"ltr\">Claudio Spiguel. Historia Social General, Facultad de Fisolof\u00eda y Letras<\/p>\n<p style=\"text-align: justify;\" dir=\"ltr\">Ana Sof\u00eda. Historia Social General e Historia de los Sistemas Econ\u00f3micos. Facultad de Fisolof\u00eda y Letras<\/p>\n<p style=\"text-align: justify;\" dir=\"ltr\">Pablo Volkind. Historia Social General e Historia Argentina III. Facultad de Fisolof\u00eda y Letras\u00a0Diego Fern\u00e1ndez, economista e investigador de la Facultad de Ciencias Econ\u00f3micas<\/p>\n<p style=\"text-align: justify;\" dir=\"ltr\">Pablo Jaitte Historia Social General, Facultad de Fisolof\u00eda y Letras<!--more--><\/p>\n<p style=\"text-align: justify;\" dir=\"ltr\">&nbsp;<\/p>\n<p style=\"text-align: justify;\"><strong>Publicado por ADHILAC Internacional \u00a9 www.adhilac.com.ar<\/strong><\/p>\n<p style=\"text-align: justify;\">Si Ud. desea asociarse de acuerdo a los Estatutos de ADHILAC\u00a0<a title=\"(ver)\" href=\"https:\/\/adhilac.com.ar\/?page_id=263\">(ver)<\/a> complete el siguiente formulario\u00a0<a title=\"(ver)\" href=\"https:\/\/adhilac.com.ar\/?page_id=3194\">(ver)<\/a><\/p>\n<p style=\"text-align: justify;\">E-mail: info@adhilac.com.ar<strong> <\/strong><\/p>\n<p style=\"text-align: justify;\">Twitter: @AdhilacInfo<\/p>\n<p style=\"text-align: justify;\" dir=\"ltr\">&nbsp;<\/p>\n<p><strong> <\/strong><\/p>\n","protected":false},"excerpt":{"rendered":"<p>En la Facultad de Filosof\u00eda y Letras el lunes 14 de noviembre La revista \u00abPensar Hist\u00f3ricamente\u00bb N\u00ba1 se presentar\u00e1 el pr\u00f3ximo lunes 14 de noviembre de 2011 en El Umbral de la sede de esa casa de altos estudios de la Universidad de Buenos Aires, Pu\u00e1n 480 (subsuelo) a las 19 horas. Participar\u00e1n los siguientes [&hellip;]<\/p>\n","protected":false},"author":2,"featured_media":0,"comment_status":"closed","ping_status":"closed","sticky":false,"template":"","format":"standard","meta":{"_crdt_document":"","footnotes":""},"categories":[40],"tags":[67,162],"class_list":["post-5199","post","type-post","status-publish","format-standard","hentry","category-informaciones","tag-argentina","tag-revista"],"_links":{"self":[{"href":"https:\/\/adhilac.com.ar\/index.php?rest_route=\/wp\/v2\/posts\/5199","targetHints":{"allow":["GET"]}}],"collection":[{"href":"https:\/\/adhilac.com.ar\/index.php?rest_route=\/wp\/v2\/posts"}],"about":[{"href":"https:\/\/adhilac.com.ar\/index.php?rest_route=\/wp\/v2\/types\/post"}],"author":[{"embeddable":true,"href":"https:\/\/adhilac.com.ar\/index.php?rest_route=\/wp\/v2\/users\/2"}],"replies":[{"embeddable":true,"href":"https:\/\/adhilac.com.ar\/index.php?rest_route=%2Fwp%2Fv2%2Fcomments&post=5199"}],"version-history":[{"count":4,"href":"https:\/\/adhilac.com.ar\/index.php?rest_route=\/wp\/v2\/posts\/5199\/revisions"}],"predecessor-version":[{"id":5863,"href":"https:\/\/adhilac.com.ar\/index.php?rest_route=\/wp\/v2\/posts\/5199\/revisions\/5863"}],"wp:attachment":[{"href":"https:\/\/adhilac.com.ar\/index.php?rest_route=%2Fwp%2Fv2%2Fmedia&parent=5199"}],"wp:term":[{"taxonomy":"category","embeddable":true,"href":"https:\/\/adhilac.com.ar\/index.php?rest_route=%2Fwp%2Fv2%2Fcategories&post=5199"},{"taxonomy":"post_tag","embeddable":true,"href":"https:\/\/adhilac.com.ar\/index.php?rest_route=%2Fwp%2Fv2%2Ftags&post=5199"}],"curies":[{"name":"wp","href":"https:\/\/api.w.org\/{rel}","templated":true}]}}