{"id":5298,"date":"2011-12-18T10:11:53","date_gmt":"2011-12-18T13:11:53","guid":{"rendered":"https:\/\/adhilac.com.ar\/?p=5298"},"modified":"2012-07-12T13:36:15","modified_gmt":"2012-07-12T16:36:15","slug":"ensayos-de-transposicion-cineliteratura-argentinos-ffyl-uba-buenos-airesdiciembre-de-2011","status":"publish","type":"post","link":"https:\/\/adhilac.com.ar\/?p=5298","title":{"rendered":"\u00abEnsayos de Transposici\u00f3n. Cine\/Literatura argentinos\u00bb. FFyL UBA. Buenos Aires. Diciembre de 2011"},"content":{"rendered":"<h3><span style=\"color: #339966;\">Presentaci\u00f3n de la Revista \u00abEl Matadero\u00bb en la Facultad de\u00a0Filosof\u00eda\u00a0y Letras de la UBA<\/span><\/h3>\n<p><span style=\"color: #800000;\"><a href=\"https:\/\/adhilac.com.ar\/wp-content\/uploads\/2011\/12\/Revista-El-matadero.jpg\"><img loading=\"lazy\" decoding=\"async\" class=\"size-large wp-image-5299 alignright\" title=\"Revista El matadero\" src=\"https:\/\/adhilac.com.ar\/wp-content\/uploads\/2011\/12\/Revista-El-matadero-715x1024.jpg\" alt=\"\" width=\"197\" height=\"282\" srcset=\"https:\/\/adhilac.com.ar\/wp-content\/uploads\/2011\/12\/Revista-El-matadero-715x1024.jpg 715w, https:\/\/adhilac.com.ar\/wp-content\/uploads\/2011\/12\/Revista-El-matadero-209x300.jpg 209w, https:\/\/adhilac.com.ar\/wp-content\/uploads\/2011\/12\/Revista-El-matadero.jpg 1222w\" sizes=\"auto, (max-width: 197px) 100vw, 197px\" \/><\/a><\/span><\/p>\n<p><span style=\"text-align: justify;\">El Instituto de Literatura Argentina \u00abRicardo Rojas\u00bb invita a la presentaci\u00f3n del \u00faltimo n\u00famero de su revista <\/span><em style=\"text-align: justify;\">El Matadero: <\/em><span style=\"text-align: justify;\"> \u00abEnsayos de Transposici\u00f3n. Cine\/Literatura argentinos\u00bb.<\/span><\/p>\n<p style=\"text-align: justify;\">Presentan y comentan:<\/p>\n<div style=\"text-align: justify;\">An\u00edbal Jarkowski &#8211;\u00a0Graciela Speranza &#8211;\u00a0Edgardo P\u00edgoli &#8211;\u00a0Eduardo Romano<\/div>\n<div style=\"text-align: justify;\">Jueves 15 de diciembre.\u00a019 horas.<\/div>\n<div style=\"text-align: justify;\"><em>Instituto de Literatura Argentina \u00abRicardo Rojas\u00bb<\/em><\/div>\n<div style=\"text-align: justify;\">25 de Mayo 217, primer piso.\u00a0Ciudad\u00a0Aut\u00f3noma\u00a0de Buenos Aires<\/div>\n<div style=\"text-align: justify;\">Rep\u00fablica\u00a0Argentina<\/div>\n<p style=\"text-align: justify;\"><strong><\/p>\n<div style=\"display: inline !important;\">Sumario<\/div>\n<p><\/strong><\/p>\n<p><strong> <\/strong><\/p>\n<p><strong> <\/strong><\/p>\n<p><strong> <\/strong><\/p>\n<p style=\"text-align: justify;\"><strong> <\/strong><\/p>\n<p style=\"text-align: justify;\"><strong> <\/strong><\/p>\n<div style=\"text-align: justify;\">1. \u00abLas transposiciones. Una introducci\u00f3n\u00bb, por Emilio Bernini<!--more--><\/div>\n<div style=\"text-align: justify;\">2. \u00abEl gaucho y el tranv\u00eda. Notas sobre el criollismo de\u00a0<em>Nobleza gaucha<\/em>\u00ab, por Patricio Fontana.<\/div>\n<div style=\"text-align: justify;\">3. \u00ab<em>La guerra gaucha<\/em>: hagiograf\u00eda y \u00e9pica. De Lugones a Demare\u00bb, por Mariano Sverdloff.<\/div>\n<div style=\"text-align: justify;\">4. \u00ab<em>Juan Moreira<\/em>, las dos justicias y el peronismo\u00bb, por Santiago Peidro.<\/div>\n<div style=\"text-align: justify;\">5. \u00ab<em>El crimen de Oribe<\/em>: del policial fant\u00e1stico al crimen naturalista\u00bb, por Rom\u00e1n Setton.<\/div>\n<div style=\"text-align: justify;\">6. \u00abLa p\u00e9rdida del nombre. La transposici\u00f3n aut\u00f3noma de \u00abEmma Zunz\u00bb a\u00a0<em>D\u00edas de odio\u00bb<\/em>, por Marcelo Cerd\u00e1.<\/div>\n<div style=\"text-align: justify;\">7. \u00abUsos y abusos del criollismo. Las transposiciones cinematogr\u00e1ficas de\u00a0<em>Un guapo del 900&#8243;<\/em>, por Rom\u00e1n Setton.<\/div>\n<div style=\"text-align: justify;\">8. \u00abVi\u00f1as y el cine\u00bb, por Emilio Bernini.<\/div>\n<div style=\"text-align: justify;\">9. \u00abCine Liberaci\u00f3n y el revisionismo hist\u00f3rico. Apuntes sobre el uso del pasado en\u00a0<em>La hora de los hornos<\/em> y\u00a0<em>Los hijos de Fierro\u00bb<\/em>, por Javier Tr\u00edmboli.<\/div>\n<div style=\"text-align: justify;\">10. \u00ab<em>Invasi\u00f3n<\/em>. El sitio del lector\u00bb, por Marcelo Cerd\u00e1.<\/div>\n<div style=\"text-align: justify;\">11. \u00abC\u00f3mo se llega a ser peronista. Sobre\u00a0<em>Operaci\u00f3n masacre<\/em> de Rodolfo Walsh y\u00a0<em>Operaci\u00f3n Masacre\u00bb<\/em> de Jorge Cedr\u00f3n.<\/div>\n<div style=\"text-align: justify;\">12. \u00abLeyenda plebeya e imaginario cristiano. El\u00a0<em>Juan Moreira<\/em> de Favio\u00bb, por Natalia Fern\u00e1ndez.<\/div>\n<div style=\"text-align: justify;\">13. \u00abLa literatura en el cine argentino contempor\u00e1neo: Rejtman, Llin\u00e1s, Villegas\u00bb, por Tom\u00e1s Binder.<\/div>\n<p style=\"text-align: justify;\"><strong>Publicado por ADHILAC Internacional \u00a9 www.adhilac.com.ar<\/strong><\/p>\n<p style=\"text-align: justify;\">Si Ud. desea asociarse de acuerdo a los Estatutos de ADHILAC\u00a0<a title=\"(ver)\" href=\"https:\/\/adhilac.com.ar\/?page_id=263\">(ver)<\/a> complete el siguiente formulario\u00a0<a title=\"(ver)\" href=\"https:\/\/adhilac.com.ar\/?page_id=4779\">(ver)<\/a><\/p>\n<p style=\"text-align: justify;\">E-mail: info@adhilac.com.ar<strong> <\/strong><\/p>\n<p style=\"text-align: justify;\">Twitter: @AdhilacInfo<\/p>\n<p style=\"text-align: justify;\"><strong><br \/>\n<\/strong><\/p>\n","protected":false},"excerpt":{"rendered":"<p>Presentaci\u00f3n de la Revista \u00abEl Matadero\u00bb en la Facultad de\u00a0Filosof\u00eda\u00a0y Letras de la UBA El Instituto de Literatura Argentina \u00abRicardo Rojas\u00bb invita a la presentaci\u00f3n del \u00faltimo n\u00famero de su revista El Matadero: \u00abEnsayos de Transposici\u00f3n. Cine\/Literatura argentinos\u00bb. Presentan y comentan: An\u00edbal Jarkowski &#8211;\u00a0Graciela Speranza &#8211;\u00a0Edgardo P\u00edgoli &#8211;\u00a0Eduardo Romano Jueves 15 de diciembre.\u00a019 horas. Instituto [&hellip;]<\/p>\n","protected":false},"author":2,"featured_media":0,"comment_status":"closed","ping_status":"closed","sticky":false,"template":"","format":"standard","meta":{"_crdt_document":"","footnotes":""},"categories":[40,7],"tags":[13,267,268,269],"class_list":["post-5298","post","type-post","status-publish","format-standard","hentry","category-informaciones","category-publicac-info","tag-america-latina","tag-cine","tag-literatura","tag-transposicion"],"_links":{"self":[{"href":"https:\/\/adhilac.com.ar\/index.php?rest_route=\/wp\/v2\/posts\/5298","targetHints":{"allow":["GET"]}}],"collection":[{"href":"https:\/\/adhilac.com.ar\/index.php?rest_route=\/wp\/v2\/posts"}],"about":[{"href":"https:\/\/adhilac.com.ar\/index.php?rest_route=\/wp\/v2\/types\/post"}],"author":[{"embeddable":true,"href":"https:\/\/adhilac.com.ar\/index.php?rest_route=\/wp\/v2\/users\/2"}],"replies":[{"embeddable":true,"href":"https:\/\/adhilac.com.ar\/index.php?rest_route=%2Fwp%2Fv2%2Fcomments&post=5298"}],"version-history":[{"count":13,"href":"https:\/\/adhilac.com.ar\/index.php?rest_route=\/wp\/v2\/posts\/5298\/revisions"}],"predecessor-version":[{"id":5310,"href":"https:\/\/adhilac.com.ar\/index.php?rest_route=\/wp\/v2\/posts\/5298\/revisions\/5310"}],"wp:attachment":[{"href":"https:\/\/adhilac.com.ar\/index.php?rest_route=%2Fwp%2Fv2%2Fmedia&parent=5298"}],"wp:term":[{"taxonomy":"category","embeddable":true,"href":"https:\/\/adhilac.com.ar\/index.php?rest_route=%2Fwp%2Fv2%2Fcategories&post=5298"},{"taxonomy":"post_tag","embeddable":true,"href":"https:\/\/adhilac.com.ar\/index.php?rest_route=%2Fwp%2Fv2%2Ftags&post=5298"}],"curies":[{"name":"wp","href":"https:\/\/api.w.org\/{rel}","templated":true}]}}