{"id":5311,"date":"2011-12-18T10:22:54","date_gmt":"2011-12-18T13:22:54","guid":{"rendered":"https:\/\/adhilac.com.ar\/?p=5311"},"modified":"2012-11-14T14:09:24","modified_gmt":"2012-11-14T17:09:24","slug":"noventa-anos-de-la-sangrienta-represion-de-trabajadores-en-la-patagonia-argentina-osvaldo-bayer","status":"publish","type":"post","link":"https:\/\/adhilac.com.ar\/?p=5311","title":{"rendered":"Noventa a\u00f1os de la sangrienta represi\u00f3n de trabajadores en la Patagonia argentina. Osvaldo Bayer"},"content":{"rendered":"<h3><span style=\"color: #339966;\">Hace noventa a\u00f1os<\/span><\/h3>\n<p>Osvaldo Bayer<\/p>\n<p style=\"text-align: justify;\">A noventa a\u00f1os de los fusilamientos de peones rurales en la Patagonia. Muerte injusta en el para\u00edso. All\u00ed, cerca de uno de los paisajes m\u00e1s hermosos del mundo, esos pobres trabajadores de la tierra que ped\u00edan tan poco fueron asesinados por el Ej\u00e9rcito Argentino, por orden del teniente coronel H\u00e9ctor Benigno Varela, jefe del 10 de Caballer\u00eda, por el bando de pena de muerte otorgado por el presidente Hip\u00f3lito Yrigoyen, en 1921.<!--more--><\/p>\n<p style=\"text-align: justify;\">Estamos frente a la tumba masiva en la estancia La Anita, en Santa Cruz. A doscientos metros de ella, la construcci\u00f3n muy humilde que los recuerda. All\u00ed realizamos el acto, como todos los a\u00f1os en esta fecha. El 8 de diciembre. Hubo m\u00fasica de guitarra gaucha, la voz de un cantor del pueblo y las voces emocionadas de varios oradores. Expresamos nuestro dolor ante un crimen oficial tan injusto, cruel y siempre impune. Jam\u00e1s sus autores fueron juzgados. El fusilador teniente coronel Varela, s\u00ed, fue muerto por la ira del pueblo, en manos del anarquista alem\u00e1n Kurt Gustav Wilckens, que hizo volar por el aire al orgulloso militar argentino.<\/p>\n<p style=\"text-align: justify;\">Pero el gran responsable de los cr\u00edmenes oficiales cometidos contra los trabajadores del campo fue el presidente Yrigoyen, ya que le dio al militar Varela el bando de la pena de muerte \u201cpor subversi\u00f3n\u201d. Se\u00f1or presidente: una huelga no es subversi\u00f3n. Subversi\u00f3n fue aquella traici\u00f3n a la democracia que hizo a\u00f1os despu\u00e9s en la d\u00e9cada del treinta el general Uriburu quien lo derroc\u00f3 a usted. Y no la justa huelga, el grito de nobleza rebelde de cientos de peones patag\u00f3nicos que quer\u00edan vivir con un poco m\u00e1s de dignidad y no como verdaderos esclavos de los due\u00f1os de todo en aquellas latitudes sure\u00f1as. En el acto del jueves pasado recordamos en toda la verdad, tan cerca del Lago Argentino, la memorable sesi\u00f3n de la C\u00e1mara de Diputados en el Congreso de la Naci\u00f3n, poco despu\u00e9s del crimen de los fusilamientos, cuando la oposici\u00f3n pidi\u00f3 aclarar el porqu\u00e9 de los cr\u00edmenes que acababa de cometer el Ej\u00e9rcito y la responsabilidad del presidente Yrigoyen en ese crimen cometido por el partido radical gobernante. Pero en ese debate el \u00fanico camino que el radicalismo vio para negar la verdadera justicia fue votar en contra de todo proyecto de investigaci\u00f3n sobre los fusilamientos de peones. E Yrigoyen tuvo una actitud poco democr\u00e1tica, no acept\u00f3 enfrentar a la oposici\u00f3n en el Congreso de la Naci\u00f3n ni responder a las preguntas del porqu\u00e9 la pena de muerte en las pampas argentinas contra los m\u00e1s d\u00e9biles. Siempre, Yrigoyen se neg\u00f3 a tratar de explicar el deleznable y cobarde crimen oficial.<\/p>\n<p style=\"text-align: justify;\">El p\u00fablico presente en el acto del jueves pasado frente a la estancia La Anita, bajo un cielo absolutamente celeste, fue casi todo joven, y esa juventud grit\u00f3 tres veces la palabra \u201cJusticia\u201d. S\u00ed, all\u00ed en esa tumba masiva de los asesinados por el fusil del ej\u00e9rcito argentino est\u00e1n enterrados trabajadores de todas la provincias argentinas y chilenos venidos de la isla Chilo\u00e9, por eso llamados \u201cchilotes\u201d. Y tambi\u00e9n anarquistas espa\u00f1oles, rusos y alemanes que ense\u00f1aban la teor\u00eda del socialismo en libertad.<\/p>\n<p style=\"text-align: justify;\">En nuestras palabras, dichas con la enorme tristeza de que nunca oficialmente los argentinos hemos reconocido el crimen, record\u00e9 aquella sesi\u00f3n de diputados de enero de 1922, donde el representante socialista De Tomaso comenz\u00f3 diciendo con voz emocionada: \u201cSe\u00f1ores diputados, ha ocurrido en el territorio de Santa Cruz una tragedia horrible. Se ha hecho una pesada atm\u00f3sfera de silencio en primer lugar por la prensa grande. Nosotros, que tenemos informes precisos de lo que all\u00ed ha ocurrido, nos har\u00edamos c\u00f3mplices voluntarios de ese silencio si no denunci\u00e1ramos esos hechos y no pidi\u00e9ramos la investigaci\u00f3n que exige el decoro del pa\u00eds. No hagamos un juego de ocultaciones ni de disimulos. Lo que pasa es que en este caso, las v\u00edctimas son pobres diablos, como se dice en el lenguaje de los ricos, son peones, son carreros, son ovejeros. Aseguro a la C\u00e1mara que muchos de los cad\u00e1veres todav\u00eda est\u00e1n insepultos en el campo donde se produjeron los fusilamientos. Todav\u00eda llegar\u00eda a tiempo la comisi\u00f3n para ver los restos de algunos cad\u00e1veres que fueron quemados con nafta derramada sobre ellos por las tropas del ej\u00e9rcito\u201d.<\/p>\n<p style=\"text-align: justify;\">Pero los radicales votar\u00e1n en contra de toda comisi\u00f3n investigadora. Y se acab\u00f3. Los muertos, muertos est\u00e1n. Fusilados sin juicio previo. El teniente coronel Varela hab\u00eda sido el juez supremo. La democracia hab\u00eda recibido una pu\u00f1alada por la espalda. Se hab\u00eda cometido el mayor crimen contra los trabajadores de la tierra de nuestra historia. Pero las pruebas quedaron. Ah\u00ed est\u00e1n las tumbas masivas en todo el territorio santacruce\u00f1o. Todas est\u00e1n ya marcadas. El pueblo les lleva flores. Se los acaba de recordar. En cambio, para los fusiladores no hay ning\u00fan homenaje. Los estancieros, los beneficiados, miran hacia otro lado, para ellos la historia no existe.<\/p>\n<p style=\"text-align: justify;\">Finalmente. La \u00e9tica siempre triunfa. Pueden pasar muchos a\u00f1os, pero la verdad se impone. Se sabe que el estanciero Federico Braun, due\u00f1o de la estancia La Anita, est\u00e1 por donar la tierra donde est\u00e1 la tumba masiva de los peones fusilados para que all\u00ed se traslade el monumento que los recuerda actualmente a doscientos metros de all\u00ed.<\/p>\n<p style=\"text-align: justify;\">Pasaron muchos a\u00f1os desde aquel diciembre de 1921 cuando el feroz teniente coronel levantaba la mano marcando cuatro dedos que significaban cuatro tiros ordenando fusilar. Y la \u00e9tica siempre triunfa. El jueves los j\u00f3venes gritaron \u201cJusticia\u201d y la Historia los mira de frente. Se hace Justicia, por fin. Nadie ya puede echar de menos los cr\u00edmenes de aquel diciembre de 1921. Los monumentos de aquellas lejanas tierras sure\u00f1as para \u201cFac\u00f3n Grande\u201d, Albino Arg\u00fcelles, Outerello, est\u00e1n all\u00ed mirando a la sociedad de frente. Los que pusieron el rostro para exigir dignidad en el trato con las peonadas. De los represores, nada. Ni siquiera aparece alg\u00fan pariente de ellos para cuidar sus tumbas an\u00f3nimas.<\/p>\n<p style=\"text-align: justify;\">Un ejemplo a tener por los represores de siempre. La Patagonia Rebelde, aquella de las peonadas en asambleas por la dignidad, se ha impuesto definitivamente. La \u00e9tica, la verdad hist\u00f3rica, la justicia, finalmente es la que da la \u00faltima palabra.<\/p>\n<p style=\"text-align: justify;\">Fuente: \u00a0<a href=\"http:\/\/www.pagina12.com.ar\/\">www.pagina12.com.ar<\/a><\/p>\n<p style=\"text-align: justify;\"><strong>Publicado por ADHILAC Internacional \u00a9 www.adhilac.com.ar<\/strong><\/p>\n<p style=\"text-align: justify;\">Si Ud. desea asociarse de acuerdo a los Estatutos de ADHILAC\u00a0<a title=\"(ver)\" href=\"https:\/\/adhilac.com.ar\/?page_id=263\">(ver)<\/a> complete el siguiente formulario\u00a0<a title=\"(ver)\" href=\"https:\/\/adhilac.com.ar\/?page_id=4779\">(ver)<\/a><\/p>\n<p style=\"text-align: justify;\">E-mail: info@adhilac.com.ar<strong> <\/strong><\/p>\n<p style=\"text-align: justify;\">Twitter: @AdhilacInfo<\/p>\n<p style=\"text-align: justify;\">&nbsp;<\/p>\n","protected":false},"excerpt":{"rendered":"<p>Hace noventa a\u00f1os Osvaldo Bayer A noventa a\u00f1os de los fusilamientos de peones rurales en la Patagonia. Muerte injusta en el para\u00edso. All\u00ed, cerca de uno de los paisajes m\u00e1s hermosos del mundo, esos pobres trabajadores de la tierra que ped\u00edan tan poco fueron asesinados por el Ej\u00e9rcito Argentino, por orden del teniente coronel H\u00e9ctor [&hellip;]<\/p>\n","protected":false},"author":49,"featured_media":0,"comment_status":"closed","ping_status":"closed","sticky":false,"template":"","format":"standard","meta":{"_crdt_document":"","footnotes":""},"categories":[40],"tags":[82,271,272],"class_list":["post-5311","post","type-post","status-publish","format-standard","hentry","category-informaciones","tag-movimientos-sociales","tag-patagonia","tag-represion"],"_links":{"self":[{"href":"https:\/\/adhilac.com.ar\/index.php?rest_route=\/wp\/v2\/posts\/5311","targetHints":{"allow":["GET"]}}],"collection":[{"href":"https:\/\/adhilac.com.ar\/index.php?rest_route=\/wp\/v2\/posts"}],"about":[{"href":"https:\/\/adhilac.com.ar\/index.php?rest_route=\/wp\/v2\/types\/post"}],"author":[{"embeddable":true,"href":"https:\/\/adhilac.com.ar\/index.php?rest_route=\/wp\/v2\/users\/49"}],"replies":[{"embeddable":true,"href":"https:\/\/adhilac.com.ar\/index.php?rest_route=%2Fwp%2Fv2%2Fcomments&post=5311"}],"version-history":[{"count":6,"href":"https:\/\/adhilac.com.ar\/index.php?rest_route=\/wp\/v2\/posts\/5311\/revisions"}],"predecessor-version":[{"id":7329,"href":"https:\/\/adhilac.com.ar\/index.php?rest_route=\/wp\/v2\/posts\/5311\/revisions\/7329"}],"wp:attachment":[{"href":"https:\/\/adhilac.com.ar\/index.php?rest_route=%2Fwp%2Fv2%2Fmedia&parent=5311"}],"wp:term":[{"taxonomy":"category","embeddable":true,"href":"https:\/\/adhilac.com.ar\/index.php?rest_route=%2Fwp%2Fv2%2Fcategories&post=5311"},{"taxonomy":"post_tag","embeddable":true,"href":"https:\/\/adhilac.com.ar\/index.php?rest_route=%2Fwp%2Fv2%2Ftags&post=5311"}],"curies":[{"name":"wp","href":"https:\/\/api.w.org\/{rel}","templated":true}]}}