{"id":5378,"date":"2012-01-13T06:45:55","date_gmt":"2012-01-13T09:45:55","guid":{"rendered":"https:\/\/adhilac.com.ar\/?p=5378"},"modified":"2012-06-27T14:32:02","modified_gmt":"2012-06-27T17:32:02","slug":"xv-encuentro-de-latinoamericanistas-espanoles-%e2%80%9c-america-latina-la-autonomia-de-una-region%e2%80%9d-univ-complutense-de-madrid-desde-29-de-noviembre-de-2012","status":"publish","type":"post","link":"https:\/\/adhilac.com.ar\/?p=5378","title":{"rendered":"XV Encuentro de Latinoamericanistas Espa\u00f1oles: \u201c Am\u00e9rica Latina: la autonom\u00eda de una regi\u00f3n\u201d. Univ. Complutense de Madrid.  Desde 29 de noviembre de 2012"},"content":{"rendered":"<h3><span style=\"color: #339966;\">Primera Circular <\/span><\/h3>\n<p style=\"text-align: justify;\"><strong>XV Encuentro de Latinoamericanistas Espa\u00f1oles<\/strong><\/p>\n<p style=\"text-align: justify;\"><strong> <\/strong><\/p>\n<p style=\"text-align: justify;\">CONGRESO INTERNACIONAL \u201cAM\u00c9RICA LATINA: LA AUTONOM\u00cdA DE UNA REGI\u00d3N\u201d<\/p>\n<p style=\"text-align: justify;\"><strong> <\/strong><\/p>\n<p style=\"text-align: justify;\">Universidad Complutense de Madrid<\/p>\n<p style=\"text-align: justify;\"><strong>Madrid, 29 y 30 de noviembre y 1 de diciembre de 2012<!--more--><\/strong><\/p>\n<p style=\"text-align: justify;\"><strong> <\/strong><\/p>\n<p style=\"text-align: justify;\"><strong> <\/strong><\/p>\n<p style=\"text-align: justify;\"><strong> <\/strong><\/p>\n<p style=\"text-align: justify;\"><strong> <\/strong><\/p>\n<p style=\"text-align: justify;\"><strong> <\/strong><\/p>\n<p style=\"text-align: justify;\">&nbsp;<\/p>\n<p style=\"text-align: justify;\"><strong>Organiza<\/strong>:<\/p>\n<p style=\"text-align: justify;\">Consejo Espa\u00f1ol de Estudios Iberoamericanos<\/p>\n<p style=\"text-align: justify;\">Facultad de Ciencias Pol\u00edticas y Sociolog\u00eda de la Universidad Complutense de Madrid<\/p>\n<p style=\"text-align: justify;\">Con la colaboraci\u00f3n de AGEAL (Grupo de Trabajo de Am\u00e9rica Latina de la AGE)<\/p>\n<p style=\"text-align: justify;\">&nbsp;<\/p>\n<p style=\"text-align: justify;\"><strong>Comit\u00e9 Organizador<\/strong><\/p>\n<p style=\"text-align: justify;\">Heriberto Cairo Carou (Presidente)<\/p>\n<p style=\"text-align: justify;\">Almudena Cabezas Gonz\u00e1lez (Secretaria)<\/p>\n<p style=\"text-align: justify;\">Esther del Campo Garc\u00eda<\/p>\n<p style=\"text-align: justify;\">Jos\u00e9 Carpio Mart\u00edn<\/p>\n<p style=\"text-align: justify;\">Tom\u00e1s Mallo Guti\u00e9rrez<\/p>\n<p style=\"text-align: justify;\">&nbsp;<\/p>\n<p style=\"text-align: justify;\"><strong>Comit\u00e9 Cient\u00edfico<\/strong><\/p>\n<p style=\"text-align: justify;\">Anna Ayuso, CIDOB<\/p>\n<p style=\"text-align: justify;\">Celestino del Arenal Moy\u00faa, Universidad Complutense de Madrid<\/p>\n<p style=\"text-align: justify;\">Pilar Cagiao Vila, Universidad de Santiago de Compostela<\/p>\n<p style=\"text-align: justify;\">Miguel Carrera Troyano, Universidad de Salamanca<\/p>\n<p style=\"text-align: justify;\">Manuel Chust Calero, Universitat Jaume I<\/p>\n<p style=\"text-align: justify;\">Antonio Colomer Viadel, FIEALC<\/p>\n<p style=\"text-align: justify;\">Jos\u00e9 D\u00e9niz, Universidad Complutense de Madrid<\/p>\n<p style=\"text-align: justify;\">Javier Fern\u00e1ndez Sebasti\u00e1n, Universidad del Pa\u00eds Vasco<\/p>\n<p style=\"text-align: justify;\">Elda Gonz\u00e1lez Mart\u00ednez, Instituto de Historia CSIC<\/p>\n<p style=\"text-align: justify;\">Manuel Guti\u00e9rrez Est\u00e9vez, Universidad Complutense de Madrid<\/p>\n<p style=\"text-align: justify;\">Andr\u00e9s Malamud, Universidad de Lisboa (Portugal)<\/p>\n<p style=\"text-align: justify;\">Javier Mart\u00edn Vide, Presidente AGE<\/p>\n<p style=\"text-align: justify;\">Asunci\u00f3n Mart\u00ednez Riaza, Universidad Complutense de Madrid<\/p>\n<p style=\"text-align: justify;\">Juana Mart\u00ednez G\u00f3mez, Universidad Complutense de Madrid<\/p>\n<p style=\"text-align: justify;\">Ludolfo Paramio, CSIC<\/p>\n<p style=\"text-align: justify;\">Rosario Sevilla Soler, Escuela de Estudios Hispano-Americanos, CSIC<\/p>\n<p style=\"text-align: justify;\">Luis Rodr\u00edguez Yunta, REDIAL<\/p>\n<p style=\"text-align: justify;\"><strong> <\/strong><\/p>\n<p style=\"text-align: justify;\"><strong> <\/strong><\/p>\n<p style=\"text-align: justify;\">&nbsp;<\/p>\n<p style=\"text-align: justify;\"><strong>Motivaciones y propuesta tem\u00e1tica<\/strong><\/p>\n<p style=\"text-align: justify;\">La creaci\u00f3n de la Comunidad de Estados Latinoamericanos y Caribe\u00f1os (CELAC) en 2010 en la Cumbre de la Unidad de Am\u00e9rica Latina y el Caribe, celebrada en Playa del Carmen (M\u00e9xico), y cuya I Cumbre de constituci\u00f3n tuvo lugar en Caracas en diciembre de 2011, simboliza el triunfo de la apuesta por la autonom\u00eda de la regi\u00f3n que ya se hab\u00eda ido manifestando desde hace tiempo, pero especialmente en las dos \u00faltimas d\u00e9cadas, desde la creaci\u00f3n de MERCOSUR en 1991 pasando por el surgimiento del ALBA o la consolidaci\u00f3n de UNASUR en los \u00faltimos a\u00f1os.<\/p>\n<p style=\"text-align: justify;\">&nbsp;<\/p>\n<p style=\"text-align: justify;\">Esto no significa que desaparezcan las viejas organizaciones de unidad continental (la Organizaci\u00f3n de Estados Americanos) o cultural (la Comunidad Iberoamericana de Naciones), con sus socios a\u00f1adidos. Pero s\u00ed es cierto que las estrategias regionalistas estrictamente latinoamericanas pretenden mejorar la competitividad econ\u00f3mica de la regi\u00f3n en el mundo y reforzar su capacidad pol\u00edtica, no s\u00f3lo frente a otras regiones sino precisamente en las interdependencias regionales e incluso en la gobernabilidad interna de cada uno de los pa\u00edses.<\/p>\n<p style=\"text-align: justify;\">&nbsp;<\/p>\n<p style=\"text-align: justify;\">La intenci\u00f3n de esta propuesta tem\u00e1tica, bastante m\u00e1s reducida que la del anterior Congreso del CEEIB, no excluye un espacio m\u00e1s amplio de reflexi\u00f3n y debate cient\u00edfico sobre el mundo iberoamericano desde los m\u00e1s variados enfoques disciplinares. De hecho, este es uno de los objetivos de este XV Encuentro, ampliar las \u00e1reas que tradicionalmente estaban presentes e incorporar disciplinas y especialidades que tienen mucho que aportar al iberoamericanismo espa\u00f1ol.<\/p>\n<p style=\"text-align: justify;\"><strong> <\/strong><\/p>\n<p style=\"text-align: justify;\"><strong> <\/strong><\/p>\n<p style=\"text-align: justify;\"><strong>Informaci\u00f3n General<\/strong><\/p>\n<p style=\"text-align: justify;\"><strong> <\/strong><\/p>\n<p style=\"text-align: justify;\"><strong> <\/strong><\/p>\n<p style=\"text-align: justify;\"><strong>P\u00e1gina web y correo electr\u00f3nico<\/strong><\/p>\n<p style=\"text-align: justify;\"><strong> <\/strong><\/p>\n<p style=\"text-align: justify;\">Toda la informaci\u00f3n sobre el Encuentro se puede encontrar en la siguiente p\u00e1gina web:<\/p>\n<p style=\"text-align: justify;\">http:\/\/xvencuentroceeib.cps.ucm.es<\/p>\n<p style=\"text-align: justify;\">&nbsp;<\/p>\n<p style=\"text-align: justify;\">Para cualquier consulta, pueden utilizar la siguiente direcci\u00f3n de correo electr\u00f3nico:<\/p>\n<p style=\"text-align: justify;\"><a href=\"https:\/\/mail.google.com\/mail\/h\/1pg9dmoi78f68\/?&amp;v=b&amp;cs=wh&amp;to=xvencuentroceeib@gmail.com\">xvencuentroceeib@gmail.com<\/a><\/p>\n<p style=\"text-align: justify;\">&nbsp;<\/p>\n<p style=\"text-align: justify;\"><strong>\u00c1reas tem\u00e1ticas<\/strong><\/p>\n<p style=\"text-align: justify;\">&nbsp;<\/p>\n<p style=\"text-align: justify;\">El Encuentro se organiza sobre la base de \u00c1reas Tem\u00e1ticas, propuestas por el Comit\u00e9 organizador. Estas \u00c1reas responden a una parcela de conocimiento suficientemente amplia que busca alcanzar dos objetivos: por una parte, incluir a todos aquellos grupos, investigadoras \u00a0e investigadores que vienen trabajando y estudiando la compleja realidad latinoamericana; y, en segundo t\u00e9rmino, facilitar el debate en su seno de aspectos pr\u00f3ximos a dicha realidad, que permitan una fruct\u00edfera discusi\u00f3n en torno a procesos, instituciones y actores, destacando tambi\u00e9n la importancia de las cuestiones te\u00f3ricas y metodol\u00f3gicas.<\/p>\n<p style=\"text-align: justify;\">&nbsp;<\/p>\n<p style=\"text-align: justify;\">Las <strong>11 \u00c1reas tem\u00e1ticas<\/strong> propuestas y sus coordinadores son las siguientes:<\/p>\n<p style=\"text-align: justify;\">&nbsp;<\/p>\n<p style=\"text-align: justify;\">Antropolog\u00eda: Carlos Caravantes y D\u00e9bora Betrisey<\/p>\n<p style=\"text-align: justify;\">Ciencia Pol\u00edtica: Fernando Harto de Vera y Leticia Ruiz<\/p>\n<p style=\"text-align: justify;\">Ciencias Naturales y Tecnolog\u00eda: Jon Sanz Landaluce y Breno Bringel<\/p>\n<p style=\"text-align: justify;\">Comunicaci\u00f3n Pol\u00edtica: Ariel Jerez y Juan Carlos Monedero<\/p>\n<p style=\"text-align: justify;\">Derecho: Cristina P\u00e9rez y Francisco Serra<\/p>\n<p style=\"text-align: justify;\">Geograf\u00eda: Rosa de la Fuente y Carmen Minguez<\/p>\n<p style=\"text-align: justify;\">Econom\u00eda: Omar de Le\u00f3n y Antonio Palazuelos<\/p>\n<p style=\"text-align: justify;\">Historia: Marcela Garc\u00eda Sebasti\u00e1n y Gregorio de la Fuente Monge<\/p>\n<p style=\"text-align: justify;\">Literatura y Estudios Culturales: Juana Mart\u00ednez G\u00f3mez y Esperanza L\u00f3pez Parada<\/p>\n<p style=\"text-align: justify;\">Relaciones Internacionales y Cooperaci\u00f3n: Jos\u00e9 Antonio Sanahuja y Jos\u00e9 \u00c1ngel Sotillo<\/p>\n<p style=\"text-align: justify;\">Sociolog\u00eda: Lorenzo Fern\u00e1ndez y Manuel Espinel<\/p>\n<p style=\"text-align: justify;\">&nbsp;<\/p>\n<p style=\"text-align: justify;\">En cada \u00c1rea Tem\u00e1tica podr\u00e1n proponerse <strong>grupos de trabajo o paneles<\/strong> hasta un m\u00e1ximo de 5.<\/p>\n<p style=\"text-align: justify;\">&nbsp;<\/p>\n<p style=\"text-align: justify;\"><strong>Propuesta de grupos de trabajo o paneles<\/strong><\/p>\n<p style=\"text-align: justify;\"><strong> <\/strong><\/p>\n<p style=\"text-align: justify;\">La propuesta de grupos de trabajo podr\u00e1 hacerse hasta el <strong>28 de febrero de 2012<\/strong> a la Secretar\u00eda de Organizaci\u00f3n del Congreso a trav\u00e9s de la aplicaci\u00f3n correspondiente en la p\u00e1gina web.<\/p>\n<p style=\"text-align: justify;\">&nbsp;<\/p>\n<p style=\"text-align: justify;\">En la propuesta se incluir\u00e1 el\/la coordinador\/a responsable y la tem\u00e1tica que abordar\u00e1 el grupo de trabajo, as\u00ed como su relevancia para entender y explicar la realidad latinoamericana. De igual manera, pueden proponerse grupos de trabajo que cuenten ya con un grupo de ponencias vinculadas (hasta un m\u00e1ximo de seis ponencias). Asimismo, se recomienda que en todos los grupos propuestos se deje espacio para ponencias que se presenten libremente, especialmente de investigadores latinoamericanos.<\/p>\n<p style=\"text-align: justify;\">&nbsp;<\/p>\n<p style=\"text-align: justify;\">El Comit\u00e9 Organizador, previo informe de los responsables de \u00c1reas Tem\u00e1ticas, decidir\u00e1 de entre las propuestas presentadas aqu\u00e9llos grupos de trabajo<strong> <\/strong>sobre los que se articular\u00e1 el programa definitivo del Encuentro antes del <strong>15 de marzo de 2012<\/strong>.<\/p>\n<p style=\"text-align: justify;\">&nbsp;<\/p>\n<p style=\"text-align: justify;\"><strong>Presentaci\u00f3n de ponencias<\/strong><\/p>\n<p style=\"text-align: justify;\"><strong> <\/strong><\/p>\n<p style=\"text-align: justify;\">Una vez aprobados los grupos de trabajo definitivos, se abrir\u00e1 un plazo para la remisi\u00f3n de propuestas de ponencias a los coordinadores de los grupos de trabajo, que finalizar\u00e1 el <strong>31 de mayo de 2012<\/strong>.<\/p>\n<p style=\"text-align: justify;\">&nbsp;<\/p>\n<p style=\"text-align: justify;\">En las propuestas constar\u00e1n los siguientes datos: nombre y apellidos del\/a ponente(s) as\u00ed como datos personales (direcci\u00f3n electr\u00f3nica, direcci\u00f3n postal y tel\u00e9fono); grado acad\u00e9mico, adscripci\u00f3n institucional si la hubiere, t\u00edtulo de la ponencia, grupo de trabajo al que solicita su inclusi\u00f3n y breve sinopsis, de no m\u00e1s de diez l\u00edneas de la misma.<\/p>\n<p style=\"text-align: justify;\">&nbsp;<\/p>\n<p style=\"text-align: justify;\">La coordinaci\u00f3n de cada grupo de trabajo comunicar\u00e1 a las y los ponentes la aceptaci\u00f3n o no de las propuestas antes del <strong>15 de junio de 2012<\/strong>, y enviar\u00e1 una relaci\u00f3n final de las admitidas (con los datos completos de los autores) a la Secretar\u00eda del Comit\u00e9 Organizador antes del <strong>30 de junio de 2012 <\/strong>(<a href=\"mailto:macabeza@cps.ucm.es\"><span style=\"text-decoration: underline;\">xvencuentroceeib@gmail.com<\/span><\/a>).<\/p>\n<p style=\"text-align: justify;\">&nbsp;<\/p>\n<p style=\"text-align: justify;\">La publicaci\u00f3n de la conformaci\u00f3n definitiva de los grupos de trabajo y de las ponencias admitidas para conocimiento p\u00fablico se realizar\u00e1 antes del <strong>15 de julio de 2012<\/strong>.<\/p>\n<p style=\"text-align: justify;\">&nbsp;<\/p>\n<p style=\"text-align: justify;\">El plazo para el <strong>env\u00edo de las ponencias<\/strong> definitivas que ser\u00e1n presentadas en el Congreso y que aparecer\u00e1n publicadas en CD del mismo ser\u00e1 el <strong>30 de septiembre de 2012<\/strong>.<\/p>\n<p style=\"text-align: justify;\"><strong> <\/strong><\/p>\n<p style=\"text-align: justify;\"><strong> <\/strong><\/p>\n<p style=\"text-align: justify;\"><strong>Inscripciones<\/strong><\/p>\n<p style=\"text-align: justify;\">&nbsp;<\/p>\n<p style=\"text-align: justify;\">Los y las <strong>participantes <\/strong>que presenten ponencia escrita y cuya propuesta haya sido admitida por el o la coordinadora del Grupo de trabajo correspondiente, deber\u00e1n abonar los derechos de inscripci\u00f3n.<\/p>\n<table border=\"1\" cellspacing=\"0\" cellpadding=\"0\">\n<tbody>\n<tr>\n<td width=\"265\" valign=\"top\">Cuotas   de inscripci\u00f3n<\/td>\n<td width=\"161\" valign=\"top\">Hasta   el 30 septiembre<\/td>\n<td width=\"144\" valign=\"top\">Con   posterioridad<\/td>\n<\/tr>\n<tr>\n<td width=\"265\" valign=\"top\">Miembros   entidades asociadas al CEEIB&nbsp;<\/p>\n<p>Otras   filiaciones<\/p>\n<p>Asistentes<\/td>\n<td width=\"161\" valign=\"top\">40\u20ac&nbsp;<\/p>\n<p>50\u20ac<\/p>\n<p>30\u20ac<\/td>\n<td width=\"144\" valign=\"top\">55\u20ac&nbsp;<\/p>\n<p>65\u20ac<\/p>\n<p>40\u20ac<\/td>\n<\/tr>\n<\/tbody>\n<\/table>\n<p style=\"text-align: justify;\">&nbsp;<\/p>\n<p style=\"text-align: justify;\">Los pagos son individuales, de forma que si una ponencia tiene dos autores o autoras, ambos deber\u00e1n inscribirse y abonar la cuota para poder participar en el Encuentro, recibir la documentaci\u00f3n y el certificado correspondiente.<\/p>\n<p style=\"text-align: justify;\">&nbsp;<\/p>\n<p style=\"text-align: justify;\">Los y las participantes que presenten m\u00e1s de una ponencia s\u00f3lo deber\u00e1n abonar una (1) cuota.<\/p>\n<p style=\"text-align: justify;\">Pr\u00f3ximamente se podr\u00e1n descargar las instrucciones de pago y el formulario de inscripci\u00f3n, en la p\u00e1gina web del Congreso.<\/p>\n<p style=\"text-align: justify;\">&nbsp;<\/p>\n<p style=\"text-align: justify;\"><strong> <\/strong><\/p>\n<p style=\"text-align: justify;\"><strong>Programa preliminar<\/strong><\/p>\n<p style=\"text-align: justify;\"><strong> <\/strong><\/p>\n<table border=\"1\" cellspacing=\"0\" cellpadding=\"0\">\n<tbody>\n<tr>\n<td width=\"288\"><strong>Jueves 29 de noviembre<\/strong><\/td>\n<td width=\"288\"><strong>Viernes, 30 de noviembre<\/strong><\/td>\n<\/tr>\n<tr>\n<td width=\"288\">8:30 a 9:30h\u00a0\u00a0\u00a0\u00a0\u00a0\u00a0 Inscripci\u00f3n y documentaci\u00f3n&nbsp;<\/p>\n<p>10:00h\u00a0\u00a0\u00a0\u00a0\u00a0\u00a0\u00a0\u00a0\u00a0\u00a0\u00a0\u00a0\u00a0\u00a0\u00a0\u00a0   Conferencia Inaugural<\/p>\n<p>11:30 a 13:00h\u00a0\u00a0\u00a0 \u00c1reas Tem\u00e1ticas<\/p>\n<p>13:00 a 14:30h\u00a0\u00a0\u00a0 Mesa redonda<\/p>\n<p>&nbsp;<\/p>\n<p>16:00 a 17:30h\u00a0\u00a0\u00a0 \u00c1reas Tem\u00e1ticas<\/p>\n<p>18:00 a 19:30h\u00a0\u00a0\u00a0 \u00c1reas Tem\u00e1ticas<\/p>\n<p>&nbsp;<\/td>\n<td width=\"288\">9:00 a 10:30h\u00a0\u00a0\u00a0 \u00c1reas Tem\u00e1ticas&nbsp;<\/p>\n<p>10:45 a 12:15h\u00a0\u00a0 \u00c1reas Tem\u00e1ticas<\/p>\n<p>12:30 a 14:00h\u00a0\u00a0 \u00c1reas Tem\u00e1ticas<\/p>\n<p>&nbsp;<\/p>\n<p>16:00 a 17:30h\u00a0\u00a0 \u00c1reas Tem\u00e1ticas<\/p>\n<p>17:45 a 19:15h\u00a0 \u00a0\u00c1reas   Tem\u00e1ticas<\/p>\n<p>19:30h\u00a0\u00a0\u00a0\u00a0\u00a0\u00a0\u00a0\u00a0\u00a0\u00a0\u00a0\u00a0\u00a0\u00a0 \u00a0Ceremonia de clausura<\/td>\n<\/tr>\n<tr>\n<td colspan=\"2\" width=\"576\"><strong>S\u00e1bado 1 de diciembre<\/strong>&nbsp;<\/p>\n<p>10:00 -12:00 h\u00a0 Asamblea del CEEIB<\/td>\n<\/tr>\n<\/tbody>\n<\/table>\n<p style=\"text-align: justify;\">&nbsp;<\/p>\n<p style=\"text-align: justify;\">&nbsp;<\/p>\n<p style=\"text-align: justify;\"><strong>Actas<\/strong><\/p>\n<p style=\"text-align: justify;\">&nbsp;<\/p>\n<p style=\"text-align: justify;\">Como viene siendo habitual en los Encuentros del CEEIB, las Actas se entregar\u00e1n en formato digital (CD-ROM) con la documentaci\u00f3n completa el d\u00eda de su inauguraci\u00f3n.<\/p>\n<p style=\"text-align: justify;\">&nbsp;<\/p>\n<p style=\"text-align: justify;\">Las coordinadoras y los coordinadores de cada grupo de trabajo deber\u00e1n enviar los textos de las ponencias como muy tarde el <strong>30 de septiembre de 2012<\/strong>. Todos aquellos textos que no se encuentren en poder de la Organizaci\u00f3n en esa fecha no ser\u00e1n editados en las Actas.<\/p>\n<p style=\"text-align: justify;\">&nbsp;<\/p>\n<p style=\"text-align: justify;\">En pr\u00f3ximas circulares se distribuir\u00e1n las normas de edici\u00f3n para la presentaci\u00f3n de los textos. En todo caso, es responsabilidad de las y los coordinadores que los miembros de cada grupo de trabajo cumplan escrupulosamente los tiempos de entrega y las normas para la edici\u00f3n de los mismos: <span style=\"text-decoration: underline;\">s<\/span><span style=\"text-decoration: underline;\">\u00f3lo se editar\u00e1n los textos que cumplan las normas de edici\u00f3n cuando sean recibidos por la Organizaci\u00f3n.<\/span><\/p>\n<p style=\"text-align: justify;\"><strong> <\/strong><\/p>\n<p style=\"text-align: justify;\"><strong> <\/strong><\/p>\n<p style=\"text-align: justify;\"><strong>Fechas importantes<\/strong><\/p>\n<p style=\"text-align: justify;\">&nbsp;<\/p>\n<p style=\"text-align: justify;\"><span style=\"text-decoration: underline;\">\u00c1reas Tem\u00e1ticas <\/span><\/p>\n<p style=\"text-align: justify;\"><strong>28 de febrero de 2012<\/strong>: L\u00edmite para recepci\u00f3n de propuestas de grupos de trabajo en las \u00c1reas Tem\u00e1ticas.<\/p>\n<p style=\"text-align: justify;\"><strong>15 de marzo de 2012: <\/strong>Publicaci\u00f3n de propuestas de grupos de trabajo aceptadas.<\/p>\n<p style=\"text-align: justify;\"><span style=\"text-decoration: underline;\"> <\/span><\/p>\n<p style=\"text-align: justify;\"><span style=\"text-decoration: underline;\">Ponencias<\/span><\/p>\n<p style=\"text-align: justify;\"><strong>15 de marzo de 2012: <\/strong>Apertura del plazo para el env\u00edo de propuestas de ponencias a las y los coordinadores de grupos de trabajo.<\/p>\n<p style=\"text-align: justify;\"><strong>31 de mayo de 2012<\/strong>: Cierre del plazo para el env\u00edo de propuestas de ponencias a las y los coordinadores de grupos de trabajo.<\/p>\n<p style=\"text-align: justify;\"><strong>15 de junio de 2012<\/strong>: Las y los coordinadores comunicar\u00e1n la aceptaci\u00f3n de propuestas a ponentes.<\/p>\n<p style=\"text-align: justify;\"><strong>30 de junio de 2012<\/strong>: L\u00edmite para la remisi\u00f3n de la relaci\u00f3n de ponencias a la Secretar\u00eda del Comit\u00e9 Organizador por parte de las y los coordinadores de los grupos de trabajo.<\/p>\n<p style=\"text-align: justify;\"><span style=\"text-decoration: underline;\"> <\/span><\/p>\n<p style=\"text-align: justify;\"><span style=\"text-decoration: underline;\">Inscripciones <\/span><\/p>\n<p style=\"text-align: justify;\"><strong>15 Junio de 2012<\/strong>: Apertura del plazo de inscripci\u00f3n<\/p>\n<p style=\"text-align: justify;\"><strong>30 de septiembre: <\/strong>Cambio en las tarifas de inscripci\u00f3n<\/p>\n<p style=\"text-align: justify;\"><span style=\"text-decoration: underline;\"> <\/span><\/p>\n<p style=\"text-align: justify;\"><span style=\"text-decoration: underline;\">Actas del Encuentro<\/span><\/p>\n<p style=\"text-align: justify;\"><strong>30 de septiembre de 2012<\/strong>: Entrega de los textos para su inclusi\u00f3n en las Actas del Encuentro (coordinadores de mesa)<\/p>\n<p style=\"text-align: justify;\">Primera Circular: 27 de diciembre de 2012<\/p>\n<p style=\"text-align: justify;\"><strong>Publicado por ADHILAC Internacional \u00a9 www.adhilac.com.ar<\/strong><\/p>\n<p style=\"text-align: justify;\">Si Ud. desea asociarse de acuerdo a los Estatutos de ADHILAC\u00a0<a title=\"(ver)\" href=\"https:\/\/adhilac.com.ar\/?page_id=263\">(ver)<\/a> complete el siguiente formulario\u00a0<a title=\"(ver)\" href=\"https:\/\/adhilac.com.ar\/?page_id=4779\">(ver)<\/a><\/p>\n<p style=\"text-align: justify;\">E-mail: info@adhilac.com.ar<strong> <\/strong><\/p>\n<p style=\"text-align: justify;\">Twitter: @AdhilacInfo<\/p>\n","protected":false},"excerpt":{"rendered":"<p>Primera Circular XV Encuentro de Latinoamericanistas Espa\u00f1oles CONGRESO INTERNACIONAL \u201cAM\u00c9RICA LATINA: LA AUTONOM\u00cdA DE UNA REGI\u00d3N\u201d Universidad Complutense de Madrid Madrid, 29 y 30 de noviembre y 1 de diciembre de 2012<\/p>\n","protected":false},"author":2,"featured_media":0,"comment_status":"closed","ping_status":"closed","sticky":false,"template":"","format":"standard","meta":{"_crdt_document":"","footnotes":""},"categories":[5,40],"tags":[280],"class_list":["post-5378","post","type-post","status-publish","format-standard","hentry","category-congresos","category-informaciones","tag-integracion-regional"],"_links":{"self":[{"href":"https:\/\/adhilac.com.ar\/index.php?rest_route=\/wp\/v2\/posts\/5378","targetHints":{"allow":["GET"]}}],"collection":[{"href":"https:\/\/adhilac.com.ar\/index.php?rest_route=\/wp\/v2\/posts"}],"about":[{"href":"https:\/\/adhilac.com.ar\/index.php?rest_route=\/wp\/v2\/types\/post"}],"author":[{"embeddable":true,"href":"https:\/\/adhilac.com.ar\/index.php?rest_route=\/wp\/v2\/users\/2"}],"replies":[{"embeddable":true,"href":"https:\/\/adhilac.com.ar\/index.php?rest_route=%2Fwp%2Fv2%2Fcomments&post=5378"}],"version-history":[{"count":5,"href":"https:\/\/adhilac.com.ar\/index.php?rest_route=\/wp\/v2\/posts\/5378\/revisions"}],"predecessor-version":[{"id":5834,"href":"https:\/\/adhilac.com.ar\/index.php?rest_route=\/wp\/v2\/posts\/5378\/revisions\/5834"}],"wp:attachment":[{"href":"https:\/\/adhilac.com.ar\/index.php?rest_route=%2Fwp%2Fv2%2Fmedia&parent=5378"}],"wp:term":[{"taxonomy":"category","embeddable":true,"href":"https:\/\/adhilac.com.ar\/index.php?rest_route=%2Fwp%2Fv2%2Fcategories&post=5378"},{"taxonomy":"post_tag","embeddable":true,"href":"https:\/\/adhilac.com.ar\/index.php?rest_route=%2Fwp%2Fv2%2Ftags&post=5378"}],"curies":[{"name":"wp","href":"https:\/\/api.w.org\/{rel}","templated":true}]}}