{"id":5410,"date":"2012-01-17T04:09:53","date_gmt":"2012-01-17T07:09:53","guid":{"rendered":"https:\/\/adhilac.com.ar\/?p=5410"},"modified":"2012-06-27T14:30:26","modified_gmt":"2012-06-27T17:30:26","slug":"eloy-alfaro-internacionalista-juan-j-paz-y-mino-cepeda","status":"publish","type":"post","link":"https:\/\/adhilac.com.ar\/?p=5410","title":{"rendered":"Eloy Alfaro: internacionalista. Juan J. Paz y Mi\u00f1o Cepeda"},"content":{"rendered":"<h3><span style=\"color: #339966;\">Centenario de la muerte de Eloy Alfaro<\/span><\/h3>\n<p><span style=\"color: #800000;\"><a href=\"https:\/\/adhilac.com.ar\/wp-content\/uploads\/2012\/01\/Eloy-Alfaro.jpg\"><img loading=\"lazy\" decoding=\"async\" class=\"size-full wp-image-5411 alignleft\" title=\"Eloy-Alfaro\" src=\"https:\/\/adhilac.com.ar\/wp-content\/uploads\/2012\/01\/Eloy-Alfaro.jpg\" alt=\"\" width=\"228\" height=\"168\" \/><\/a><\/span><\/p>\n<p style=\"text-align: justify;\">El 28 de enero  se recordar\u00e1 en Ecuador a Eloy Alfaro (1847-1912), en el centenario de su  escandalosa muerte.<\/p>\n<p style=\"text-align: justify;\">Alfaro encabez\u00f3  la revoluci\u00f3n liberal, la m\u00e1s importante transformaci\u00f3n del pa\u00eds despu\u00e9s de la  revoluci\u00f3n independentista, porque consolid\u00f3 el Estado Nacional, separ\u00f3 Iglesia  y Estado, introdujo la educaci\u00f3n p\u00fablica laica, seculariz\u00f3 la cultura, proclam\u00f3  los m\u00e1s amplios derechos individuales, profesionaliz\u00f3 al Ej\u00e9rcito,<!--more--> promovi\u00f3 la  modernizaci\u00f3n \u201cproto-capitalista\u201d y trat\u00f3 de mejorar las condiciones de vida y  trabajo de la poblaci\u00f3n.<\/p>\n<p style=\"text-align: justify;\">&nbsp;<\/p>\n<p style=\"text-align: justify;\">Alfaro tambi\u00e9n  fue un consecuente latinoamericanista. No solo trat\u00f3 con prestantes liberales de  la regi\u00f3n para afirmar solidaridades y recursos por la causa com\u00fan del  liberalismo, sino que tuvo acciones espec\u00edficas a favor de Venezuela por la  Guayana Esequiva y de Cuba por su independencia.<\/p>\n<p style=\"text-align: justify;\">&nbsp;<\/p>\n<p style=\"text-align: justify;\">No fue \u201cenemigo\u201d  de los Estados Unidos, pero advirti\u00f3 su expansi\u00f3n imperialista sobre el  continente. Precisamente con el prop\u00f3sito de crear un Derecho P\u00fablico Americano  que frene la manipulaci\u00f3n de la Doctrina Monroe (\u201cAm\u00e9rica para los americanos\u201d)  por parte de los EEUU, Alfaro convoc\u00f3 a un congreso continental que deb\u00eda  reunirse en M\u00e9xico, el 10 de agosto de 1896, fecha que recordar\u00eda al Primer  Grito de Independencia proclamado en Quito, el 10 de agosto de  1809.<\/p>\n<p style=\"text-align: justify;\">&nbsp;<\/p>\n<p style=\"text-align: justify;\">Ese congreso fue  boicoteado por los EEUU. Su Secretario de Estado, Mr. Olney, exig\u00eda que el  Congreso se realizara en Washington y bajo la condici\u00f3n de que asistieran todas  las rep\u00fablicas americanas. El Ministro mexicano Mat\u00edas Romero informaba a su  gobierno la \u00abninguna disposici\u00f3n\u00bb de Washington para la celebraci\u00f3n del  Congreso. Y el Encargado de Negocios de M\u00e9xico, Miguel Covarruvias, informaba  que Olney sosten\u00eda que \u201cel Ecuador no ten\u00eda el prestigio bastante para acometer  ni para llevar a cabo una empresa de la importancia que deb\u00eda tener un Congreso  americano\u201d.<\/p>\n<p style=\"text-align: justify;\">&nbsp;<\/p>\n<p style=\"text-align: justify;\">Como resultado  de las presiones ocultas o las influencias directas, el d\u00eda fijado solo se  reunieron en el Palacio de Chapultepec de M\u00e9xico los representantes de ocho  pa\u00edses. Sin embargo, ellos aprobaron una contundente Declaraci\u00f3n, reconociendo  que la Doctrina Monroe era una simple regla de conducta internacional aplicada a  conveniencia de los EEUU. Y que, por tanto, era necesario someterla a un  verdadero Derecho P\u00fablico continental.<\/p>\n<p style=\"text-align: justify;\">&nbsp;<\/p>\n<p style=\"text-align: justify;\">Pero la  declaraci\u00f3n qued\u00f3 en el aire y el \u201camericanismo\u201d continu\u00f3 largamente como norma  al servicio de los intereses norteamericanos.<\/p>\n<p style=\"text-align: justify;\">&nbsp;<\/p>\n<p style=\"text-align: justify;\">Fuente: El\u00a0tel\u00e9grafo: Primer diario publico<\/p>\n<p style=\"text-align: justify;\">16 de enero de 2012<\/p>\n<p style=\"text-align: justify;\"><strong>Publicado por ADHILAC Internacional \u00a9 www.adhilac.com.ar<\/strong><\/p>\n<p style=\"text-align: justify;\">Si Ud. desea asociarse de acuerdo a los Estatutos de ADHILAC\u00a0<a title=\"(ver)\" href=\"https:\/\/adhilac.com.ar\/?page_id=263\">(ver)<\/a> complete el siguiente formulario\u00a0<a title=\"(ver)\" href=\"https:\/\/adhilac.com.ar\/?page_id=4779\">(ver)<\/a><\/p>\n<p style=\"text-align: justify;\">E-mail: info@adhilac.com.ar<strong> <\/strong><\/p>\n<p style=\"text-align: justify;\">Twitter: @AdhilacInfo<\/p>\n<p style=\"text-align: justify;\">&nbsp;<\/p>\n","protected":false},"excerpt":{"rendered":"<p>Centenario de la muerte de Eloy Alfaro El 28 de enero se recordar\u00e1 en Ecuador a Eloy Alfaro (1847-1912), en el centenario de su escandalosa muerte. Alfaro encabez\u00f3 la revoluci\u00f3n liberal, la m\u00e1s importante transformaci\u00f3n del pa\u00eds despu\u00e9s de la revoluci\u00f3n independentista, porque consolid\u00f3 el Estado Nacional, separ\u00f3 Iglesia y Estado, introdujo la educaci\u00f3n p\u00fablica [&hellip;]<\/p>\n","protected":false},"author":2,"featured_media":0,"comment_status":"closed","ping_status":"closed","sticky":false,"template":"","format":"standard","meta":{"_crdt_document":"","footnotes":""},"categories":[32,6],"tags":[27,281,282],"class_list":["post-5410","post","type-post","status-publish","format-standard","hentry","category-adhilac-ecuador","category-biblioteca","tag-ecuador","tag-eloy-alfaro","tag-liberalismo"],"_links":{"self":[{"href":"https:\/\/adhilac.com.ar\/index.php?rest_route=\/wp\/v2\/posts\/5410","targetHints":{"allow":["GET"]}}],"collection":[{"href":"https:\/\/adhilac.com.ar\/index.php?rest_route=\/wp\/v2\/posts"}],"about":[{"href":"https:\/\/adhilac.com.ar\/index.php?rest_route=\/wp\/v2\/types\/post"}],"author":[{"embeddable":true,"href":"https:\/\/adhilac.com.ar\/index.php?rest_route=\/wp\/v2\/users\/2"}],"replies":[{"embeddable":true,"href":"https:\/\/adhilac.com.ar\/index.php?rest_route=%2Fwp%2Fv2%2Fcomments&post=5410"}],"version-history":[{"count":3,"href":"https:\/\/adhilac.com.ar\/index.php?rest_route=\/wp\/v2\/posts\/5410\/revisions"}],"predecessor-version":[{"id":5832,"href":"https:\/\/adhilac.com.ar\/index.php?rest_route=\/wp\/v2\/posts\/5410\/revisions\/5832"}],"wp:attachment":[{"href":"https:\/\/adhilac.com.ar\/index.php?rest_route=%2Fwp%2Fv2%2Fmedia&parent=5410"}],"wp:term":[{"taxonomy":"category","embeddable":true,"href":"https:\/\/adhilac.com.ar\/index.php?rest_route=%2Fwp%2Fv2%2Fcategories&post=5410"},{"taxonomy":"post_tag","embeddable":true,"href":"https:\/\/adhilac.com.ar\/index.php?rest_route=%2Fwp%2Fv2%2Ftags&post=5410"}],"curies":[{"name":"wp","href":"https:\/\/api.w.org\/{rel}","templated":true}]}}