{"id":5433,"date":"2012-01-29T02:43:16","date_gmt":"2012-01-29T05:43:16","guid":{"rendered":"https:\/\/adhilac.com.ar\/?p=5433"},"modified":"2012-12-22T14:53:35","modified_gmt":"2012-12-22T17:53:35","slug":"el-mercado-de-san-miguel-y-su-gente-muestra-fotografica-salta-argentina","status":"publish","type":"post","link":"https:\/\/adhilac.com.ar\/?p=5433","title":{"rendered":"El Mercado de San Miguel y su gente. Muestra fotogr\u00e1fica. Salta. Argentina"},"content":{"rendered":"<h3><span style=\"color: #339966;\">Exposici\u00f3n de fotograf\u00edas de Basilio Wizny<\/span><\/h3>\n<p style=\"text-align: justify;\">que se lleva a cabo en las Salas del Museo de Bellas Artes Arias Rengell de la ciudad de Salta, Argentina durante el mes de febrero de 2012<\/p>\n<p style=\"text-align: justify;\"><strong> <\/strong><\/p>\n<p style=\"text-align: justify;\"><strong><a href=\"https:\/\/adhilac.com.ar\/wp-content\/uploads\/2012\/02\/Mercado-San-Miguel-Afiche-3.jpg\"><img loading=\"lazy\" decoding=\"async\" class=\"alignleft size-full wp-image-5434\" title=\"Mercado San Miguel Afiche 3\" src=\"https:\/\/adhilac.com.ar\/wp-content\/uploads\/2012\/02\/Mercado-San-Miguel-Afiche-3.jpg\" alt=\"\" width=\"368\" height=\"246\" srcset=\"https:\/\/adhilac.com.ar\/wp-content\/uploads\/2012\/02\/Mercado-San-Miguel-Afiche-3.jpg 1024w, https:\/\/adhilac.com.ar\/wp-content\/uploads\/2012\/02\/Mercado-San-Miguel-Afiche-3-300x200.jpg 300w\" sizes=\"auto, (max-width: 368px) 100vw, 368px\" \/><\/a><\/strong><\/p>\n<p style=\"text-align: justify;\">El tratamiento ic\u00f3nico de la Gente del Mercado San Miguel de la ciudad de Salta nos posiciona en la visi\u00f3n de la cotidianeidad laboral y lo espont\u00e1neo de los momentos captados en sus protagonistas.<!--more--><\/p>\n<p style=\"text-align: justify;\">&nbsp;<\/p>\n<p style=\"text-align: justify;\">Este \u00e1mbito p\u00fablico, comercial y social es uno de los m\u00e1s antiguos de la ciudad, comparable con las escuelas, las organizaciones y actividades sociales y deportivas y ciertas estructuras del estado, pero posee mayor apertura e integraci\u00f3n comunitaria y el m\u00e9rito de una permanencia que el \u201cprogreso\u201d no pudo desplazar.<\/p>\n<p style=\"text-align: justify;\">&nbsp;<\/p>\n<p style=\"text-align: justify;\">Esta cargado con m\u00e1s de 130 a\u00f1os de historia cotidiana, con actores cambiantes en lo fison\u00f3mico y en lo que ata\u00f1e a su indumentaria, pero la esencia, entiendo, es la misma, instal\u00e1ndose una suerte de espect\u00e1culo que siempre debe continuar porque la comunidad le proporciona vigencia al tiempo que se lo exige; los rostros cambian, las nacionalidades se rotan, al igual que algunos usos pero si nos fuera posible llevar estos personajes a 50 o cien a\u00f1os atr\u00e1s o hacia el futuro nos mostrar\u00edan esta esencia inmutable que poseen las actividades ligadas a la vida diaria.<\/p>\n<p style=\"text-align: justify;\">&nbsp;<\/p>\n<p style=\"text-align: justify;\">Este cotidiano es lo que pretend\u00ed suspender en el tiempo ralentizado de una fotograf\u00eda y que por extensi\u00f3n podemos leer como un homenaje al trabajo.<\/p>\n<p style=\"text-align: justify;\">&nbsp;<\/p>\n<p style=\"text-align: justify;\">Basilio Wizny<\/p>\n<p style=\"text-align: justify;\">Salta, 29 de enero de 2011<\/p>\n<p style=\"text-align: justify;\"><strong>Publicado por ADHILAC Internacional \u00a9 www.adhilac.com.ar<\/strong><\/p>\n<p style=\"text-align: justify;\">Si Ud. desea asociarse de acuerdo a los Estatutos de ADHILAC\u00a0<a title=\"(ver)\" href=\"https:\/\/adhilac.com.ar\/?page_id=263\">(ver)<\/a> complete el siguiente formulario\u00a0<a title=\"(ver)\" href=\"https:\/\/adhilac.com.ar\/?page_id=4779\">(ver)<\/a><\/p>\n<p style=\"text-align: justify;\">E-mail: info@adhilac.com.ar<strong> <\/strong><\/p>\n<p style=\"text-align: justify;\">Twitter: @AdhilacInfo<\/p>\n<p style=\"text-align: justify;\">&nbsp;<\/p>\n","protected":false},"excerpt":{"rendered":"<p>Exposici\u00f3n de fotograf\u00edas de Basilio Wizny que se lleva a cabo en las Salas del Museo de Bellas Artes Arias Rengell de la ciudad de Salta, Argentina durante el mes de febrero de 2012 El tratamiento ic\u00f3nico de la Gente del Mercado San Miguel de la ciudad de Salta nos posiciona en la visi\u00f3n de [&hellip;]<\/p>\n","protected":false},"author":2,"featured_media":0,"comment_status":"closed","ping_status":"closed","sticky":false,"template":"","format":"standard","meta":{"_crdt_document":"","footnotes":""},"categories":[106,202,40],"tags":[67,286,287],"class_list":["post-5433","post","type-post","status-publish","format-standard","hentry","category-arte-y-artistas","category-imagenes-audio-video","category-informaciones","tag-argentina","tag-fotografias","tag-salta"],"_links":{"self":[{"href":"https:\/\/adhilac.com.ar\/index.php?rest_route=\/wp\/v2\/posts\/5433","targetHints":{"allow":["GET"]}}],"collection":[{"href":"https:\/\/adhilac.com.ar\/index.php?rest_route=\/wp\/v2\/posts"}],"about":[{"href":"https:\/\/adhilac.com.ar\/index.php?rest_route=\/wp\/v2\/types\/post"}],"author":[{"embeddable":true,"href":"https:\/\/adhilac.com.ar\/index.php?rest_route=\/wp\/v2\/users\/2"}],"replies":[{"embeddable":true,"href":"https:\/\/adhilac.com.ar\/index.php?rest_route=%2Fwp%2Fv2%2Fcomments&post=5433"}],"version-history":[{"count":5,"href":"https:\/\/adhilac.com.ar\/index.php?rest_route=\/wp\/v2\/posts\/5433\/revisions"}],"predecessor-version":[{"id":7539,"href":"https:\/\/adhilac.com.ar\/index.php?rest_route=\/wp\/v2\/posts\/5433\/revisions\/7539"}],"wp:attachment":[{"href":"https:\/\/adhilac.com.ar\/index.php?rest_route=%2Fwp%2Fv2%2Fmedia&parent=5433"}],"wp:term":[{"taxonomy":"category","embeddable":true,"href":"https:\/\/adhilac.com.ar\/index.php?rest_route=%2Fwp%2Fv2%2Fcategories&post=5433"},{"taxonomy":"post_tag","embeddable":true,"href":"https:\/\/adhilac.com.ar\/index.php?rest_route=%2Fwp%2Fv2%2Ftags&post=5433"}],"curies":[{"name":"wp","href":"https:\/\/api.w.org\/{rel}","templated":true}]}}