{"id":5463,"date":"2012-03-18T09:14:49","date_gmt":"2012-03-18T12:14:49","guid":{"rendered":"https:\/\/adhilac.com.ar\/?p=5463"},"modified":"2012-06-27T14:23:28","modified_gmt":"2012-06-27T17:23:28","slug":"varios-distinguidos-miembros-de-adhilac-elegidos-miembros-correspondientes-de-la-academia-de-la-historia-de-cuba","status":"publish","type":"post","link":"https:\/\/adhilac.com.ar\/?p=5463","title":{"rendered":"Varios distinguidos miembros de ADHILAC elegidos miembros correspondientes de la Academia de la Historia de Cuba."},"content":{"rendered":"<p style=\"text-align: justify;\">En la tarde del 16 de marzo de 2012 en sesi\u00f3n solemne de la Academia de la Historia de Cuba efectuada en el Aula Magna del Colegio Universitario San Ger\u00f3nimo, en La Habana, se dio a conocer el ingreso como Miembros Correspondientes Extranjeros de esta instituci\u00f3n a 19 historiadores de varios pa\u00edses, entre ellos, los doctores Franklyn Knight, Luis P\u00e9rez, Piero Gleijeses, Eugenia Meyer, Paul Estrade, Jorge N\u00fa\u00f1ez, Consuelo Naranjo, Emilio Cordero Michel, Bernardo Garc\u00eda D\u00edaz, Carlos Boj\u00f3rquez Urzaiz, Michael Zeuske, Hal Klepack, Armando Vargas Araya, Pablo Tornero, Eduardo Alexandrenkov, Antonio Santamar\u00eda, Manuel Antonio Garc\u00eda Arevalo Pedro Pablo Abreu y Jean Stubbes.<!--more--><\/p>\n<p style=\"text-align: justify;\">En la ceremonia estuvieron presentes, entre otras personalidades, Abel Prieto Jim\u00e9nez. Asesor del Presidente del Consejo de Estado y de Ministros de la Rep\u00fablica de Cuba Ra\u00fal Castro Ruz, el Ministro de Cultura de Cuba Rafael Bernal Alema\u00f1y, el Secretario del Consejo de Estado Homero Acosta \u00c1lvarez y el Viceministro de Relaciones Exteriores de Cuba Rogelio Sierra, \u00a0as\u00ed como el Viceministro de Relaciones Exteriores y Cultos y el de Cultura de la Rep\u00fablica de Costa Rica, se\u00f1ores Carlos Roverssi Rojas e Iv\u00e1n Rodr\u00edguez, junto a miembros del cuerpo diplom\u00e1tico acreditado en Cuba.<\/p>\n<p style=\"text-align: justify;\">&nbsp;<\/p>\n<p style=\"text-align: justify;\">En la sesi\u00f3n, presidida por la Junta Directiva de la Academia de la Historia de Cuba, integrada por los doctores Eduardo Torres Cuevas, Mar\u00eda del Carmen Barcia, Pedro Pablo Rodr\u00edguez, Oscar Zanetti Lecuona y Sergio Guerra Vilaboy se explic\u00f3 que los Acad\u00e9micos Correspondientes Extranjeros fueron elegidos por los 24 Acad\u00e9micos de N\u00famero en votaci\u00f3n secreta efectuada el pasado 13 de marzo. En su discurso de elogio de los Acad\u00e9micos Correspondientes Extranjeros, el Presidente de la Academia de la Historia de Cuba, Dr. Eduardo Torres Cuevas, coment\u00f3 tambi\u00e9n que los 19 historiadores fueron escogidos por sus relevante obra historiogr\u00e1fica y significativos aportes a la Historia de Cuba y a tres de ellos, que se encontraban presentes, Michael Zeuske de Alemania, Hal Klepack de Canad\u00e1 y Armando Vargas Araya de Costa Rica les fue entregado el diploma acreditativo de su nueva condici\u00f3n.<\/p>\n<p style=\"text-align: justify;\">&nbsp;<\/p>\n<p style=\"text-align: justify;\">El discurso de agradecimiento fue pronunciado por el Dr. Armando Vargas Araya, quien adem\u00e1s aprovech\u00f3 la ocasi\u00f3n para presentar su libro <em>El C\u00f3digo Maceo. El general Antonio en Am\u00e9rica Latina<\/em>, reci\u00e9n editado por la propia Academia de la Historia de Cuba. Las palabras de clausura de la ceremonia estuvieron a cargo del Acad\u00e9mico de N\u00famero y Director de la Oficina del Historiador de la Ciudad de la Habana Dr. Eusebio Leal Spengler<\/p>\n<p style=\"text-align: justify;\">&nbsp;<\/p>\n<p style=\"text-align: justify;\"><strong>Publicado por ADHILAC Internacional \u00a9 www.adhilac.com.ar<\/strong><\/p>\n<p style=\"text-align: justify;\">Si Ud. desea asociarse de acuerdo a los Estatutos de ADHILAC\u00a0<a title=\"(ver)\" href=\"https:\/\/adhilac.com.ar\/?page_id=263\">(ver)<\/a> complete el siguiente formulario\u00a0<a title=\"(ver)\" href=\"https:\/\/adhilac.com.ar\/?page_id=4779\">(ver)<\/a><\/p>\n<p style=\"text-align: justify;\">E-mail: info@adhilac.com.ar<strong> <\/strong><\/p>\n<p style=\"text-align: justify;\">Twitter: @AdhilacInfo<\/p>\n<p style=\"text-align: justify;\">&nbsp;<\/p>\n<p style=\"text-align: justify;\">&nbsp;<\/p>\n","protected":false},"excerpt":{"rendered":"<p>En la tarde del 16 de marzo de 2012 en sesi\u00f3n solemne de la Academia de la Historia de Cuba efectuada en el Aula Magna del Colegio Universitario San Ger\u00f3nimo, en La Habana, se dio a conocer el ingreso como Miembros Correspondientes Extranjeros de esta instituci\u00f3n a 19 historiadores de varios pa\u00edses, entre ellos, los [&hellip;]<\/p>\n","protected":false},"author":2,"featured_media":0,"comment_status":"closed","ping_status":"closed","sticky":false,"template":"","format":"standard","meta":{"_crdt_document":"","footnotes":""},"categories":[18,3,40],"tags":[129,63],"class_list":["post-5463","post","type-post","status-publish","format-standard","hentry","category-adhilac-cuba","category-adhilac-inter","category-informaciones","tag-academia-de-la-historia","tag-cuba"],"_links":{"self":[{"href":"https:\/\/adhilac.com.ar\/index.php?rest_route=\/wp\/v2\/posts\/5463","targetHints":{"allow":["GET"]}}],"collection":[{"href":"https:\/\/adhilac.com.ar\/index.php?rest_route=\/wp\/v2\/posts"}],"about":[{"href":"https:\/\/adhilac.com.ar\/index.php?rest_route=\/wp\/v2\/types\/post"}],"author":[{"embeddable":true,"href":"https:\/\/adhilac.com.ar\/index.php?rest_route=\/wp\/v2\/users\/2"}],"replies":[{"embeddable":true,"href":"https:\/\/adhilac.com.ar\/index.php?rest_route=%2Fwp%2Fv2%2Fcomments&post=5463"}],"version-history":[{"count":6,"href":"https:\/\/adhilac.com.ar\/index.php?rest_route=\/wp\/v2\/posts\/5463\/revisions"}],"predecessor-version":[{"id":5474,"href":"https:\/\/adhilac.com.ar\/index.php?rest_route=\/wp\/v2\/posts\/5463\/revisions\/5474"}],"wp:attachment":[{"href":"https:\/\/adhilac.com.ar\/index.php?rest_route=%2Fwp%2Fv2%2Fmedia&parent=5463"}],"wp:term":[{"taxonomy":"category","embeddable":true,"href":"https:\/\/adhilac.com.ar\/index.php?rest_route=%2Fwp%2Fv2%2Fcategories&post=5463"},{"taxonomy":"post_tag","embeddable":true,"href":"https:\/\/adhilac.com.ar\/index.php?rest_route=%2Fwp%2Fv2%2Ftags&post=5463"}],"curies":[{"name":"wp","href":"https:\/\/api.w.org\/{rel}","templated":true}]}}