{"id":5504,"date":"2012-04-30T06:13:23","date_gmt":"2012-04-30T09:13:23","guid":{"rendered":"https:\/\/adhilac.com.ar\/?p=5504"},"modified":"2012-11-14T13:53:22","modified_gmt":"2012-11-14T16:53:22","slug":"malvinas-declaraciones-del-descendiente-del-gobernador-vernet","status":"publish","type":"post","link":"https:\/\/adhilac.com.ar\/?p=5504","title":{"rendered":"Malvinas. Declaraciones del descendiente del gobernador Vernet"},"content":{"rendered":"<p><em> <\/em><\/p>\n<h3><span style=\"color: #339966;\">A 30 a\u00f1os de la Guerra de Malvinas<\/span><\/h3>\n<p><a href=\"https:\/\/adhilac.com.ar\/wp-content\/uploads\/2010\/06\/Malvinas-Ariadna-Tucma-4.jpg\"><img loading=\"lazy\" decoding=\"async\" class=\"alignleft size-full wp-image-1740\" title=\"Malvinas Ariadna Tucma 4\" src=\"https:\/\/adhilac.com.ar\/wp-content\/uploads\/2010\/06\/Malvinas-Ariadna-Tucma-4.jpg\" alt=\"\" width=\"256\" height=\"198\" \/><\/a><\/p>\n<p style=\"text-align: justify;\"><em> En el diario <\/em>Tiempo Argentino<em> el investigador argentino Marcelo Vernet, descendiente del gobernador Vernet nombrado por Bernardino Rivadavia en 1822 analiza la\u00a0situaci\u00f3n\u00a0de las islas a futuro.<\/em><\/p>\n<p style=\"text-align: justify;\">Tiempo Argentino\u00a002.04.2012<\/p>\n<p style=\"text-align: justify;\">Por: Martin Piqu\u00e9<\/p>\n<p style=\"text-align: justify;\">Marcelo Vernet\u201cHay posibilidades de recuperar las islas\u201d\u00a0El chozno del primer comandante argentino en las Malvinas asegura en esta entrevista que inevitablemente se va a ir hacia la negociaci\u00f3n por la soberan\u00eda del archipi\u00e9lago porque al Reino Unido le resultar\u00e1 cada vez \u201cm\u00e1s gravoso\u201d sostenerlo. Historiador, poeta y un investigador apasionado de la vida cotidiana en el Atl\u00e1ntico Sur, considera que la estrategia es continuar involucrando a la regi\u00f3n pensando las islas como parte de Sudam\u00e9rica.<!--more--><br \/>\nA Marcelo Luis Vernet le pesaba el apellido. Ya desde ni\u00f1o, en la escuela primaria, cierta tradici\u00f3n familiar lo invitaba a hacer honor a ese apellido. Y, para colmo, la palabra \u201cVernet\u201d aparec\u00eda en los libros de historia. As\u00ed empez\u00f3 su pasi\u00f3n. Cada 10 de junio, cuando en el calendario escolar se recordaba el aniversario de la creaci\u00f3n de la comandancia pol\u00edtica y militar de Malvinas, las maestras le ped\u00edan que preparara una exposici\u00f3n sobre la historia de las islas. Marcelo, que en la universidad estudiar\u00eda antropolog\u00eda cultural y letras, comenz\u00f3 a foguearse con la tarea de contar. Para su alivio, la casa paterna le prove\u00eda de un salvavidas inestimable: en la biblioteca hab\u00eda encontrado un libro-film, que tra\u00eda l\u00e1minas con diapositivas, que se llamaba Conozca las Malvinas.<\/p>\n<p style=\"text-align: justify;\">\u201cComo yo me llamaba Vernet, me embocaban sistem\u00e1ticamente para hacer algo en esa fecha. Entonces yo zafaba con las diapositivas. Era Gardel, me estudiaba de memoria cada foto y por las dudas ten\u00eda un machete. Se oscurec\u00eda el aula, se consegu\u00eda un proyector y parec\u00eda que yo hab\u00eda ido a las Malvinas\u201d, recuerda hoy Marcelo, con m\u00e1s de 50 a\u00f1os sobre el lomo y la autoridad de haberse convertido en un historiador especializado en la vida cotidiana de las islas.<\/p>\n<p style=\"text-align: justify;\">Periodista, poeta, investigador de la historia del Atl\u00e1ntico Sur, Marcelo Luis Vernet respondi\u00f3 al llamado de la sangre: el primer comandante pol\u00edtico y militar de las Malvinas, el comerciante Luis Vernet, fue el abuelo de su abuelo. \u201cO sea, yo vengo a ser el tataranieto. O chozno\u201d, se corrige, divertido, a poco de comenzar la entrevista.Entusiasmadas con su facilidad para recordar nombres propios y detalles de la geograf\u00eda austral, su familia le propuso que se preparara para ir al programa \u201cOdol Pregunta\u201d, que conduc\u00eda Cacho Fontana. \u201cMe compr\u00e9 un cuaderno escolar, de esos \u00c9xito o Gloria, y empec\u00e9 a leer sistem\u00e1ticamente. Aunque al cuarto descubrimiento mand\u00e9 todo al corno. Cada vez hab\u00eda m\u00e1s golfos, bah\u00edas, fechas. Y eran nombres impronunciables\u201d, rememora.<\/p>\n<p style=\"text-align: justify;\">Aunque no lleg\u00f3 a la televisi\u00f3n, Marcelo s\u00ed accedi\u00f3 a otra cosa: conoci\u00f3 la historia de Mar\u00eda S\u00e1ez de Vernet, la esposa del abuelo de su abuelo. En el revuelo de libros consultados, mientras estudiaba de memoria para impactar a Cacho Fontana, encontr\u00f3 en la biblioteca un peque\u00f1o volumen de Redenci\u00f3n de la soberan\u00eda, firmado por Antonio Montarc\u00e9 Lastra. Era un libro escrito con una verba inflamada de nacionalismo hisp\u00e1nico y cat\u00f3lico. \u201cEn la primera mitad del librito hab\u00eda un tesoro\u201d, explica. El librito reproduc\u00eda de forma textual el Diario \u00edntimo de Mar\u00eda S\u00e1ez de Vernet en Malvinas.<\/p>\n<p style=\"text-align: justify;\">\u201cElla era uruguaya, una criolla. Y en el diario contaba el d\u00eda a d\u00eda de lo que pasaba en Puerto Soledad. Ese lugar est\u00e1 al norte de lo que hoy es Puerto Argentino o Puerto Stanley, en lo que es la Bah\u00eda de la Anunciaci\u00f3n, o Berkeley Sound en ingl\u00e9s. Hoy es el apostadero naval de una estancia. \u00a0All\u00ed viv\u00edan alrededor de 100 personas. Es un diario \u00edntimo t\u00edpico de una mujer del siglo XIX: con referencias a los chicos, a la casa, al trabajo\u201d, cuenta.La lectura de las vivencias de Mar\u00eda S\u00e1ez, que lleg\u00f3 embarazada a las Malvinas y tuvo cuatro hijos con el primer comandante de las Malvinas, acerc\u00f3 a Marcelo Vernet al gran tema de su vida: la investigaci\u00f3n de la vida cotidiana en las islas entre 1822 y 1833.<\/p>\n<p style=\"text-align: justify;\">\u201cLuis Vernet ven\u00eda de Hamburgo, Alemania, aunque su familia era francesa hasta la maceta. Probablemente se hab\u00edan ido de Francia por cuestiones religiosas: eran hugonotes (protestantes). Vernet hab\u00eda hecho muchos viajes como el tripulante que iba al cuidado de un embarque comercial. \u00bfPor qu\u00e9 cay\u00f3 en Buenos Aires? \u00c9l se dedicaba al comercio de carnes y cueros. Y para alguien que se dedicaba a eso, Buenos Aires era \u201cla\u201d plaza comercial. Instalarse ac\u00e1 debe haber sido para \u00e9l como escalar en ese rubro.\u201d\u00a0\u2013\u00bfCu\u00e1nta gente viv\u00eda en Malvinas a principios de 1830?\u2013Ese es mi tema, es mi pasi\u00f3n. Por el diario (de Mar\u00eda S\u00e1ez) yo me meto y veo que hab\u00eda un mundo ah\u00ed. Lo mismo revela el diario que escribi\u00f3 Emilio, el hermano de Luis. Era un texto m\u00e1s pr\u00e1ctico, en el que anotaba cuestiones del trabajo. Pero tambi\u00e9n contaba que, cuando hab\u00eda alguna festividad vinculada a una fecha patria, como el 25 de Mayo, el festejo consist\u00eda en alzar la bandera, tirar una salva de ca\u00f1onazos, comer asado con cuero, tortas, tiro al blanco y carreras de caballos. Ese era el festejo m\u00e1s o menos solemne. Todo esto me permiti\u00f3 trabajar la gesta cotidiana del poblamiento de Malvinas con probanzas testimoniales. Y lo que descubr\u00ed est\u00e1 muy lejos del clich\u00e9 muy abstracto que comenz\u00f3 a circular en el pa\u00eds a partir de 1982.<\/p>\n<p style=\"text-align: justify;\">&nbsp;<\/p>\n<p style=\"text-align: justify;\">Era la frase de \u201clas Malvinas son argentinas\u201d y un recuerdo difuso sobre algo parecido a una gobernaci\u00f3n. Pero nadie le entraba al tema como correspond\u00eda.\u2013Ese desconocimiento favoreci\u00f3 la posici\u00f3n de los brit\u00e1nicos, que al escuchar que los kelpers son una poblaci\u00f3n trasplantada de la metr\u00f3poli contestan que las Malvinas, en 1833, eran un territorio desocupado.\u2013Claro. Hablan de res nullius (expresi\u00f3n que en lat\u00edn significa \u201cpropiedad de nadie\u201d), de que en 1833 las Malvinas eran un presidio en ruinas.\u2013Dicen que el Estado argentino no valoraba ese territorio\u2026\u2013Pero no era as\u00ed. Las Malvinas eran un territorio estrat\u00e9gico. Y lo primero que hay que ver para hacer justicia, si se quiere entender el poblamiento de Malvinas, es estudiar la historia de los procesos de colonizaci\u00f3n. Hay que estudiar todos los proyectos fallidos de colonizaci\u00f3n de la \u00e9poca de Bernardino Rivadavia, contempor\u00e1neos al empr\u00e9stito de la Baring Brothers. Malvinas fue un exitoso proyecto de colonizaci\u00f3n, coet\u00e1neo a todos estos procesos, que va desde 1823 a 1833. Y ese colonizador de Malvinas sobrevivi\u00f3 al fusilamiento de Dorrego,sobrevivi\u00f3 a la era rivadaviana, sobrevivi\u00f3 al crack de 1824 y 1825. Y s\u00f3lo fue abortado por la intervenci\u00f3n de dos potencias extranjeras, EE UU y Gran Breta\u00f1a.<\/p>\n<p style=\"text-align: justify;\">&nbsp;<\/p>\n<p style=\"text-align: justify;\">PATAG\u00d3NICOS Y SUDAMERICANOS.<\/p>\n<p style=\"text-align: justify;\">Marcelo Vernet suele definirse como periodista, poeta, historiador. En dos ocasiones form\u00f3 parte de la comitiva oficial que represent\u00f3 a la Argentina en la sesi\u00f3n anual del Comit\u00e9 de Descolonizaci\u00f3n de la ONU. Le gustar\u00eda colaborar con el Museo sobre la historia de las islas, que tendr\u00e1 su sede en la ex ESMA. \u201cHasta ahora no me llamaron pero espero recibir alguna convocatoria. Tengo mucho material y alg\u00fan conocimiento\u201d, comenta con una sonrisa.Rodeado de libros en su departamento del centro de La Plata, Vernet opina con entusiasmo sobre el debate planteado por el foro de intelectuales y periodistas que integran Beatriz Sarlo y Jorge Lanata. Bautizado como Plataforma 2012, ese grupo cuestiona la pol\u00edtica exterior que viene llevando adelante el gobierno de Cristina Fern\u00e1ndez en el marco del conflicto por la soberan\u00eda. Para emitir su opini\u00f3n, en la que no faltan el humor y la iron\u00eda, Vernet se vale tambi\u00e9n de la historia.<\/p>\n<p style=\"text-align: justify;\">\u2013\u00bfCu\u00e1l es su posici\u00f3n ante la postura del Grupo Plataforma, que argumenta que habr\u00eda que intentar \u201cseducir\u201d a los isle\u00f1os si se quiere lograr alguna efectividad en la acci\u00f3n diplom\u00e1tica?<\/p>\n<p style=\"text-align: justify;\">\u2013Dijeron mucho m\u00e1s que eso. No me interesa polemizar por polemizar, no quiero armar una ret\u00f3rica con espolones y tirarnos piedras, pero s\u00ed poner blanco sobre negro. Si lo que plante\u00f3 ese grupo de intelectuales fuera s\u00f3lo seducir a los isle\u00f1os, ser\u00eda una estrategia, que ya probamos y fue fallida. En Malvinas debe haber coleccionistas de rarezas que deben coleccionar como objeto extra\u00f1o los obsequios que les envi\u00e1bamos desde ac\u00e1, como los ositos Winnie Pooh de Menem, o las aventuras del ping\u00fcinito con el igl\u00fa, o las cartitas que mandaba para Navidad. Pero ellos, queri\u00e9ndolo o no, yo no voy a emitir un juicio personal pero s\u00ed objetivo, lo que est\u00e1n haciendo es tomar lisa y llanamente la posici\u00f3n del Foreign Office. Porque ellos hablan de la autodeterminaci\u00f3n de los pueblos y de los \u201cdeseos\u201d de los isle\u00f1os. Y esto, bueno, es un tema muy profundo. Y aunque ese grupo es una gama bastante heterog\u00e9nea, tiene dos o tres l\u00edneas discursivas que no son nuevas. Hay defensores muy claros de estas teor\u00edas.<\/p>\n<p style=\"text-align: justify;\">La periodista de Clar\u00edn de apellido impronunciable hace mucho que la conozco forjar una historia de \u201cpobres los isle\u00f1os, nosotros no los entendemos\u201d. Y lo hace desde un discurso humanitario, un discurso progre, de Derechos Humanos. Est\u00e1 bien, es una posici\u00f3n. Ahora, \u00bfhay que respetar el inter\u00e9s de la comunidad isle\u00f1a y su modo de vida, o hay que respetar los deseos de ellos? Gran Breta\u00f1a sostiene, sin el menor fundamento jur\u00eddico ni de derecho internacional, que hay que respetar los deseos de los isle\u00f1os. Pero con esa posici\u00f3n, que no es inocente, est\u00e1n queriendo desconocer que el conflicto por Malvinas es el conflicto territorial m\u00e1s importante del mundo en este momento.<\/p>\n<p style=\"text-align: justify;\">\u2013\u00bfEl m\u00e1s importante del mundo?<\/p>\n<p style=\"text-align: justify;\">\u2013-S\u00ed, el conflicto territorial m\u00e1s importante que existe. Por eso interesa al mundo. Y por eso interes\u00f3, desde 1775 a la fecha, a todas las grandes potencias internacionales. Minimizar el tema es penoso. Hace poco escuch\u00e9 a Sylvina Walger, de la cual no s\u00e9 si es periodista o ventr\u00edlocua, decir en un programa de Mariano Grondona que el conflicto por la soberan\u00eda de Malvinas no era tan importante. Y us\u00f3 esta expresi\u00f3n: \u201c\u00bfPelearnos por esto? Ni que fuera en Canc\u00fan.\u201d \u201cNi que las Islas Malvinas fueran en Canc\u00fan\u201d. Eso dijo. Y ella es una de las firmantes, uno de los miembros del Grupo Plataforma. Lo de Walger es de una ignorancia y de una liviandad lo que est\u00e1 diciendo\u2026 Porque si se respeta la autodeterminaci\u00f3n y los deseos de los isle\u00f1os, la Argentina seguir\u00e1 teniendo un \u201cEstado tap\u00f3n\u201d, como tantos otros del Commonwealth, a pocas millas de su orilla. Tambi\u00e9n significa que tenemos una base militar de la OTAN sobre nuestras costas y las costas de la regi\u00f3n sudamericana. Significa que ese enclave de la OTAN va a reclamar sus 200 millas marinas, m\u00e1s las otras seg\u00fan la Convenci\u00f3n del mar. Significa, adem\u00e1s, que ese territorio va a reclamar su proyecci\u00f3n ant\u00e1rtica. Es una disputa territorial de primer orden. Y mientras tanto, estas expresiones period\u00edsticas, en programas como el de Mariano Grondona, trivializan el debate y esconden que el conflicto no es s\u00f3lo por las Malvinas. Es el Atl\u00e1ntico Sur lo que est\u00e1 en disputa.\u2013\u00bfHay posibilidades de recuperar la soberan\u00eda sobre las Malvinas?<\/p>\n<p style=\"text-align: justify;\">\u2013Lo primero que digo es s\u00ed. Hay cada vez m\u00e1s posibilidades. Y es por la v\u00eda que se est\u00e1 siguiendo. Hay que mantener esta pol\u00edtica: la v\u00eda diplom\u00e1tica y regionalizar el tema. Eso es clave.Estamos ante un escenario en el que, en alg\u00fan momento, va a caer como una fruta madura. Los argentinos hemos elegido el marco de una negociaci\u00f3n. Y una negociaci\u00f3n no es la guerra, en la que se pelea por el 100% o nada. Entonces, \u00bfcu\u00e1les son los m\u00e1rgenes de la negociaci\u00f3n con Gran Breta\u00f1a? Ese es un tema de viabilidad pol\u00edtica que debemos discutir con seriedad entre las distintas fuerzas pol\u00edticas, las distintas corrientes de pensamiento. Y en ese punto tenemos una gu\u00eda objetiva, que est\u00e1 en la Ley Fundamental, nuestra Constituci\u00f3n, cuya cl\u00e1usula transitoria dice claramente que la soberan\u00eda argentina sobre las islas es irrenunciable. Pero tambi\u00e9n se compromete a respetar el inter\u00e9s de la comunidad isle\u00f1a. El otro paso, entonces, construir viabilidad y consensos pol\u00edticos para una negociaci\u00f3n.<\/p>\n<p style=\"text-align: justify;\">\u2013\u00bfPor qu\u00e9 esa confianza en que la negociaci\u00f3n se va a dar indefectiblemente?<\/p>\n<p style=\"text-align: justify;\">\u2013Porque en alg\u00fan momento le va a resultar m\u00e1s gravoso al Reino Unido y la Comunidad Europea sostener las Malvinas que ir a negociar. Por eso, los brit\u00e1nicos tambi\u00e9n van a tener que construir consensos internos, pol\u00edticos, para prepararse a una negociaci\u00f3n. Y ojo que a Inglaterra, ni a la Comunidad Econ\u00f3mica Europea, ni a la OTAN le es poca cosa Malvinas. Porque si bien Gran Breta\u00f1a est\u00e1 cada vez m\u00e1s d\u00e9bil, tambi\u00e9n est\u00e1 cada vez m\u00e1s necesitada. Ante este escenario, hay una decisi\u00f3n que excede a la Argentina y es regional. Hay que imaginar alternativas de negociaci\u00f3n posibles y yo creo que el tema regional es una v\u00eda a explorar con mucha profundidad. As\u00ed como la Comunidad Econ\u00f3mica Europea considera a las Malvinas como un territorio marino de ultramar de la Comunidad Europea, \u00bfhasta d\u00f3nde podemos involucrar a la regi\u00f3n, a Sudam\u00e9rica, en Malvinas? En los \u00faltimos a\u00f1os, el apoyo de este actor regional, la Unasur, no s\u00f3lo se plasma en los acuerdos y apoyos, sino en medidas cada vez m\u00e1s concretas y menos declamativas: como las decisiones de no abastecer a los barcos con bandera de Malvinas en los puertos de la regi\u00f3n. \u00bfVio la consigna de muchos ex combatientes, de muchos veteranos, que dicen \u201cvolveremos a Malvinas, de la mano de Am\u00e9rica Latina\u201d? Yo creo que no es una mera expresi\u00f3n de emoci\u00f3n, porque queri\u00e9ndolo o no, con esa idea est\u00e1n dise\u00f1ando una nueva geopol\u00edtica.<\/p>\n<p style=\"text-align: justify;\">\u2013Pensando escenarios futuros, \u00bfc\u00f3mo se podr\u00eda convivir con los isle\u00f1os?<\/p>\n<p style=\"text-align: justify;\">\u2013Yo creo que no tenemos nada que negociar con los isle\u00f1os. Pero s\u00ed, parad\u00f3jicamente, tenemos much\u00edsimo que conversar con ellos. Y esto no se crea desde la nada. Se crea, para m\u00ed, desde dos pertenencias, desde dos matrices. La primera es la matriz patag\u00f3nica. Ellos, los isle\u00f1os, son patag\u00f3nicos tambi\u00e9n. Aunque Gran Breta\u00f1a trate de ocultar esto. Pero si usted repasa la historia de Malvinas, la matriz patag\u00f3nica de las islas se manifiesta claramente en lazos de sangre, en familias, en historias familiares. Y tambi\u00e9n hay que convocarlos a que reconozcan que son Sudam\u00e9rica. Son Sudam\u00e9rica, les guste o no les guste.<\/p>\n<p style=\"text-align: justify;\"><strong>Publicado por ADHILAC Internacional \u00a9 www.adhilac.com.ar<\/strong><br \/>\nSi Ud. desea asociarse de acuerdo a los Estatutos de ADHILAC <a title=\"(ver)\" href=\"https:\/\/adhilac.com.ar\/?page_id=4779\">(ver) <\/a>complete el siguiente formulario <a title=\"(Ver)\" href=\"\/\/spreadsheets.google.com\/spreadsheet\/viewform?formkey=dEkxOS1SY2hRdHFpSVdfdFRzb0RINEE6MQ\">(ver)<\/a><br \/>\nE-mail: info@adhilac.com.ar<br \/>\nTwitter: @AdhilacInfo<\/p>\n","protected":false},"excerpt":{"rendered":"<p>A 30 a\u00f1os de la Guerra de Malvinas En el diario Tiempo Argentino el investigador argentino Marcelo Vernet, descendiente del gobernador Vernet nombrado por Bernardino Rivadavia en 1822 analiza la\u00a0situaci\u00f3n\u00a0de las islas a futuro. Tiempo Argentino\u00a002.04.2012 Por: Martin Piqu\u00e9 Marcelo Vernet\u201cHay posibilidades de recuperar las islas\u201d\u00a0El chozno del primer comandante argentino en las Malvinas asegura [&hellip;]<\/p>\n","protected":false},"author":47,"featured_media":0,"comment_status":"closed","ping_status":"closed","sticky":false,"template":"","format":"standard","meta":{"_crdt_document":"","footnotes":""},"categories":[6,8,40],"tags":[67,294],"class_list":["post-5504","post","type-post","status-publish","format-standard","hentry","category-biblioteca","category-fuentes-testimonios","category-informaciones","tag-argentina","tag-islas-malvinas"],"_links":{"self":[{"href":"https:\/\/adhilac.com.ar\/index.php?rest_route=\/wp\/v2\/posts\/5504","targetHints":{"allow":["GET"]}}],"collection":[{"href":"https:\/\/adhilac.com.ar\/index.php?rest_route=\/wp\/v2\/posts"}],"about":[{"href":"https:\/\/adhilac.com.ar\/index.php?rest_route=\/wp\/v2\/types\/post"}],"author":[{"embeddable":true,"href":"https:\/\/adhilac.com.ar\/index.php?rest_route=\/wp\/v2\/users\/47"}],"replies":[{"embeddable":true,"href":"https:\/\/adhilac.com.ar\/index.php?rest_route=%2Fwp%2Fv2%2Fcomments&post=5504"}],"version-history":[{"count":11,"href":"https:\/\/adhilac.com.ar\/index.php?rest_route=\/wp\/v2\/posts\/5504\/revisions"}],"predecessor-version":[{"id":7321,"href":"https:\/\/adhilac.com.ar\/index.php?rest_route=\/wp\/v2\/posts\/5504\/revisions\/7321"}],"wp:attachment":[{"href":"https:\/\/adhilac.com.ar\/index.php?rest_route=%2Fwp%2Fv2%2Fmedia&parent=5504"}],"wp:term":[{"taxonomy":"category","embeddable":true,"href":"https:\/\/adhilac.com.ar\/index.php?rest_route=%2Fwp%2Fv2%2Fcategories&post=5504"},{"taxonomy":"post_tag","embeddable":true,"href":"https:\/\/adhilac.com.ar\/index.php?rest_route=%2Fwp%2Fv2%2Ftags&post=5504"}],"curies":[{"name":"wp","href":"https:\/\/api.w.org\/{rel}","templated":true}]}}