{"id":5528,"date":"2012-04-19T05:52:44","date_gmt":"2012-04-19T08:52:44","guid":{"rendered":"https:\/\/adhilac.com.ar\/?p=5528"},"modified":"2012-06-27T15:03:12","modified_gmt":"2012-06-27T18:03:12","slug":"en-la-argentina-se-disuelve-el-cemida-que-trabajo-a-favor-de-la-redemocratizacion-de-las-fuerzas-armadas","status":"publish","type":"post","link":"https:\/\/adhilac.com.ar\/?p=5528","title":{"rendered":"En la Argentina se disuelve el CEMIDA que trabaj\u00f3 a favor de la redemocratizaci\u00f3n de las fuerzas armadas"},"content":{"rendered":"<h3><span style=\"color: #339966;\">Se\u00a0habr\u00edan\u00a0alcanzado los objetivos<\/span><\/h3>\n<p><em>Para el Cemida: todo el celeste y todo el blanco<\/em><br \/>\nPublicado por P\u00e1gina 12 &#8211; 11 de abril de 2012<\/p>\n<p>Por Ernesto L\u00f3pez *<\/p>\n<p style=\"text-align: justify;\">Acabo de recibir un e-mail en el que con templada desaz\u00f3n y moderada nostalgia, los coroneles Horacio Ballester y Augusto Rattenbach anuncian, en una carta abierta, la disoluci\u00f3n del Centro de Militares para la Democracia Argentina (Cemida), por considerar que ha cumplido ya su ciclo de vida.<\/p>\n<p><!--more--><\/p>\n<p>Con algo de congoja que se alimenta en parte de razones personales \u2013asesor\u00e9 informalmente a mi padre, el general Ernesto V\u00edctor L\u00f3pez Meyer, presidente de dicho centro entre 1985 y 1995, a\u00f1o en que falleci\u00f3, y por lo tanto conozco en parte la historia de esa entidad\u2013 me imagino el costo que debe haber tenido esa decisi\u00f3n para los dos coroneles y los restantes miembros de la instituci\u00f3n, y evoco r\u00e1pidamente su trayectoria al amparo de lo que los propios Ballester y Rattenbach consignan en la carta. Y confirmo mi propia conclusi\u00f3n de a\u00f1os atr\u00e1s: la del Cemida fue una epopeya de la consecuencia y de la dignidad dedicada a mostrar que otras Fuerzas Armadas eran posibles en nuestro pa\u00eds, y a trabajar incansablemente por ello. Lo hicieron con un coraje y una entrega infrecuentes, empujados por el af\u00e1n de mantener en alto los \u00fanicos fundamentos sobre los que val\u00eda la pena pelear por esa meta: la defensa de la democracia y del sistema de valores que inevitablemente debe acompa\u00f1arla, a sabiendas de que eso, en las condiciones que hab\u00eda dejado la dictadura del Proceso, estaba \u00edntimamente conectado con la b\u00fasqueda de un modelo de pa\u00eds que rechazara cualquier tipo de inclusi\u00f3n internacional subordinada y con el rescate de la Memoria, la Verdad y la Justicia. \u00a1Y vaya si cumplieron!<\/p>\n<p>La noche previa al lanzamiento oficial del centro, una poderosa bomba destroz\u00f3 la puerta de entrada y parte de los muebles y de los vidrios de las oficinas en las que iba a funcionar. Algunas esquirlas quedaron alojadas en el blindaje de una caja fuerte que formaba parte de aquel mobiliario: tal fue el rechazo y el encono que ese lanzamiento suscit\u00f3 entre la entonces \u201cmano de obra desocupada\u201d que hab\u00eda servido al terrorismo de Estado, que por esos d\u00edas acosaba al gobierno de Ra\u00fal Alfons\u00edn. Ese fue su bautismo. Y no fue su sino, porque una voluntad a toda prueba y un compromiso y una entrega por momentos estremecedores lo torcieron.<\/p>\n<p>Pero entonces rebobino y me digo, esta singladura da tanto para la tristeza como para el j\u00fabilo.<br \/>\nBallester y Rattenbach enumeran con concisi\u00f3n lo ocurrido en los 27 a\u00f1os que separan la fundaci\u00f3n del Cemida con el d\u00eda de hoy: plena subordinaci\u00f3n de las instituciones militares al control civil; enjuiciamiento y condena de los uniformados por la comisi\u00f3n de delitos atroces y aberrantes violatorios de elementales derechos humanos; desligamiento respecto de la a\u00f1osa influencia norteamericana sobre los institutos castrenses; en la misma l\u00ednea, creaci\u00f3n de la Unasur y del Consejo de Defensa Suramericano; finalizaci\u00f3n de hecho de la alianza extra OTAN; realizaci\u00f3n de la primera ejercitaci\u00f3n conjunta de nuestras tres Fuerzas Armadas con participaci\u00f3n de observadores continentales; incremento de la cooperaci\u00f3n para la integraci\u00f3n de las Fuerzas Armadas a escala latinoamericana, sin el monitoreo norteamericano. Y rematan: \u201cPor supuesto que estamos muy lejos de pretender asignarnos el m\u00e9rito de tales trascendentales \u00e9xitos, pero lo que no se puede negar es que \u00e9sos fueron nuestros objetivos liminares, y para su obtenci\u00f3n hicimos cuanto nos fue posible con nuestros precarios medios\u201d.<\/p>\n<p>Aparece aqu\u00ed la modestia, esa noble virtud que nos legara nuestro criollaje, tan distante de la \u201cpersonalidad majestuosa\u201d de aquel general que nos hundi\u00f3 en Malvinas, por colocar s\u00f3lo un contraste entre otros posibles. Modestia de recursos, que no impidi\u00f3 ni la persistencia ni la intransigencia, y modestia de procederes como suele corresponder a hombres austeros, comprometidos y altruistas. Pero atenci\u00f3n: esa valorable humildad esconde, sin propon\u00e9rselo, razones para el j\u00fabilo: dieron batalla y aportaron sus granos de arena \u2013por decir lo menos\u2013 para una trascendente transformaci\u00f3n de la realidad. Esto debe ser reconocido y celebrado.<\/p>\n<p>El alma del Cemida fueron cinco coroneles de la misma promoci\u00f3n, la \u201875, del Colegio Militar de la Naci\u00f3n: Horacio Ballester, Jos\u00e9 Luis Garc\u00eda, Augusto Rattenbach, Gustavo C\u00e1ceres y Carlos Mariano Gazc\u00f3n, los dos \u00faltimos ya fallecidos. Todo el celeste y todo el blanco para ellos y sus esforzados compa\u00f1eros: los colores con que nuestro pueblo acostumbra premiar a sus mejores.<\/p>\n<p>* Embajador de la Argentina en Guatemala.<\/p>\n<p><strong>Publicado por ADHILAC Internacional \u00a9 www.adhilac.com.ar<\/strong><br \/>\nSi Ud. desea asociarse de acuerdo a los Estatutos de ADHILAC (<a title=\"(ver)\" href=\"https:\/\/adhilac.com.ar\/?page_id=263\" target=\"_blank\">ver<\/a>) complete el siguiente formulario <a title=\"(ver)\" href=\"https:\/\/spreadsheets.google.com\/spreadsheet\/viewform?formkey=dEkxOS1SY2hRdHFpSVdfdFRzb0RINEE6MQ\" target=\"_blank\">(ver)<\/a><br \/>\nE-mail: <a title=\"info@adhilac.com.ar\" href=\"info@adhilac.com.ar\" target=\"_blank\">info@adhilac.com.ar<\/a><br \/>\nTwitter: <a title=\"@AdhilacInfo\" href=\"@AdhilacInfo\" target=\"_blank\">@AdhilacInfo<\/a><\/p>\n","protected":false},"excerpt":{"rendered":"<p>Se\u00a0habr\u00edan\u00a0alcanzado los objetivos Para el Cemida: todo el celeste y todo el blanco Publicado por P\u00e1gina 12 &#8211; 11 de abril de 2012 Por Ernesto L\u00f3pez * Acabo de recibir un e-mail en el que con templada desaz\u00f3n y moderada nostalgia, los coroneles Horacio Ballester y Augusto Rattenbach anuncian, en una carta abierta, la disoluci\u00f3n [&hellip;]<\/p>\n","protected":false},"author":2,"featured_media":0,"comment_status":"closed","ping_status":"open","sticky":false,"template":"","format":"standard","meta":{"_crdt_document":"","footnotes":""},"categories":[40],"tags":[295,296,280],"class_list":["post-5528","post","type-post","status-publish","format-standard","hentry","category-informaciones","tag-democratizacion","tag-fuerzas-armadas","tag-integracion-regional"],"_links":{"self":[{"href":"https:\/\/adhilac.com.ar\/index.php?rest_route=\/wp\/v2\/posts\/5528","targetHints":{"allow":["GET"]}}],"collection":[{"href":"https:\/\/adhilac.com.ar\/index.php?rest_route=\/wp\/v2\/posts"}],"about":[{"href":"https:\/\/adhilac.com.ar\/index.php?rest_route=\/wp\/v2\/types\/post"}],"author":[{"embeddable":true,"href":"https:\/\/adhilac.com.ar\/index.php?rest_route=\/wp\/v2\/users\/2"}],"replies":[{"embeddable":true,"href":"https:\/\/adhilac.com.ar\/index.php?rest_route=%2Fwp%2Fv2%2Fcomments&post=5528"}],"version-history":[{"count":6,"href":"https:\/\/adhilac.com.ar\/index.php?rest_route=\/wp\/v2\/posts\/5528\/revisions"}],"predecessor-version":[{"id":5851,"href":"https:\/\/adhilac.com.ar\/index.php?rest_route=\/wp\/v2\/posts\/5528\/revisions\/5851"}],"wp:attachment":[{"href":"https:\/\/adhilac.com.ar\/index.php?rest_route=%2Fwp%2Fv2%2Fmedia&parent=5528"}],"wp:term":[{"taxonomy":"category","embeddable":true,"href":"https:\/\/adhilac.com.ar\/index.php?rest_route=%2Fwp%2Fv2%2Fcategories&post=5528"},{"taxonomy":"post_tag","embeddable":true,"href":"https:\/\/adhilac.com.ar\/index.php?rest_route=%2Fwp%2Fv2%2Ftags&post=5528"}],"curies":[{"name":"wp","href":"https:\/\/api.w.org\/{rel}","templated":true}]}}