{"id":5547,"date":"2012-06-16T05:52:35","date_gmt":"2012-06-16T08:52:35","guid":{"rendered":"https:\/\/adhilac.com.ar\/?p=5547"},"modified":"2012-12-22T14:51:13","modified_gmt":"2012-12-22T17:51:13","slug":"nuevos-talleres-internacionales-de-estudios-regionales-y-locales-urbanos-iii-santa-clara-cuba-26-a-26-de-julio-de-2012","status":"publish","type":"post","link":"https:\/\/adhilac.com.ar\/?p=5547","title":{"rendered":"Nuevos Talleres Internacionales de Estudios Regionales y Locales (Urbanos) III. Santa Clara. Cuba. 26 a 29 de julio de 2012"},"content":{"rendered":"<h3 style=\"text-align: justify;\"><span style=\"color: #339966;\">Nuevos Talleres Internacionales de Estudios Regionales y Locales (Urbanos) III<\/span><\/h3>\n<p style=\"text-align: justify;\"><strong>\u201cLA REGI\u00d3N, SUS DIVERSAS VISIONES\u201d<\/strong><\/p>\n<p style=\"text-align: justify;\">26 al 29 de junio de 2012<\/p>\n<p style=\"text-align: justify;\">Segunda comunicaci\u00f3n<br \/>\nLa Universidad Central \u201cMarta Abreu\u201d, a trav\u00e9s de sus facultades de Ciencias Sociales y Humanidades, con el coauspicio de la Asociaci\u00f3n de Historiadores de Am\u00e9rica Latina y el Caribe (ADHILAC), de la Uni\u00f3n Nacional de Escritores y Artistas de Cuba (UNEAC), de la Universidad Aut\u00f3noma de Coahuila, M\u00e9xico, de la Universidad Intercultural de Chiapas, M\u00e9xico, \u00a0y de la Universidad de Guadalajara, M\u00e9xico, convocan a los Nuevos Talleres Internacionales de Estudios Regionales y Locales (Urbanos) III para sesionar entre los d\u00edas 26 al 29 de junio del 2012 en la Universidad Central \u201cMarta Abreu\u201d, de Santa Clara.<\/p>\n<p style=\"text-align: justify;\"><!--more--><br \/>\nTEM\u00c1TICAS<br \/>\n1.\tLa regi\u00f3n y la ciudad. \u00a0Teor\u00eda, m\u00e9todo, fuentes y estudios de casos.<\/p>\n<p style=\"text-align: justify;\">2.\tGeograf\u00eda y regi\u00f3n. \u00a0El espacio como problema te\u00f3rico y metodol\u00f3gico multidimensional regional y en sus representaciones diversas. \u00a0Espacio, regi\u00f3n y Ciencias Sociales y Humanas.<\/p>\n<p style=\"text-align: justify;\">3.\tCiencias Sociales y Humanas, Historiograf\u00eda y Educaci\u00f3n: Las relecturas de los estudios regionales, locales (urbanos), departamentales y provinciales (estaduales). \u00a0Las pol\u00edticas editoriales. \u00a0Prensa, revistas y otros. \u00a0Los centros de investigaci\u00f3n y de estudios y sus propuestas.<\/p>\n<p style=\"text-align: justify;\">4.\tTerritorios, regiones y otras de sus dimensiones. \u00a0Pasado, presente y proyecciones futuras.<\/p>\n<p style=\"text-align: justify;\">5.\tLas migraciones en su impacto regional y urbano.<\/p>\n<p style=\"text-align: justify;\">6.\tEl pensamiento regional. \u00a0 Su impacto local, nacional y mundial.<\/p>\n<p style=\"text-align: justify;\">7.\tExpresiones regionales y locales de la religiosidad y de la religi\u00f3n. \u00a0Sus instituciones y movimientos.<\/p>\n<p style=\"text-align: justify;\">8.\tGobiernos locales y procesos auton\u00f3micos, pasado y presente. \u00a0Pol\u00edticas y transformaciones regionales y nacionales. \u00a0Violencia y poder desde las elites.<\/p>\n<p style=\"text-align: justify;\">9.\tDesarrollo regional: la econom\u00eda, el turismo en sus m\u00faltiples manifestaciones, la ecolog\u00eda y la sustentabilidad como problema, la crisis y los usos del agua, entre otros.<\/p>\n<p style=\"text-align: justify;\">10.\tLos proyectos de integraci\u00f3n: El MERCOSUR, el ALBA, la Comunidad de Estados de Latinoam\u00e9rica y del Caribe, la Comunidad Andina y otros proyectos integracionistas y sus instituciones en el impacto regional y local. \u00a0Estados nacionales y fronteras regionales.<\/p>\n<p style=\"text-align: justify;\">11.\tIndependencia y regi\u00f3n<\/p>\n<p style=\"text-align: justify;\">I: los bicentenarios de los movimientos liberadores en Am\u00e9rica Latina y el Caribe desde fines del siglo XVIII y el siglo XIX y las regiones y localidades. \u00a0Sus visiones integrales y espec\u00edficas desde las Ciencias Sociales y Humanas.12.\tIndependencia y regi\u00f3n<\/p>\n<p style=\"text-align: justify;\">II: los movimientos revolucionarios en Am\u00e9rica Latina y el Caribe en el siglo XX. \u00a0 Los procesos revolucionarios mexicano, \u00a0guatemalteco, cubano, boliviano, nicarag\u00fcense, venezolano y otros en las regiones y localidades. \u00a0Sus visiones integrales y espec\u00edficas desde las Ciencias Sociales y Humanas.<\/p>\n<p style=\"text-align: justify;\">13.\tLa Arqueolog\u00eda: especificidades del trabajo en las regiones y localidades. \u00a0Las llamadas escrituras silenciadas y su actualidad.<\/p>\n<p style=\"text-align: justify;\">14.\tAntropolog\u00eda y Etnohistoria. \u00a0La Antropolog\u00eda Social y Cultural en las regiones. \u00a0Los grupos \u00e9tnico-culturales y las construcciones regionales. \u00a0Pasado, actualidad y perspectivas futuras.<\/p>\n<p style=\"text-align: justify;\">15.\tMovimientos sociales y sus organizaciones. \u00a0Diversidad y \u00bfunicidad regional? Violencia, poder y movilizaci\u00f3n social.<\/p>\n<p style=\"text-align: justify;\">16.\t Los estudios de g\u00e9nero. \u00a0Sus expresiones regionales y urbanas y \u00a0sus relaciones con el nivel nacional y mundial.<\/p>\n<p style=\"text-align: justify;\">17.\tLa educaci\u00f3n regional y local (urbana) y sus problemas. \u00a0Programas educativos e instituciones. \u00a0Sus transformaciones y necesidades.<\/p>\n<p style=\"text-align: justify;\">Se aclara que debido a que hemos recibido numerosas solicitudes previas de participaci\u00f3n, incluyendo tem\u00e1ticas no contempladas en el anterior listado, y a que conoc\u00edamos ya el inter\u00e9s de esos especialistas en concurrir a los Talleres -entre otros varios estudiantes latinoamericanos-, es por lo que:Se extiende el plazo para recibir las propuestas hasta el 30 de abril:<\/p>\n<p style=\"text-align: justify;\">Estas deber\u00e1n ser enviadas de la siguiente forma:<\/p>\n<p style=\"text-align: justify;\">Encabezamiento con el t\u00edtulo de la actividad a desarrollar, nombre(s) y apellidos, grado(s) cient\u00edfico(s) respectivo(s), instituci\u00f3n(es) a que pertenece(n), ciudad y pa\u00eds, y correo electr\u00f3nico.-<\/p>\n<p style=\"text-align: justify;\">Resumen no mayor de 250 palabras, con:<\/p>\n<p style=\"text-align: justify;\">Tres palabras claves, en espa\u00f1ol o portugu\u00e9s y su traducci\u00f3n al ingl\u00e9s a continuaci\u00f3n.<\/p>\n<p style=\"text-align: justify;\"><strong>Publicado por ADHILAC Internacional \u00a9 www.adhilac.com.ar<\/strong><\/p>\n<p style=\"text-align: justify;\">Si Ud. desea asociarse de acuerdo a los Estatutos de ADHILAC<a title=\"(ver)\" href=\"https:\/\/adhilac.com.ar\/?page_id=263\" target=\"_blank\"> (ver)<\/a> complete el siguiente formulario <a title=\"(ver)\" href=\"https:\/\/spreadsheets.google.com\/spreadsheet\/viewform?formkey=dEkxOS1SY2hRdHFpSVdfdFRzb0RINEE6MQ\" target=\"_blank\">(ver)<\/a><\/p>\n<p style=\"text-align: justify;\"><a title=\"(ver)\" href=\"https:\/\/spreadsheets.google.com\/spreadsheet\/viewform?formkey=dEkxOS1SY2hRdHFpSVdfdFRzb0RINEE6MQ\" target=\"_blank\"><\/a><br \/>\nE-mail: <a title=\"info@adhilac.com.ar\" href=\"info@adhilac.com.ar\" target=\"_blank\">info@adhilac.com.ar<\/a><\/p>\n<p style=\"text-align: justify;\">Twitter: <a title=\"@AdhilacInfo\" href=\"@AdhilacInfo\" target=\"_blank\">@AdhilacInfo<\/a><\/p>\n<p style=\"text-align: justify;\">&nbsp;<\/p>\n","protected":false},"excerpt":{"rendered":"<p>Nuevos Talleres Internacionales de Estudios Regionales y Locales (Urbanos) III \u201cLA REGI\u00d3N, SUS DIVERSAS VISIONES\u201d 26 al 29 de junio de 2012 Segunda comunicaci\u00f3n La Universidad Central \u201cMarta Abreu\u201d, a trav\u00e9s de sus facultades de Ciencias Sociales y Humanidades, con el coauspicio de la Asociaci\u00f3n de Historiadores de Am\u00e9rica Latina y el Caribe (ADHILAC), de [&hellip;]<\/p>\n","protected":false},"author":2,"featured_media":0,"comment_status":"closed","ping_status":"closed","sticky":false,"template":"","format":"standard","meta":{"_crdt_document":"","footnotes":""},"categories":[18,5],"tags":[13,297],"class_list":["post-5547","post","type-post","status-publish","format-standard","hentry","category-adhilac-cuba","category-congresos","tag-america-latina","tag-estudios-regionales"],"_links":{"self":[{"href":"https:\/\/adhilac.com.ar\/index.php?rest_route=\/wp\/v2\/posts\/5547","targetHints":{"allow":["GET"]}}],"collection":[{"href":"https:\/\/adhilac.com.ar\/index.php?rest_route=\/wp\/v2\/posts"}],"about":[{"href":"https:\/\/adhilac.com.ar\/index.php?rest_route=\/wp\/v2\/types\/post"}],"author":[{"embeddable":true,"href":"https:\/\/adhilac.com.ar\/index.php?rest_route=\/wp\/v2\/users\/2"}],"replies":[{"embeddable":true,"href":"https:\/\/adhilac.com.ar\/index.php?rest_route=%2Fwp%2Fv2%2Fcomments&post=5547"}],"version-history":[{"count":10,"href":"https:\/\/adhilac.com.ar\/index.php?rest_route=\/wp\/v2\/posts\/5547\/revisions"}],"predecessor-version":[{"id":7537,"href":"https:\/\/adhilac.com.ar\/index.php?rest_route=\/wp\/v2\/posts\/5547\/revisions\/7537"}],"wp:attachment":[{"href":"https:\/\/adhilac.com.ar\/index.php?rest_route=%2Fwp%2Fv2%2Fmedia&parent=5547"}],"wp:term":[{"taxonomy":"category","embeddable":true,"href":"https:\/\/adhilac.com.ar\/index.php?rest_route=%2Fwp%2Fv2%2Fcategories&post=5547"},{"taxonomy":"post_tag","embeddable":true,"href":"https:\/\/adhilac.com.ar\/index.php?rest_route=%2Fwp%2Fv2%2Ftags&post=5547"}],"curies":[{"name":"wp","href":"https:\/\/api.w.org\/{rel}","templated":true}]}}