{"id":5549,"date":"2012-04-15T06:09:56","date_gmt":"2012-04-15T09:09:56","guid":{"rendered":"https:\/\/adhilac.com.ar\/?p=5549"},"modified":"2012-06-27T14:21:36","modified_gmt":"2012-06-27T17:21:36","slug":"la-problematica-boliviana-en-dialogos-latino-americanos-14%c2%ba-cehal-puc-sao-paulo-brasil-18-de-abril-de-2012","status":"publish","type":"post","link":"https:\/\/adhilac.com.ar\/?p=5549","title":{"rendered":"La problem\u00e1tica boliviana en Di\u00e1logos latino americanos (14\u00ba). CEHAL. PUC Sao Paulo. Brasil. 18 de abril de 2012"},"content":{"rendered":"<h3 style=\"text-align: justify;\"><span style=\"color: #339966;\"><strong>A Revolu\u00e7\u00e3o na Bol\u00edvia: 60 anos depois<\/strong><\/span><\/h3>\n<p style=\"text-align: justify;\">Prof\u00ba Dr. Everaldo de Oliveira Andrade<br \/>\nAutor de: A Revolu\u00e7\u00e3o Boliviana.<br \/>\nS\u00e3o Paulo: Unesp, 2007<br \/>\nProfessor da Univ. Guarulhos<\/p>\n<p style=\"text-align: justify;\">Data: 18 de Abril de 2012<\/p>\n<p style=\"text-align: justify;\">Hor\u00e1rio: das 09:00 \u00e0s 12:30hs<!--more--><\/p>\n<p style=\"text-align: justify;\">Local: Pr\u00e9dio Novo, sala 134-C<\/p>\n<p style=\"text-align: justify;\">Ministro God\u00f3i, 969Perdizes S\u00e3o Paulo<\/p>\n<p style=\"text-align: justify;\">Atividade Programada<\/p>\n<p style=\"text-align: justify;\">Departamento de Hist\u00f3ria: P\u00f3s-gradua\u00e7\u00e3o em Hist\u00f3ria PUC\/SP<\/p>\n<p style=\"text-align: justify;\">Disciplina: Semin\u00e1rios Tem\u00e1ticos de Am\u00e9rica Latina I e IIE-mail: histpos-pucsp.br; Fone: 36708511<\/p>\n<p style=\"text-align: justify;\"><strong>Publicado por ADHILAC Internacional \u00a9 www.adhilac.com.ar<\/strong><\/p>\n<p style=\"text-align: justify;\"><strong> <\/strong><br \/>\nSi Ud. desea asociarse de acuerdo a los Estatutos de ADHILAC <a title=\"(ver)\" href=\"https:\/\/adhilac.com.ar\/?page_id=263 \" target=\"_blank\">(ver) <\/a>complete el siguiente formulario <a title=\"(ver)\" href=\"https:\/\/spreadsheets.google.com\/spreadsheet\/viewform?formkey=dEkxOS1SY2hRdHFpSVdfdFRzb0RINEE6MQ\" target=\"_blank\">(ver)<\/a><\/p>\n<p style=\"text-align: justify;\">E-mail: <a title=\"info@adhilac.com.ar\" href=\"info@adhilac.com.ar\" target=\"_blank\">i<\/a>nfo@adhilac.com.ar<\/p>\n<p style=\"text-align: justify;\"><a title=\"info@adhilac.com.ar\" href=\"info@adhilac.com.ar\" target=\"_blank\"><\/a><br \/>\nTwitter: @AdhilacInfo<\/p>\n<p style=\"text-align: justify;\">&nbsp;<\/p>\n<p style=\"text-align: justify;\">&nbsp;<\/p>\n","protected":false},"excerpt":{"rendered":"<p>A Revolu\u00e7\u00e3o na Bol\u00edvia: 60 anos depois Prof\u00ba Dr. Everaldo de Oliveira Andrade Autor de: A Revolu\u00e7\u00e3o Boliviana. S\u00e3o Paulo: Unesp, 2007 Professor da Univ. Guarulhos Data: 18 de Abril de 2012 Hor\u00e1rio: das 09:00 \u00e0s 12:30hs<\/p>\n","protected":false},"author":2,"featured_media":0,"comment_status":"closed","ping_status":"closed","sticky":false,"template":"","format":"standard","meta":{"_crdt_document":"","footnotes":""},"categories":[3],"tags":[185,298,74],"class_list":["post-5549","post","type-post","status-publish","format-standard","hentry","category-adhilac-inter","tag-adhilac","tag-bolivia","tag-brasil"],"_links":{"self":[{"href":"https:\/\/adhilac.com.ar\/index.php?rest_route=\/wp\/v2\/posts\/5549","targetHints":{"allow":["GET"]}}],"collection":[{"href":"https:\/\/adhilac.com.ar\/index.php?rest_route=\/wp\/v2\/posts"}],"about":[{"href":"https:\/\/adhilac.com.ar\/index.php?rest_route=\/wp\/v2\/types\/post"}],"author":[{"embeddable":true,"href":"https:\/\/adhilac.com.ar\/index.php?rest_route=\/wp\/v2\/users\/2"}],"replies":[{"embeddable":true,"href":"https:\/\/adhilac.com.ar\/index.php?rest_route=%2Fwp%2Fv2%2Fcomments&post=5549"}],"version-history":[{"count":6,"href":"https:\/\/adhilac.com.ar\/index.php?rest_route=\/wp\/v2\/posts\/5549\/revisions"}],"predecessor-version":[{"id":5822,"href":"https:\/\/adhilac.com.ar\/index.php?rest_route=\/wp\/v2\/posts\/5549\/revisions\/5822"}],"wp:attachment":[{"href":"https:\/\/adhilac.com.ar\/index.php?rest_route=%2Fwp%2Fv2%2Fmedia&parent=5549"}],"wp:term":[{"taxonomy":"category","embeddable":true,"href":"https:\/\/adhilac.com.ar\/index.php?rest_route=%2Fwp%2Fv2%2Fcategories&post=5549"},{"taxonomy":"post_tag","embeddable":true,"href":"https:\/\/adhilac.com.ar\/index.php?rest_route=%2Fwp%2Fv2%2Ftags&post=5549"}],"curies":[{"name":"wp","href":"https:\/\/api.w.org\/{rel}","templated":true}]}}