{"id":5566,"date":"2012-04-18T04:08:05","date_gmt":"2012-04-18T07:08:05","guid":{"rendered":"https:\/\/adhilac.com.ar\/?p=5566"},"modified":"2012-06-27T14:11:35","modified_gmt":"2012-06-27T17:11:35","slug":"acerca-de-la-vi-cumbre-de-las-americas-cartagena-colombia-2012","status":"publish","type":"post","link":"https:\/\/adhilac.com.ar\/?p=5566","title":{"rendered":"Acerca de la VI Cumbre de las Am\u00e9ricas. Cartagena, Colombia.  2012"},"content":{"rendered":"<h3><span style=\"color: #339966;\">VI Cumbre con visi\u00f3n Latinoamericana<\/span><\/h3>\n<p>Juan J. Paz y Mi\u00f1o Cepeda<\/p>\n<p><a href=\"https:\/\/adhilac.com.ar\/wp-content\/uploads\/2012\/04\/VI-Cumbre-Americas.jpg\"><img loading=\"lazy\" decoding=\"async\" class=\"alignleft size-full wp-image-5567\" title=\"VI Cumbre Americas\" src=\"https:\/\/adhilac.com.ar\/wp-content\/uploads\/2012\/04\/VI-Cumbre-Americas.jpg\" alt=\"\" width=\"320\" height=\"240\" srcset=\"https:\/\/adhilac.com.ar\/wp-content\/uploads\/2012\/04\/VI-Cumbre-Americas.jpg 320w, https:\/\/adhilac.com.ar\/wp-content\/uploads\/2012\/04\/VI-Cumbre-Americas-300x225.jpg 300w\" sizes=\"auto, (max-width: 320px) 100vw, 320px\" \/><\/a><\/p>\n<p style=\"text-align: justify;\">En la VI Cumbre de las Am\u00e9ricas (Colombia, 14-15 de abril), era inevitable la referencia a dos temas: la reivindicaci\u00f3n argentina sobre las islas Malvinas y la exclusi\u00f3n de Cuba.\u00a0Las Malvinas fueron ocupadas por Gran Breta\u00f1a desde 1833, imponi\u00e9ndose sobre un territorio que desde entonces Argentina ha continuado reclamando como suyo.<!--more--><\/p>\n<p style=\"text-align: justify;\">Pero en 1982 las Malvinas fueron retomadas por la sangrienta dictadura militar presidida por Leopoldo Galtieri. La reacci\u00f3n brit\u00e1nica, encabezada por la Primera Ministra Margaret Thatcher, desat\u00f3 la \u201cguerra de las Malvinas\u201d, que concluy\u00f3 con la derrota argentina y la posterior ca\u00edda de la Junta Militar que la gobernaba.<\/p>\n<p style=\"text-align: justify;\">A pesar de la existencia de un sistema interamericano de defensa, que compromet\u00eda la unidad de los pa\u00edses del continente, los EEUU, presididos por Ronald Reagan, apoyaron a la Gran Breta\u00f1a, como tambi\u00e9n lo hizo Chile, gobernado por otro r\u00e9gimen sanguinario: el de Augusto Pinochet. En cambio, Am\u00e9rica Latina volc\u00f3 su apoyo a la Argentina. Y, desde entonces, el problema subsiste. Desde luego, bajo condiciones distintas a las del pasado, pues Am\u00e9rica Latina es hoy absolutamente consciente del apoyo a la soberan\u00eda argentina sobre Malvinas.\u00a0El caso de Cuba es distinto. Su independencia en 1898 frente a Espa\u00f1a, mediatizada por la intervenci\u00f3n norteamericana, debilit\u00f3 su libertad y su soberan\u00eda. Al dominio de la poderosa oligarqu\u00eda cubana se unieron las frecuentes intervenciones norteamericanas para salvaguardar sus intereses en el Caribe y en la isla; y, a fines de los a\u00f1os cincuenta del pasado siglo, la captura del poder por Fulgencio Batista (1952-1959), sanguinario dictador al servicio de la oligarqu\u00eda cubana y del imperialismo norteamericano.\u00a0El triunfo de la Revoluci\u00f3n Cubana (1959) desencaden\u00f3 la \u201cguerra fr\u00eda\u201d anticomunista en Am\u00e9rica Latina, promovida por los EEUU, quienes lograron, en la d\u00e9cada de los sesentas, el bloqueo continental contra la isla, que incluy\u00f3 su expulsi\u00f3n del sistema interamericano.\u00a0Tambi\u00e9n hoy las condiciones son distintas a las del pasado.<\/p>\n<p style=\"text-align: justify;\">No solo existen 20 resoluciones de las Naciones Unidas que condenan el bloqueo norteamericano, sino que Am\u00e9rica Latina, desde hace a\u00f1os, ha recobrado las relaciones con Cuba. A prop\u00f3sito de la VI Cumbre, se evidenci\u00f3 una Am\u00e9rica Latina que juzga intolerable el bloqueo a Cuba, con lo cual va quedando aislada la caduca diplomacia de los EEUU frente al pueblo cubano, que ha resistido ejemplarmente el asedio.<\/p>\n<p style=\"text-align: justify;\">Fuente: El Telegrafo Primer Diario P\u00fablicoEcuador, lunes 16 de abril de 2012<\/p>\n<p style=\"text-align: justify;\"><strong>Publicado por ADHILAC Internacional \u00a9 www.adhilac.com.ar <\/strong><\/p>\n<p style=\"text-align: justify;\"><strong><\/strong>Si Ud. desea asociarse de acuerdo a los Estatutos de ADHILAC (<a title=\"(Ver)\" href=\"https:\/\/adhilac.com.ar\/?page_id=263\">ver<\/a>) complete el siguiente formulario (<a title=\"(ver)\" href=\"https:\/\/spreadsheets.google.com\/spreadsheet\/viewform?formkey=dEkxOS1SY2hRdHFpSVdfdFRzb0RINEE6MQ\">ver<\/a>)<\/p>\n<p style=\"text-align: justify;\">E-mail: info@adhilac.com.ar<br \/>\nTwitter: @AdhilacInfo<\/p>\n","protected":false},"excerpt":{"rendered":"<p>VI Cumbre con visi\u00f3n Latinoamericana Juan J. Paz y Mi\u00f1o Cepeda En la VI Cumbre de las Am\u00e9ricas (Colombia, 14-15 de abril), era inevitable la referencia a dos temas: la reivindicaci\u00f3n argentina sobre las islas Malvinas y la exclusi\u00f3n de Cuba.\u00a0Las Malvinas fueron ocupadas por Gran Breta\u00f1a desde 1833, imponi\u00e9ndose sobre un territorio que desde [&hellip;]<\/p>\n","protected":false},"author":18,"featured_media":0,"comment_status":"closed","ping_status":"closed","sticky":false,"template":"","format":"standard","meta":{"_crdt_document":"","footnotes":""},"categories":[40],"tags":[63,107],"class_list":["post-5566","post","type-post","status-publish","format-standard","hentry","category-informaciones","tag-cuba","tag-malvinas-argentinas"],"_links":{"self":[{"href":"https:\/\/adhilac.com.ar\/index.php?rest_route=\/wp\/v2\/posts\/5566","targetHints":{"allow":["GET"]}}],"collection":[{"href":"https:\/\/adhilac.com.ar\/index.php?rest_route=\/wp\/v2\/posts"}],"about":[{"href":"https:\/\/adhilac.com.ar\/index.php?rest_route=\/wp\/v2\/types\/post"}],"author":[{"embeddable":true,"href":"https:\/\/adhilac.com.ar\/index.php?rest_route=\/wp\/v2\/users\/18"}],"replies":[{"embeddable":true,"href":"https:\/\/adhilac.com.ar\/index.php?rest_route=%2Fwp%2Fv2%2Fcomments&post=5566"}],"version-history":[{"count":5,"href":"https:\/\/adhilac.com.ar\/index.php?rest_route=\/wp\/v2\/posts\/5566\/revisions"}],"predecessor-version":[{"id":5820,"href":"https:\/\/adhilac.com.ar\/index.php?rest_route=\/wp\/v2\/posts\/5566\/revisions\/5820"}],"wp:attachment":[{"href":"https:\/\/adhilac.com.ar\/index.php?rest_route=%2Fwp%2Fv2%2Fmedia&parent=5566"}],"wp:term":[{"taxonomy":"category","embeddable":true,"href":"https:\/\/adhilac.com.ar\/index.php?rest_route=%2Fwp%2Fv2%2Fcategories&post=5566"},{"taxonomy":"post_tag","embeddable":true,"href":"https:\/\/adhilac.com.ar\/index.php?rest_route=%2Fwp%2Fv2%2Ftags&post=5566"}],"curies":[{"name":"wp","href":"https:\/\/api.w.org\/{rel}","templated":true}]}}