{"id":5616,"date":"2012-06-15T14:49:19","date_gmt":"2012-06-15T17:49:19","guid":{"rendered":"https:\/\/adhilac.com.ar\/?p=5616"},"modified":"2012-06-27T15:49:47","modified_gmt":"2012-06-27T18:49:47","slug":"ii-congreso-internacional-de-estudios-caribenos-barranquilla-colombia-8-al-10-de-agosto-de-2012","status":"publish","type":"post","link":"https:\/\/adhilac.com.ar\/?p=5616","title":{"rendered":"II Congreso Internacional de Estudios Caribe\u00f1os. Barranquilla Colombia. 8 al 10 de agosto de 2012"},"content":{"rendered":"<h3 style=\"text-align: justify;\"><span style=\"color: #339966;\"><strong>\u201cImperios, mercados y multiculturalidad en el Caribe\u201d<\/strong><\/span><\/h3>\n<p style=\"text-align: justify;\">II CONGRESO INTERNACIONAL DE ESTUDIOS CARIBE\u00d1OS<\/p>\n<div style=\"text-align: justify;\" dir=\"ltr\">\n<div>Barranquilla, agosto 8-10 de 2012<\/div>\n<div><strong><br \/>\n<\/strong><\/div>\n<div><strong> <\/strong><\/div>\n<div><strong>PRESENTACI\u00d3N<\/strong><\/div>\n<div>La Universidad Nacional sede Caribe- Instituto de Estudios Caribe\u00f1os, La Universidad del Norte, la Universidad del Magdalena con la participaci\u00f3n de la C\u00e1tedra Internacional sobre Estudios del Caribe \u201cJuan Bosch\u201d, invitan a los investigadores de diferentes disciplinas interesados(as) en presentar sus investigaciones y reflexiones acad\u00e9micas sobre temas del Caribe a participar en el\u00a0<strong>II Congreso Internacional de Estudios Caribe\u00f1os<\/strong> que se realizar\u00e1 en la ciudad de Barranquilla, Colombia del 8 al 10 de agosto del a\u00f1o 2012. Esta iniciativa busca contribuir con el complejo proceso de comprender el pasado presente y futuro de la regi\u00f3n Caribe.<!--more--><\/div>\n<p>Este Congreso se convierte en una herramienta que contribuir\u00e1 con la consolidaci\u00f3n de los estudios caribe\u00f1os en la regi\u00f3n en general y en la regi\u00f3n Caribe colombiana en particular.\u00a0Este evento acad\u00e9mico, que se realiza cada dos a\u00f1os de manera itinerante en las ciudades de la costa del Caribe colombiano, se convierte en un escenario cient\u00edfico y acad\u00e9mico para la discusi\u00f3n sobre los principales temas que se presentan sobre la realidad caribe\u00f1a.<\/p>\n<p>En esta segunda versi\u00f3n la organizaci\u00f3n del congreso, aprovechando que la crisis que vive el capitalismo mundial viene fomentando un proceso de reorganizaci\u00f3n en los mercados mundiales y con ello nuevas estrategias de viejos y nuevos imperios, propone como el tema central \u201c<strong>Imperios, Mercados y Multiculturalidad en el Caribe<\/strong>\u201d. La relaci\u00f3n entre imperios econom\u00eda y cultura sigue siendo un tema indispensable para entender los diferentes procesos hist\u00f3ricos que enfrentan las sociedades que de una u otra manera se encuentran dentro del universo caribe\u00f1o o tiene v\u00ednculos con este. La dominaci\u00f3n imperial y los intercambios econ\u00f3micos y culturales que ello suscit\u00f3 siguen jugando un papel importante en la integraci\u00f3n, desintegraci\u00f3n, la cultura e identidades y las relaciones que se construyen entre las sociedades que habitan esta regi\u00f3n.<\/p>\n<p>Aun cuando se busca que la discusi\u00f3n central se presente sobre esta tem\u00e1tica, ello no excluye otros temas de importancia vinculados a las tradiciones de los estudios del Caribe y a nuevas preocupaciones que vienen ocupando lugares destacados dentro de las reflexiones acad\u00e9micas caribe\u00f1as, como las Relaciones Internacionales, la cultura, la sociedad y la pol\u00edtica del Caribe.<\/p>\n<div><strong> <\/strong><\/div>\n<div><strong>MESAS TEM\u00c1TICAS<\/strong><\/div>\n<p>\u00b7\u00a0\u00a0\u00a0\u00a0\u00a0\u00a0\u00a0\u00a0\u00a0\u00a0\u00a0\u00a0\u00a0\u00a0\u00a0\u00a0\u00a0\u00a0\u00a0\u00a0Luchas imperiales y conflictos internacionales en el Caribe<\/p>\n<p>\u00b7\u00a0\u00a0\u00a0\u00a0\u00a0\u00a0\u00a0\u00a0\u00a0\u00a0\u00a0\u00a0\u00a0\u00a0\u00a0\u00a0\u00a0\u00a0\u00a0\u00a0Migraciones, sincretismo e identidad<\/p>\n<p>\u00b7\u00a0\u00a0\u00a0\u00a0\u00a0\u00a0\u00a0\u00a0\u00a0\u00a0\u00a0\u00a0\u00a0\u00a0\u00a0\u00a0\u00a0\u00a0\u00a0\u00a0Mercados y producci\u00f3n en el Caribe<\/p>\n<p>\u00b7\u00a0\u00a0\u00a0\u00a0\u00a0\u00a0\u00a0\u00a0\u00a0\u00a0\u00a0\u00a0\u00a0\u00a0\u00a0\u00a0\u00a0\u00a0\u00a0\u00a0Medio ambiente y desarrollo<a name=\"13710fdae631a2c8_137058fd8f9681e5__Toc258222141\"><\/a><\/p>\n<p><strong>OBJETIVOS<\/strong><strong> <\/strong><\/p>\n<p><strong>General<\/strong><strong> <\/strong><\/p>\n<p>Construir un espacio de discusi\u00f3n y di\u00e1logo que permita analizar las tendencias, los m\u00faltiples enfoques, las limitaciones y progresos de los estudios del Caribe y sus contribuciones con la soluci\u00f3n y comprensi\u00f3n con los temas de la regi\u00f3n.<a name=\"13710fdae631a2c8_137058fd8f9681e5__Toc258222143\"><\/a><\/p>\n<p><strong>Espec\u00edficos<\/strong><\/p>\n<p>Analizar las repercusiones econ\u00f3micas y culturales de los sistemas de dominaci\u00f3n impuestos en el Caribe, tanto en la organizaci\u00f3n actual de los pa\u00edses que lo forman como en los problemas que enfrentan.<\/p>\n<p>Reflexionar sobre los conflictos internacionales en el contexto de los estados y naciones caribe\u00f1as.<strong> <\/strong><\/p>\n<p>Discutir los posibles desarrollos y el papel del medio ambiente en el Caribe en las nuevas circunstancias econ\u00f3micas del capitalismo mundial.<strong> <\/strong><\/p>\n<p><strong>METODOLOG\u00cdA<\/strong><strong> <\/strong><\/p>\n<p>El Congreso se realizar\u00e1 con la modalidad de mesas tem\u00e1ticas con ponencias individuales, seguidas de una sesi\u00f3n de preguntas y comentarios cada una. Tambi\u00e9n se realizar\u00e1n conferencias centrales a cargo de conferencistas invitados.<\/p>\n<p><strong>PARTICIPACI\u00d3N<\/strong><\/p>\n<p>Para participar como ponente en el evento los interesados deben enviar en idioma ingles o espa\u00f1ol a la direcci\u00f3n de correo<a href=\"mailto:congresoestudioscaribenos@gmail.com\" target=\"_blank\">congresoestudioscaribenos@gmail.com<\/a> la siguiente informaci\u00f3n:<\/p>\n<p><span style=\"text-decoration: underline;\"> <\/span><\/p>\n<p><strong>1<\/strong>. Datos personales (nombre y apellido, direcci\u00f3n postal y correo electr\u00f3nico)<\/p>\n<p><strong>2<\/strong>. Datos profesionales (grado acad\u00e9mico y pertenencia institucional\/Universidad)<\/p>\n<p><strong>3.<\/strong> T\u00edtulo de la ponencia, mesa tem\u00e1tica elegida, y un resumen de hasta de 500 palabras, que se recibir\u00e1 hasta\u00a0<strong>el 20 mayo de 2012<\/strong><\/p>\n<p><strong>4. <\/strong>La ponencia completa debe ser enviada\u00a0<strong>hasta el 30 de junio de 2012<\/strong>, en formato Word, doble espacio y m\u00e1ximo 20 cuartillas, incluyendo la bibliograf\u00eda. Quien no cumpla con la fecha no podr\u00e1 aparecer en las memorias del evento.<\/p>\n<p><strong> <\/strong><\/p>\n<p><strong>Valores de participaci\u00f3n<\/strong><strong> <\/strong><\/p>\n<p>Profesores nacionales $ 100.000<\/p>\n<p>Estudiantes $ 50.000<\/p>\n<p><strong>Pagos antes del 7 de julio<\/strong><\/p>\n<p>Profesores nacionales $80.000<\/p>\n<p>Estudiantes $ 40.000<\/p>\n<p>Consignar a la cuenta corriente de DAVIVIENDA\u00a0<strong>N\u00ba 26606999930-5<\/strong>. A nombre de Congreso Internacional de Estudios Caribe\u00f1os y enviar recibo de consignaci\u00f3n escaneado a la direcci\u00f3n de E-Mail se\u00f1alada<strong> <\/strong><\/p>\n<p><strong>Coordinaci\u00f3n General<\/strong><\/p>\n<p>Antonino Vidal Ortega, Universidad del Norte<\/p>\n<div>Ra\u00fal Rom\u00e1n Romero, Universidad Nacional de Colombia sede Caribe<\/div>\n<div>Jorge Enrique El\u00edas Caro, Universidad del Magdalena<\/div>\n<p><strong>Comit\u00e9 Acad\u00e9mico Asesor<\/strong><\/p>\n<p>Francisco Avella-Adriana Santos<\/p>\n<div>Yusmidia Solano-Raquel Sanmiguel<\/div>\n<div>Brigitte Gavio- David Luquetta Cediel<\/div>\n<div>Johanie James- Roberto Gonz\u00e1lez Arana<\/div>\n<div>Jos\u00e9 Manuel Espinosa- Silvia Mantilla<\/div>\n<p><strong>Comit\u00e9 cient\u00edfico del Congreso<\/strong><\/p>\n<p>Elizet Payne, Universidad de Costa Rica, Costa Rica<\/p>\n<div>Juan Marchena Fern\u00e1ndez, Universidad Pablo de Olavide, Espa\u00f1a<\/div>\n<div>Jorge Gelman. Universidad de Buenos Aires, Argentina<\/div>\n<div>Gustavo Laranja. Universidad de Positivo Brasil<\/div>\n<div>Germ\u00e1n Cardozo. Universidad del Zulia, Venezuela<\/div>\n<div>Horacio Godoy. Universidad del Norte, Colombia<\/div>\n<div>Jos\u00e9 Ernesto Mancera, Universidad Nacional de Colombia<\/div>\n<p><strong>Informaci\u00f3n e inscripciones<\/strong><\/p>\n<p>Universidad Nacional Sede Caribe<\/p>\n<p>San Andr\u00e9s, Isla<\/p>\n<div><strong><a href=\"mailto:congresoestudioscaribenos@gmail.com\" target=\"_blank\">congresoestudioscaribenos@gmail.com<\/a><\/strong><\/div>\n<div>Tel\u00e9fono: (57) + (8) 5133310-5133311-5133390 ext. 296<a name=\"13710fdae631a2c8_137058fd8f9681e5__GoBack\"><\/a>46<\/div>\n<p><strong>Grupos que apoyan<\/strong><\/p>\n<p>Naci\u00f3n, regi\u00f3n, econom\u00eda y poder en el Caribe y Am\u00e9rica Latina (UNAL)<\/p>\n<div>Estado y Sociedad del Caribe (UNAL)<\/div>\n<div>Estudios Ambientales del Caribe (UNAL)<\/div>\n<div>Historia Empresarial y Desarrollo Regional (UNIMAGDALENA)<\/div>\n<div>Arqueolog\u00eda, Historia y Estudios Urbanos del Caribe Colombiano (UNINORTE)<\/div>\n<div>Agenda internacional (UNINORTE)<\/div>\n<p>&nbsp;<\/p>\n<\/div>\n<p style=\"text-align: justify;\"><strong>Publicado por ADHILAC Internacional \u00a9 www.adhilac.com.ar<\/strong><\/p>\n<p style=\"text-align: justify;\">Si Ud. desea asociarse de acuerdo a los Estatutos de ADHILAC\u00a0<a title=\"(ver)\" href=\"https:\/\/adhilac.com.ar\/?page_id=263\">(ver)<\/a> complete el siguiente formulario\u00a0<a title=\"(ver)\" href=\"https:\/\/adhilac.com.ar\/?page_id=3194\">(ver)<\/a><\/p>\n<p style=\"text-align: justify;\">E-mail: info@adhilac.com.ar<strong> <\/strong><\/p>\n<p style=\"text-align: justify;\">Twitter: @AdhilacInfo<\/p>\n<p style=\"text-align: justify;\"><strong>Publicado por ADHILAC Internacional \u00a9 www.adhilac.com.ar<\/strong><\/p>\n<p style=\"text-align: justify;\">Si Ud. desea asociarse de acuerdo a los Estatutos de ADHILAC\u00a0<a title=\"(ver)\" href=\"https:\/\/adhilac.com.ar\/?page_id=263\">(ver)<\/a> complete el siguiente formulario\u00a0<a title=\"(ver)\" href=\"https:\/\/adhilac.com.ar\/?page_id=3194\">(ver)<\/a><\/p>\n<p style=\"text-align: justify;\">E-mail: info@adhilac.com.ar<strong> <\/strong><\/p>\n<p style=\"text-align: justify;\">Twitter: @AdhilacInfo<\/p>\n","protected":false},"excerpt":{"rendered":"<p>\u201cImperios, mercados y multiculturalidad en el Caribe\u201d II CONGRESO INTERNACIONAL DE ESTUDIOS CARIBE\u00d1OS Barranquilla, agosto 8-10 de 2012 PRESENTACI\u00d3N La Universidad Nacional sede Caribe- Instituto de Estudios Caribe\u00f1os, La Universidad del Norte, la Universidad del Magdalena con la participaci\u00f3n de la C\u00e1tedra Internacional sobre Estudios del Caribe \u201cJuan Bosch\u201d, invitan a los investigadores de diferentes [&hellip;]<\/p>\n","protected":false},"author":2,"featured_media":0,"comment_status":"closed","ping_status":"closed","sticky":false,"template":"","format":"standard","meta":{"_crdt_document":"","footnotes":""},"categories":[69,3,5,40],"tags":[199],"class_list":["post-5616","post","type-post","status-publish","format-standard","hentry","category-adhilac-colombia","category-adhilac-inter","category-congresos","category-informaciones","tag-historia-latinoamericana-y-del-caribe"],"_links":{"self":[{"href":"https:\/\/adhilac.com.ar\/index.php?rest_route=\/wp\/v2\/posts\/5616","targetHints":{"allow":["GET"]}}],"collection":[{"href":"https:\/\/adhilac.com.ar\/index.php?rest_route=\/wp\/v2\/posts"}],"about":[{"href":"https:\/\/adhilac.com.ar\/index.php?rest_route=\/wp\/v2\/types\/post"}],"author":[{"embeddable":true,"href":"https:\/\/adhilac.com.ar\/index.php?rest_route=\/wp\/v2\/users\/2"}],"replies":[{"embeddable":true,"href":"https:\/\/adhilac.com.ar\/index.php?rest_route=%2Fwp%2Fv2%2Fcomments&post=5616"}],"version-history":[{"count":11,"href":"https:\/\/adhilac.com.ar\/index.php?rest_route=\/wp\/v2\/posts\/5616\/revisions"}],"predecessor-version":[{"id":5889,"href":"https:\/\/adhilac.com.ar\/index.php?rest_route=\/wp\/v2\/posts\/5616\/revisions\/5889"}],"wp:attachment":[{"href":"https:\/\/adhilac.com.ar\/index.php?rest_route=%2Fwp%2Fv2%2Fmedia&parent=5616"}],"wp:term":[{"taxonomy":"category","embeddable":true,"href":"https:\/\/adhilac.com.ar\/index.php?rest_route=%2Fwp%2Fv2%2Fcategories&post=5616"},{"taxonomy":"post_tag","embeddable":true,"href":"https:\/\/adhilac.com.ar\/index.php?rest_route=%2Fwp%2Fv2%2Ftags&post=5616"}],"curies":[{"name":"wp","href":"https:\/\/api.w.org\/{rel}","templated":true}]}}