{"id":5727,"date":"2012-06-18T04:37:01","date_gmt":"2012-06-18T07:37:01","guid":{"rendered":"https:\/\/adhilac.com.ar\/?p=5727"},"modified":"2014-01-06T09:29:45","modified_gmt":"2014-01-06T12:29:45","slug":"revista-honduras-n%c2%ba-34","status":"publish","type":"post","link":"https:\/\/adhilac.com.ar\/?p=5727","title":{"rendered":"Revista \u00abHonduras\u00bb N\u00ba 34"},"content":{"rendered":"<h3><span style=\"color: #339966;\">Nueva entrega de la Revista <em>Honduras<\/em><\/span><\/h3>\n<p><em><a href=\"https:\/\/adhilac.com.ar\/wp-content\/uploads\/2012\/06\/Revi-Honduras-Nro-34-01.jpg\"><img loading=\"lazy\" decoding=\"async\" class=\"alignleft size-full wp-image-5728\" title=\"Revi Honduras Nro 34 -01\" src=\"https:\/\/adhilac.com.ar\/wp-content\/uploads\/2012\/06\/Revi-Honduras-Nro-34-01.jpg\" alt=\"\" width=\"198\" height=\"266\" \/><\/a><\/em><\/p>\n<p>&nbsp;<\/p>\n<p style=\"text-align: justify;\">La <em>Revista Honduras<\/em> A\u00f1o 10 N\u00ba 34 de Junio de 2012 \u00a0est\u00e1 dedicada al an\u00e1lisis de temas candentes del proceso hondure\u00f1o y latinoamericano.<\/p>\n<p style=\"text-align: justify;\">La revista publicada por el Equipo de Reflexi\u00f3n, Investigaci\u00f3n y Comunicaci\u00f3n (ERIC).\u00a0El Progreso, Yoro, Honduras.<\/p>\n<p style=\"text-align: justify;\"><span style=\"color: #ffffff;\">\/\/<\/span><\/p>\n<p style=\"text-align: justify;\"><span style=\"color: #ffffff;\">\/<\/span><\/p>\n<p style=\"text-align: justify;\"><span style=\"color: #ffffff;\">\/<\/span><\/p>\n<p style=\"text-align: justify;\"><span style=\"color: #ffffff;\">\/<\/span><\/p>\n<p style=\"text-align: justify;\"><span style=\"color: #ffffff;\"><!--more--><\/span>\/<\/p>\n<p style=\"text-align: justify;\">\/<\/p>\n<p style=\"text-align: justify;\">&nbsp;<\/p>\n<p style=\"text-align: justify;\"><em><a href=\"https:\/\/adhilac.com.ar\/wp-content\/uploads\/2012\/06\/Revi-Honduras-Nro-34-02.jpg\"><img loading=\"lazy\" decoding=\"async\" class=\"size-full wp-image-5729 alignleft\" title=\"Revi Honduras Nro 34 -02\" src=\"https:\/\/adhilac.com.ar\/wp-content\/uploads\/2012\/06\/Revi-Honduras-Nro-34-02.jpg\" alt=\"\" width=\"285\" height=\"383\" srcset=\"https:\/\/adhilac.com.ar\/wp-content\/uploads\/2012\/06\/Revi-Honduras-Nro-34-02.jpg 588w, https:\/\/adhilac.com.ar\/wp-content\/uploads\/2012\/06\/Revi-Honduras-Nro-34-02-223x300.jpg 223w\" sizes=\"auto, (max-width: 285px) 100vw, 285px\" \/><\/a><\/em><\/p>\n<p style=\"text-align: justify;\"><span style=\"color: #ffffff;\">\/<\/span><\/p>\n<p style=\"text-align: justify;\"><span style=\"color: #ffffff;\">\/<\/span><\/p>\n<p style=\"text-align: justify;\"><span style=\"color: #ffffff;\">\/<\/span><\/p>\n<p style=\"text-align: justify;\"><span style=\"color: #ffffff;\">\/<\/span><\/p>\n<p style=\"text-align: justify;\"><span style=\"color: #ffffff;\">\/<\/span><\/p>\n<p style=\"text-align: justify;\"><span style=\"color: #ffffff;\">\/<\/span><\/p>\n<p style=\"text-align: justify;\"><span style=\"color: #ffffff;\">\/<\/span><\/p>\n<p style=\"text-align: justify;\"><span style=\"color: #ffffff;\">\/<\/span><\/p>\n<p style=\"text-align: justify;\"><span style=\"color: #ffffff;\">\/<\/span><\/p>\n<p style=\"text-align: justify;\"><span style=\"color: #ffffff;\">\/<\/span><\/p>\n<p style=\"text-align: justify;\"><span style=\"color: #ffffff;\">\/<\/span><\/p>\n<p style=\"text-align: justify;\"><span style=\"color: #ffffff;\">\/<\/span><\/p>\n<p style=\"text-align: justify;\"><span style=\"color: #ffffff;\">\/<\/span><\/p>\n<p style=\"text-align: justify;\"><strong>Publicado por ADHILAC Internacional \u00a9 www.adhilac.com.ar<\/strong><\/p>\n<p style=\"text-align: justify;\">Si Ud. desea asociarse de acuerdo a los Estatutos de ADHILAC\u00a0<a title=\"(ver)\" href=\"https:\/\/adhilac.com.ar\/?page_id=263\">(ver)<\/a> complete el siguiente formulario\u00a0<a title=\"(ver)\" href=\"https:\/\/adhilac.com.ar\/?page_id=3194\">(ver)<\/a><\/p>\n<p style=\"text-align: justify;\">E-mail:\u00a0<a title=\"info@adhilac.com.ar\" href=\"https:\/\/adhilac.com.ar\/info@adhilac.com.ar\" target=\"_blank\">info@adhilac.com.ar<\/a><strong> <\/strong><\/p>\n<p style=\"text-align: justify;\">Twitter: @AdhilacInfo<\/p>\n<p style=\"text-align: justify;\"><em><br \/>\n<\/em><\/p>\n","protected":false},"excerpt":{"rendered":"<p>Nueva entrega de la Revista Honduras &nbsp; La Revista Honduras A\u00f1o 10 N\u00ba 34 de Junio de 2012 \u00a0est\u00e1 dedicada al an\u00e1lisis de temas candentes del proceso hondure\u00f1o y latinoamericano. La revista publicada por el Equipo de Reflexi\u00f3n, Investigaci\u00f3n y Comunicaci\u00f3n (ERIC).\u00a0El Progreso, Yoro, Honduras. \/\/ \/ \/ \/<\/p>\n","protected":false},"author":2,"featured_media":0,"comment_status":"closed","ping_status":"closed","sticky":false,"template":"","format":"standard","meta":{"_crdt_document":"","footnotes":""},"categories":[40,7],"tags":[13,306,162],"class_list":["post-5727","post","type-post","status-publish","format-standard","hentry","category-informaciones","category-publicac-info","tag-america-latina","tag-honduras","tag-revista"],"_links":{"self":[{"href":"https:\/\/adhilac.com.ar\/index.php?rest_route=\/wp\/v2\/posts\/5727","targetHints":{"allow":["GET"]}}],"collection":[{"href":"https:\/\/adhilac.com.ar\/index.php?rest_route=\/wp\/v2\/posts"}],"about":[{"href":"https:\/\/adhilac.com.ar\/index.php?rest_route=\/wp\/v2\/types\/post"}],"author":[{"embeddable":true,"href":"https:\/\/adhilac.com.ar\/index.php?rest_route=\/wp\/v2\/users\/2"}],"replies":[{"embeddable":true,"href":"https:\/\/adhilac.com.ar\/index.php?rest_route=%2Fwp%2Fv2%2Fcomments&post=5727"}],"version-history":[{"count":10,"href":"https:\/\/adhilac.com.ar\/index.php?rest_route=\/wp\/v2\/posts\/5727\/revisions"}],"predecessor-version":[{"id":5743,"href":"https:\/\/adhilac.com.ar\/index.php?rest_route=\/wp\/v2\/posts\/5727\/revisions\/5743"}],"wp:attachment":[{"href":"https:\/\/adhilac.com.ar\/index.php?rest_route=%2Fwp%2Fv2%2Fmedia&parent=5727"}],"wp:term":[{"taxonomy":"category","embeddable":true,"href":"https:\/\/adhilac.com.ar\/index.php?rest_route=%2Fwp%2Fv2%2Fcategories&post=5727"},{"taxonomy":"post_tag","embeddable":true,"href":"https:\/\/adhilac.com.ar\/index.php?rest_route=%2Fwp%2Fv2%2Ftags&post=5727"}],"curies":[{"name":"wp","href":"https:\/\/api.w.org\/{rel}","templated":true}]}}