{"id":5750,"date":"2012-06-21T08:52:43","date_gmt":"2012-06-21T11:52:43","guid":{"rendered":"https:\/\/adhilac.com.ar\/?p=5750"},"modified":"2012-07-11T08:40:24","modified_gmt":"2012-07-11T11:40:24","slug":"manuel-belgrano-murio-en-1820-especialistas-medicos-debaten-las-causas-de-su-fallecimiento","status":"publish","type":"post","link":"https:\/\/adhilac.com.ar\/?p=5750","title":{"rendered":"Manuel Belgrano muri\u00f3 en 1820. Especialistas m\u00e9dicos debaten las causas de su fallecimiento"},"content":{"rendered":"<h3><span style=\"color: #339966;\">El homenaje a un intelectual comprometido con la lucha emancipatoria de su Patria <\/span><span style=\"color: #ffffff;\"><a href=\"https:\/\/adhilac.com.ar\/wp-content\/uploads\/2012\/06\/Belgrano-03.jpg\"><img loading=\"lazy\" decoding=\"async\" class=\"alignleft size-full wp-image-5753\" title=\"Belgrano 03\" src=\"https:\/\/adhilac.com.ar\/wp-content\/uploads\/2012\/06\/Belgrano-03.jpg\" alt=\"\" width=\"363\" height=\"412\" srcset=\"https:\/\/adhilac.com.ar\/wp-content\/uploads\/2012\/06\/Belgrano-03.jpg 454w, https:\/\/adhilac.com.ar\/wp-content\/uploads\/2012\/06\/Belgrano-03-264x300.jpg 264w\" sizes=\"auto, (max-width: 363px) 100vw, 363px\" \/><\/a>\/<\/span><\/h3>\n<p style=\"text-align: justify;\">Un articulo titulado \u00a0<em>Su caso cl\u00ednico fue estudiado durante un ateneo en el Instituto de Medicina Cardiovascular del Hospital Italiano<\/em>, el diario<em> Tiempo Argentino<\/em> se hizo eco del debate realizado en el Hospital Italiano de la Ciudad Aut\u00f3noma de Buenos Aires, argentina. Manuel Belgrano naci\u00f3 en ese entonces ciudad colonial en 1770, muy cerca del Convento de Santo Domingo.<\/p>\n<p style=\"text-align: justify;\">Hijo de una criolla y un italiano que merced al comercio &#8211; incluida la trata de esclavos &#8211; hab\u00eda logrado una posici\u00f3n destacada en la sociedad colonial rioplatense, Manuel Jos\u00e9 Joaqu\u00edn del Coraz\u00f3n de Jes\u00fas Belgrano estaba destinado a una vida c\u00f3moda.<!--more--><\/p>\n<p style=\"text-align: justify;\">Cuando cumpli\u00f3 6 a\u00f1os de edad la metr\u00f3poli reorganiz\u00f3 las posesiones coloniales y transform\u00f3 la perif\u00e9rica Buenos Aires en la sede del reci\u00e9n creado Virreinato del R\u00edo de la Plata.<\/p>\n<p style=\"text-align: justify;\">Manuel estudi\u00f3 en el Real Colegio de San Carlos, \u00a0hoy Colegio Nacional de Buenos Aires. Luego su padre lo envi\u00f3 a estudiar a la metr\u00f3poli, a las Universidades de Salamanca y Valladolid, donde estudio derecho (Bachiller en Leyes) recibiendo una medalla de oro por su rendimiento. Tambi\u00e9n se apasion\u00f3 por la econom\u00eda. Fue el primer presidente de la Academia de Pr\u00e1ctica Forente y Econom\u00eda Pol\u00edtica. Lo que no se suele decir es que durante su estad\u00eda en Europa se contagi\u00f3 de una de las m\u00e1s comunes enfermedades ven\u00e9reas de la \u00e9poca, la s\u00edfilis, la que padeci\u00f3 el resto de vida.<\/p>\n<p style=\"text-align: justify;\">Sus antecedentes eran tan destacados que recibi\u00f3 un permiso especial del P\u00edo VI para acceder a libros prohibidos. Esa trayectoria lo favoreci\u00f3 para ser nombrado como Secretario del recientemente creado Consulado de Buenos Aires.<\/p>\n<p style=\"text-align: justify;\">Transcribimos a continuaci\u00f3n la nota publicada el 19 de junio de 2012 en <em>Tiempo Argentino<\/em>. (1)<\/p>\n<p style=\"text-align: justify;\">Seg\u00fan los m\u00e9dicos, el reuma o la s\u00edfilis precipitaron la muerte de Belgrano<\/p>\n<p style=\"text-align: justify;\">En el Bicentenario de la Bandera, el historiador Felipe Pigna, el m\u00e9dico Daniel L\u00f3pez Rosetti y otros 100 especialistas debatieron la causa de su deceso. Fue una insuficiencia card\u00edaca, pero hay varias hip\u00f3tesis sobre qu\u00e9 la desencaden\u00f3.<\/p>\n<p style=\"text-align: justify;\">Por:\u00a0Gustavo Sarmiento<\/p>\n<p style=\"text-align: justify;\">Tres veces por semana, el Instituto de Medicina Cardiovascular del Hospital Italiano de Buenos Aires realiza un ateneo an\u00e1tomo-cl\u00ednico sobre casos espec\u00edficos. El de ayer fue uno muy particular, el de Don Manuel Belgrano, fallecido el 20 de junio de 1820. La idea la aportaron el doctor Daniel L\u00f3pez Rosetti y el historiador Felipe Pigna, quienes contextualizaron y detallaron los diferentes s\u00edntomas que padeci\u00f3 el pr\u00f3cer durante su vida. Luego, unos 100 especialistas que se acercaron al auditorio del Italiano evaluaron el caso cl\u00ednico para dar un diagn\u00f3stico de las causas de su muerte, entre las cuales prevaleci\u00f3 la de una insuficiencia card\u00edaca progresiva.<\/p>\n<p style=\"text-align: justify;\">Como en jornadas anteriores, la actividad comenz\u00f3 con la ficha del paciente. Actividad: periodista, economista, abogado, pol\u00edtico, militar. Examen f\u00edsico: estatura media, delgado, tez blanca rosada, pelo rubio, ojos azules. Perfil personal: persona disciplinada, aplicada, hiperactiva, exigente, con condiciones de liderazgo, que dorm\u00eda pocas horas y ten\u00eda la voz aflautada.\/El primer elemento de diagn\u00f3stico fue un cuadro de depresi\u00f3n que padeci\u00f3 Belgrano en 1794, a los 24 a\u00f1os, cuando llegaba de Espa\u00f1a para ser el secretario perpetuo del Consulado de Buenos Aires. Tuvo un motivo concreto: \u201cVen\u00eda a un organismo que se dedicar\u00eda a fomentar el desarrollo industrial, y cuando llega lo que se encuentra es un grupo de contrabandistas que se dedicaban a la trata de esclavos. Algunos nombres de compa\u00f1eros de Belgrano en el consulado: Mart\u00ednez de Hoz, Anchorena\u201d, describe Pigna. Ese mismo a\u00f1o sufri\u00f3 otra patolog\u00eda que determinar\u00eda a futuro su delicada salud: el protomedicato del R\u00edo de la Plata le diagnostica s\u00edfilis, enfermedad que padecer\u00e1, al menos, hasta 1810. \u201cCasi el 50% de la poblaci\u00f3n padec\u00eda enfermedades ven\u00e9reas. Obviamente, no exist\u00edan profil\u00e1cticos de l\u00e1tex, solamente hab\u00eda unos muy caros de intestino de carnero, que ten\u00edan la caracter\u00edstica de ser inc\u00f3modos y reutilizables\u201d, coment\u00f3 L\u00f3pez Rosetti.<\/p>\n<p style=\"text-align: justify;\">En 1800, Belgrano sufri\u00f3 una afecci\u00f3n ocular en su ojo izquierdo \u201cde gran importancia cl\u00ednica\u201d, seg\u00fan remarc\u00f3 Rosetti, que \u201cmuy probablemente le haya dejado una f\u00edstula\u201d. El 23 de agosto de 1812, en pleno \u00c9xodo Juje\u00f1o, padeci\u00f3 fen\u00f3menos descriptos de dispepsia, con frecuentes dolores de est\u00f3mago: \u201cHay antecedentes de su intolerancia a la carne de llama o al caldo de perdiz\u201d, acot\u00f3 el m\u00e9dico. Hacia fines de mayo de 1813, Belgrano escribe al gobierno de Buenos Aires: \u201cEstoy atacado de paludismo-fiebre terciana, que me arruin\u00f3 a t\u00e9rminos de serme penoso a\u00fan el hablar.\u201d Tras pasarle el mando a San Mart\u00edn, ir\u00e1 de licencia en un viaje a Inglaterra en 1815; por lo que se sabe, hasta entonces le dur\u00f3 esa afecci\u00f3n. En Londres, conoci\u00f3 a su m\u00e9dico de cabecera, el doctor Joseph Readhead, que lo acompa\u00f1\u00f3 hasta el \u00faltimo d\u00eda.<\/p>\n<p style=\"text-align: justify;\">El 7 de abril de 1819, el creador de la bandera consign\u00f3 en una carta a Ignacio \u00c1lvarez Thomas estar afectado del pulm\u00f3n y del pecho, y adem\u00e1s del muslo y la pierna derechos, por lo que deb\u00edan ayudarlo a desmontar. Es el primer testimonio de la enfermedad final. Un a\u00f1o despu\u00e9s, lo ratificar\u00e1 en una nota a Manuel de Sarratea, gobernador de Buenos Aires, en la cual especifica que su enfermedad \u201ccomenz\u00f3 el 23 de abril de 1819\u201d. En esa misiva prevalecen los reclamos de sueldos atrasados. Belgrano falleci\u00f3 en su sill\u00f3n el 20 de junio de 1820 a las 7, el mismo d\u00eda que Buenos Aires tuvo tres gobernadores. \u201cPor supuesto, ning\u00fan peri\u00f3dico se ocup\u00f3 de la muerte, salvo uno del padre Casta\u00f1eda\u201d, cont\u00f3 Pigna. El pat\u00f3logo Juan Sullivan, que practic\u00f3 la autopsia del pr\u00f3cer, se\u00f1al\u00f3 que sac\u00f3 gran cantidad de agua; que encontr\u00f3 el h\u00edgado y el bazo aumentados en volumen; los ri\u00f1ones desorganizados; los pulmones colapsados y del tama\u00f1o de una mano; el coraz\u00f3n hipertrofiado; tejido duro por la cirrosis portal \u201cque suele asociarse\u201d; ictericia y ascitis.<\/p>\n<p style=\"text-align: justify;\">Seg\u00fan Arturo Cagide, jefe del Instituto de Medicina Cardiovascular, \u201cparte del auditorio estuvo a favor de la hip\u00f3tesis de que se trat\u00f3 de una insuficiencia card\u00edaca que lo afect\u00f3 en forma secundaria a nivel hep\u00e1tico y renal. Como posibles causas, se hall\u00f3 la valvular, o reum\u00e1tica o por la s\u00edfilis que lo afectaba. Vemos una enfermedad librada a su curso natural, lo que hace muy probable que en el transcurso se hayan comprometido otros \u00f3rganos.\u201d A su endeble estado de salud, se le agregaba el poco desarrollo de la medicina local: \u201cEn esos a\u00f1os, se iniciaba el estudio del diagn\u00f3stico cl\u00ednico en Francia, y la informaci\u00f3n aqu\u00ed lleg\u00f3 bastante despu\u00e9s, fragmentada y de forma precaria\u201d, explic\u00f3 Cagide. A Belgrano, el \u00fanico tratamiento formal que se le practic\u00f3 fue \u201cel barrenamiento, que ser\u00edan las punciones de l\u00edquido abdominal\u201d.<\/p>\n<p style=\"text-align: justify;\">Para el doctor Rodolfo Pizarro, \u201cla s\u00edfilis ten\u00eda una presencia mucho m\u00e1s marcada en los hombres, por lo que la aortitis sifil\u00edtica es la causa m\u00e1s fuerte\u201d. Pero la doctora Flavia Vidal no descart\u00f3 el ars\u00e9nico: \u201cEn esa \u00e9poca se usaban varios metales como tratamiento, como el ars\u00e9nico o el mercurio inhalado, y no se sab\u00eda lo que causaban. De hecho, a Bol\u00edvar se le hall\u00f3 ars\u00e9nico en el pelo.\u201d\/Como un gui\u00f1o al destino, uno de los rasgos m\u00e1s significativos que mostr\u00f3 la autopsia de Manuel Belgrano fue el gran tama\u00f1o de su coraz\u00f3n. As\u00ed lo escribi\u00f3 Sullivan: \u201cEra de un volumen que pocas veces se encuentra en investigaciones anat\u00f3micas. Experiment\u00e9 un deseo vehemente de separarlo y prepararle. Lo propuse a la persona que concurri\u00f3 conmigo; lo desaprob\u00f3, y no hall\u00e1ndome autorizado por la familia, abandon\u00e9 con sentimiento los restos de este ilustre y experimentado patriota.\u201d<\/p>\n<p style=\"text-align: justify;\">NOTA:(1) Ver www.tiempo.infonews.com<\/p>\n<p style=\"text-align: justify;\"><strong>Publicado por ADHILAC Internacional \u00a9 www.adhilac.com.ar<\/strong><\/p>\n<p style=\"text-align: justify;\">Si Ud. desea asociarse de acuerdo a los Estatutos de ADHILAC\u00a0<a title=\"(ver)\" href=\"https:\/\/adhilac.com.ar\/?page_id=263\">(ver)<\/a> complete el siguiente formulario\u00a0<a title=\"(ver)\" href=\"https:\/\/adhilac.com.ar\/?page_id=3194\">(ver)<\/a><\/p>\n<p style=\"text-align: justify;\">E-mail:\u00a0<a title=\"info@adhilac.com.ar\" href=\"https:\/\/adhilac.com.ar\/info@adhilac.com.ar\" target=\"_blank\">info@adhilac.com.ar<\/a><strong> <\/strong><\/p>\n<p style=\"text-align: justify;\">Twitter: @AdhilacInfo<\/p>\n<p style=\"text-align: justify;\">&nbsp;<\/p>\n","protected":false},"excerpt":{"rendered":"<p>El homenaje a un intelectual comprometido con la lucha emancipatoria de su Patria \/ Un articulo titulado \u00a0Su caso cl\u00ednico fue estudiado durante un ateneo en el Instituto de Medicina Cardiovascular del Hospital Italiano, el diario Tiempo Argentino se hizo eco del debate realizado en el Hospital Italiano de la Ciudad Aut\u00f3noma de Buenos Aires, [&hellip;]<\/p>\n","protected":false},"author":4,"featured_media":0,"comment_status":"closed","ping_status":"closed","sticky":false,"template":"","format":"standard","meta":{"_crdt_document":"","footnotes":""},"categories":[6,8,40],"tags":[67,79],"class_list":["post-5750","post","type-post","status-publish","format-standard","hentry","category-biblioteca","category-fuentes-testimonios","category-informaciones","tag-argentina","tag-manuel-belgrano"],"_links":{"self":[{"href":"https:\/\/adhilac.com.ar\/index.php?rest_route=\/wp\/v2\/posts\/5750","targetHints":{"allow":["GET"]}}],"collection":[{"href":"https:\/\/adhilac.com.ar\/index.php?rest_route=\/wp\/v2\/posts"}],"about":[{"href":"https:\/\/adhilac.com.ar\/index.php?rest_route=\/wp\/v2\/types\/post"}],"author":[{"embeddable":true,"href":"https:\/\/adhilac.com.ar\/index.php?rest_route=\/wp\/v2\/users\/4"}],"replies":[{"embeddable":true,"href":"https:\/\/adhilac.com.ar\/index.php?rest_route=%2Fwp%2Fv2%2Fcomments&post=5750"}],"version-history":[{"count":8,"href":"https:\/\/adhilac.com.ar\/index.php?rest_route=\/wp\/v2\/posts\/5750\/revisions"}],"predecessor-version":[{"id":5967,"href":"https:\/\/adhilac.com.ar\/index.php?rest_route=\/wp\/v2\/posts\/5750\/revisions\/5967"}],"wp:attachment":[{"href":"https:\/\/adhilac.com.ar\/index.php?rest_route=%2Fwp%2Fv2%2Fmedia&parent=5750"}],"wp:term":[{"taxonomy":"category","embeddable":true,"href":"https:\/\/adhilac.com.ar\/index.php?rest_route=%2Fwp%2Fv2%2Fcategories&post=5750"},{"taxonomy":"post_tag","embeddable":true,"href":"https:\/\/adhilac.com.ar\/index.php?rest_route=%2Fwp%2Fv2%2Ftags&post=5750"}],"curies":[{"name":"wp","href":"https:\/\/api.w.org\/{rel}","templated":true}]}}