{"id":5757,"date":"2012-09-13T06:45:25","date_gmt":"2012-09-13T09:45:25","guid":{"rendered":"https:\/\/adhilac.com.ar\/?p=5757"},"modified":"2012-10-15T03:23:04","modified_gmt":"2012-10-15T06:23:04","slug":"iii-congreso-internacional-sobre-reflexiones-criticas-acerca-de-las-guerras-de-independencia-y-las-revoluciones-en-america","status":"publish","type":"post","link":"https:\/\/adhilac.com.ar\/?p=5757","title":{"rendered":"III Congreso Internacional sobre reflexiones cr\u00edticas acerca de las guerras de Independencia y las Revoluciones en Am\u00e9rica"},"content":{"rendered":"<h3 style=\"text-align: justify;\"><span style=\"color: #339966;\">21 a 23 de noviembre de 2012. Universidad Auton\u00f3ma Metropolitana<\/span><\/h3>\n<p style=\"text-align: justify;\">UNIVERSIDAD AUT\u00d3NOMA METROPOLITANA UNIDAD IZTAPALAPA<br \/>\nUNIVERSIDAD AUT\u00d3NOMA DE GUERRERO<br \/>\nUNIVERSIDAD AUT\u00d3NOMA DE CHAPINGO<br \/>\nASOCIACI\u00d3N DE HISTORIADORES LATINOAMERICANOS Y DEL CARIBE<\/p>\n<p style=\"text-align: justify;\"><span style=\"color: #000000;\"> <\/span><\/p>\n<p style=\"text-align: justify;\"><span style=\"color: #339966;\"><span style=\"color: #000000;\">CONVOCAN:<\/span><\/span><\/p>\n<p style=\"text-align: justify;\"><span style=\"color: #339966;\"><span style=\"color: #000000;\">A INVESTIGADORES, PROFESORES, ALUMNOS E INTERESADOS EN GENERAL A PARTICIPAR EN EL III CONGRESO INTERNACIONAL SOBRE REFLEXIONES CR\u00cdTICAS ACERCA DE LAS GUERRAS DE INDEPENDENCIA Y LAS REVOLUCIONES EN AM\u00c9RICA.<!--more--><\/span><\/span><\/p>\n<p style=\"text-align: justify;\"><span style=\"color: #339966;\"><span style=\"color: #000000;\">21, 22 Y 23 DE NOVIEMBRE DE 2012 EN LA UNIDAD IZTAPALAPA DE LA UNIVERSIDAD AUT\u00d3NOMA METROPOLITANA, CON LOS SIGUIENTES TEMAS:<\/span><\/span><\/p>\n<p style=\"text-align: justify;\"><span style=\"color: #339966;\"><span style=\"color: #000000;\">1.- INDEPENDENCIAS Y REVOLUCIONES EN AM\u00c9RICA<\/span><\/span><\/p>\n<p style=\"text-align: justify;\"><span style=\"color: #339966;\"><span style=\"color: #000000;\">2.- INDEPENDENCIA Y REVOLUCIONES EN ESTADOS UNIDOS<\/span><\/span><\/p>\n<p style=\"text-align: justify;\"><span style=\"color: #339966;\"><span style=\"color: #000000;\">3.- INDEPENDENCIA Y REVOLUCI\u00d3N DE M\u00c9XICO<\/span><\/span><\/p>\n<p style=\"text-align: justify;\"><span style=\"color: #339966;\"><span style=\"color: #000000;\">4.- INDEPENDENCIA, LEVANTAMIENTOS Y REVOLUCIONES EN CENTROAM\u00c9RICA Y EL CARIBE (BELICE, PANAM\u00c1, GUATEMALA, HONDURAS, NICARAGUA, COSTA RICA, JAMAICA, HAIT\u00cd, REP\u00daBLICA DOMINICANA, BAHAMAS)<\/span><\/span><\/p>\n<p style=\"text-align: justify;\"><span style=\"color: #339966;\"><span style=\"color: #000000;\">5.- REVOLUCIONES E INDEPENDENCIA EN PA\u00cdSES DE SUDAM\u00c9RICA (BRASIL, CHILE, PARAGUAY, URUGUAY, ARGENTINA, BOLIVIA, PER\u00da, COLOMBIA, VENEZUELA, ECUADOR, GUYANA)<\/span><\/span><\/p>\n<p style=\"text-align: justify;\"><span style=\"color: #339966;\"><span style=\"color: #000000;\">Fecha l\u00edmite de presentaci\u00f3n de resumen: a partir del d\u00eda de la publicaci\u00f3n hasta el 30 de julio de 2012.Fecha l\u00edmite de presentaci\u00f3n de ponencias completas: 30 de agosto de 2012Enviar a las siguientes direcciones electr\u00f3nicas: <\/span><\/span><\/p>\n<p style=\"text-align: justify;\"><span style=\"color: #339966;\"><span style=\"color: #000000;\">loma@xanum.uam.mx, artuloma@prodigy.net.mx, \u00a0congreso.libertad2010@gmail.com<\/span><br \/>\n<span style=\"color: #000000;\"> <\/span><\/span><\/p>\n<p style=\"text-align: justify;\"><span style=\"color: #339966;\"><span style=\"color: #000000;\">Como es aceptado por un buen n\u00famero de estudiosos del tema, las guerras de independencia en Am\u00e9rica se fraguaron en Europa, en donde los imperios, ingl\u00e9s, espa\u00f1ol y portugu\u00e9s (due\u00f1os de toda Am\u00e9rica) se encontraban en la mira del resto de la masoner\u00eda europea. No fue un momento de inspiraci\u00f3n acerca del tema de la soberan\u00eda lo que impuls\u00f3 a George Washington, Miguel Hidalgo, Sim\u00f3n Bol\u00edvar, Bernardo O\u2019Higgins, Antonio Jos\u00e9 de Sucre, Jos\u00e9 de San Mart\u00edn o Francisco de Miranda, a separar estas tierras del tutelaje imperial, sino fundamentalmente los intereses econ\u00f3micos y comerciales de las burgues\u00edas europeas. <\/span><\/span><\/p>\n<p style=\"text-align: justify;\"><span style=\"color: #339966;\"><span style=\"color: #000000;\">Todav\u00eda m\u00e1s, si nos atenemos al hecho hist\u00f3rico, algunos de los llamados independentistas s\u00f3lo lo fueron en contra de los intentos franceses y a favor del restablecimiento de Fernando VII como majestad \u00fanica de Am\u00e9rica.Una vez obtenida la independencia de Espa\u00f1a, los Estados Unidos de Norteam\u00e9rica, que jugaron un papel decisivo en ese prop\u00f3sito, se proclamaron depositarios de la soberan\u00eda americana a trav\u00e9s de su Doctrina Monroe. De ah\u00ed en adelante los enfrentamientos entre americanos y europeos (a trav\u00e9s de las sectas mas\u00f3nicas) permearon las luchas intestinas por el control econ\u00f3mico y pol\u00edtico de Am\u00e9rica, llegando a la invasi\u00f3n militar de parte de unos y otros, guerras en donde concretamente M\u00e9xico perdi\u00f3 m\u00e1s de la mitad de su territorio. <\/span><\/span><\/p>\n<p style=\"text-align: justify;\"><span style=\"color: #339966;\"><span style=\"color: #000000;\">Las posteriores luchas entre los llamados conservadores y liberales, responden casi siempre a los enfrentamientos entre las potencias que utilizaron como arena para dirimir sus diferencias a los pa\u00edses de Am\u00e9rica, Por esa raz\u00f3n la llamada Revoluci\u00f3n Mexicana debe analizarse a trav\u00e9s de sus resultados, en donde el reflejo obvio es que la inversi\u00f3n francesa e inglesa en M\u00e9xico fue desplazada por la norteamericana de manera abrumadora. El an\u00e1lisis de la participaci\u00f3n de los sectores populares en las distintas revoluciones, y hasta en las simples rebeliones, debe ser objeto de una fuerte cr\u00edtica acerca de sus fines y de sus m\u00e9todos, pues todos ellos de manera general han sucumbido irremediablemente frente al poder de los imperios, bajo el concepto de que hasta la fecha las revoluciones han sido revoluciones minoritarias, en que la indiferencia o el apoyo de la masa del pueblo a una de estas minor\u00edas, es lo que le permite presumir de mayoritaria a las minor\u00eda vencedora.<\/span><\/span><\/p>\n<p style=\"text-align: justify;\"><span style=\"color: #339966;\"><span style=\"color: #000000;\">As\u00ed tenemos que actualmente s\u00f3lo una parte de Am\u00e9rica se desarroll\u00f3 y el resto se revuelve entre la miseria y el atraso, y las causas deben buscarse en el papel que ha desempe\u00f1ado hist\u00f3ricamente la clase pol\u00edtica de cada pa\u00eds a favor del inter\u00e9s norteamericano y en contra del inter\u00e9s nacional.<\/span><\/span><\/p>\n<p style=\"text-align: justify;\">Los interesados en cada uno de los temas, deben enviar un resumen de su ponencia en una extensi\u00f3n m\u00e1xima de una cuartilla (26 renglones y 52 elementos por rengl\u00f3n) en formato Times New Roman 12, el cual ser\u00e1 evaluado por el Comit\u00e9 Organizador y en caso de ser necesario, se lereenviar\u00e1 al ponente para que realice las correcciones que se le indiquen. El plazo para el env\u00edo de ponencias vence el 30 de julio de 2012.<\/p>\n<p style=\"text-align: justify;\">La ponencia definitiva, despu\u00e9s de las correcciones, debe enviarse a m\u00e1s tardar el 30 de agosto, con el objeto de llevar a cabo la programaci\u00f3n definitiva.<\/p>\n<p style=\"text-align: justify;\">&nbsp;<\/p>\n<div style=\"text-align: justify;\">Las ponencias deber\u00e1n entregarse bajo la siguiente normatividad:<\/div>\n<div style=\"text-align: justify;\">\u2022 Letra Times New Roman, 12 puntos, 1,5, de espacio con un m\u00e1ximo de diez cuartillas y un m\u00ednimo de ocho sin contar portada ni hoja de datos bibliogr\u00e1ficos.<\/div>\n<div style=\"text-align: justify;\">\u2022 Debe contener una portada con el siguiente formato: Universidad de Procedencia y lugar de adscripci\u00f3n seg\u00fan sea el caso, nombre del evento, t\u00edtulo del trabajo, nombre del ponente y correo electr\u00f3nico y fecha.<\/div>\n<div style=\"text-align: justify;\">\u2022 Al inicio del trabajo poner en el espacio de notas de pie de p\u00e1gina bajo el signo de asterisco (*) donde se escribir\u00e1 un resumen curricular.<\/div>\n<div style=\"text-align: justify;\">\u2022 Los datos bibliogr\u00e1ficos deben incorporarse al final del trabajo y en orden alfab\u00e9tico.<\/div>\n<div style=\"text-align: justify;\">\u2022 Los temas de las ponencias propuestas deben estar estrictamente apegados a la tem\u00e1tica que se est\u00e1 proponiendo.<\/div>\n<div style=\"text-align: justify;\">\u2022 Oportunamente se confirmara a los autores la aceptaci\u00f3n de sus trabajos. En ponencias colectivas se aceptaran solo a los dos primeros integrantes.<\/div>\n<div style=\"text-align: justify;\">\u2022 Las ponencias tendr\u00e1n una duraci\u00f3n m\u00e1xima de 20 minutos.<\/div>\n<div style=\"text-align: justify;\">El art\u00edculo completo para su publicaci\u00f3n, deber\u00e1 presentarse de acuerdo a las siguientes reglas:<\/div>\n<div style=\"text-align: justify;\">. El formato del texto debe estar en letra Times New Roman, a 12 puntos, con un espaciado de 1,5, y en hojas configuradas en A4. Los m\u00e1rgenes de izquierda y derecha de 2,5 cm y los m\u00e1rgenes superior e inferior de 3 cm.<\/div>\n<div style=\"text-align: justify;\">&#8211; El t\u00edtulo del art\u00edculo deber\u00e1 ir en May\u00fascula (T\u00cdTULO) y los subt\u00edtulos en min\u00fasculas (Subtitulo). En caso de haber apartados dentro de los subt\u00edtulos se utilizar\u00e1n cursivas (Apartado del<\/div>\n<div style=\"text-align: justify;\">subt\u00edtulo).<\/div>\n<div style=\"text-align: justify;\">&#8211; Las notas a pie de p\u00e1ginas deben estar en letra a 10 puntos, y ser\u00e1n numeradas correlativamente. En la primera hoja del art\u00edculo luego apellido del autor\/a, deber\u00e1 incluirse una nota al p\u00ede con el signo de asterisco (*) donde se indicar\u00e1 su adscripci\u00f3n institucional y su<\/div>\n<div style=\"text-align: justify;\">correo electr\u00f3nico.<\/div>\n<div style=\"text-align: justify;\">&#8211; Las citas textuales y bibliogr\u00e1ficas de m\u00e1s de tres l\u00edneas se escribir\u00e1n en p\u00e1rrafo aparte, sangrado a la izquierda de 6 cm. Las que se incluyan dentro del texto ir\u00e1n entre comillas. Ambas citar\u00e1n la regencia correspondiente bajo el siguiente modelo: autor, a\u00f1o de la primera edici\u00f3n: p\u00e1gina\/s (s\u00f3lo en caso de cita textual). Ejemplo (Mari\u00e1tegui, 1927: 35-36).<\/div>\n<div style=\"text-align: justify;\">&#8211; La bibliograf\u00eda debe incluirse al final de todos los trabajos, y presentarse en orden alfab\u00e9tico, y seguir\u00e1n para cada caso las siguientes pautas: Para libros: Apellido, Nombre. A\u00f1o de la primera<\/div>\n<div style=\"text-align: justify;\">edici\u00f3n. T\u00edtulo. Editorial, Ciudad, A\u00f1o de la edici\u00f3n utilizada.<\/div>\n<div style=\"text-align: justify;\">Ejemplo: Jauretche, Arturo. 1968. Manual de zonceras argentinas. Corregidor, Buenos Aires, 2008.<\/div>\n<div style=\"text-align: justify;\">Para art\u00edculos en libros: Apellido, Nombre. A\u00f1o de la primera edici\u00f3n.<\/div>\n<div style=\"text-align: justify;\">Autor del art\u00edculo\u2022. Nombre y Apellido del editor\/a o compilador\/a (seg\u00fan corresponda: ed.\/comp.\/coord.) T\u00edtulo del libro. Editorial, Ciudad: p\u00e1ginas del art\u00edculo.<\/div>\n<div style=\"text-align: justify;\">Para art\u00edculos en revistas o publicaciones peri\u00f3dicas: Apellido, Nombre. A\u00f1o de la primera edici\u00f3n. Autor del art\u00edculo Nombre de la Revista, n\u00famero y\/o volumen de la revista. Ciudad: p\u00e1ginas del art\u00edculo.<\/div>\n<p style=\"text-align: justify;\"><strong>Publicado por ADHILAC Internacional \u00a9 www.adhilac.com.ar<\/strong><\/p>\n<p style=\"text-align: justify;\">Si Ud. desea asociarse de acuerdo a los Estatutos de ADHILAC\u00a0<a title=\"(ver)\" href=\"https:\/\/adhilac.com.ar\/?page_id=263\">(ver)<\/a> complete el siguiente formulario\u00a0<a title=\"(ver)\" href=\"https:\/\/adhilac.com.ar\/?page_id=3194\">(ver)<\/a><\/p>\n<p style=\"text-align: justify;\">E-mail:\u00a0<a title=\"info@adhilac.com.ar\" href=\"https:\/\/adhilac.com.ar\/info@adhilac.com.ar\" target=\"_blank\">info@adhilac.com.ar<\/a><strong> <\/strong><\/p>\n<p style=\"text-align: justify;\">Twitter: @AdhilacInfo<\/p>\n<p style=\"text-align: justify;\">&nbsp;<\/p>\n","protected":false},"excerpt":{"rendered":"<p>21 a 23 de noviembre de 2012. Universidad Auton\u00f3ma Metropolitana UNIVERSIDAD AUT\u00d3NOMA METROPOLITANA UNIDAD IZTAPALAPA UNIVERSIDAD AUT\u00d3NOMA DE GUERRERO UNIVERSIDAD AUT\u00d3NOMA DE CHAPINGO ASOCIACI\u00d3N DE HISTORIADORES LATINOAMERICANOS Y DEL CARIBE CONVOCAN: A INVESTIGADORES, PROFESORES, ALUMNOS E INTERESADOS EN GENERAL A PARTICIPAR EN EL III CONGRESO INTERNACIONAL SOBRE REFLEXIONES CR\u00cdTICAS ACERCA DE LAS GUERRAS DE INDEPENDENCIA [&hellip;]<\/p>\n","protected":false},"author":2,"featured_media":0,"comment_status":"closed","ping_status":"closed","sticky":false,"template":"","format":"standard","meta":{"_crdt_document":"","footnotes":""},"categories":[3,76,5,40],"tags":[14,49],"class_list":["post-5757","post","type-post","status-publish","format-standard","hentry","category-adhilac-inter","category-adhilac-mexico","category-congresos","category-informaciones","tag-bicentenario","tag-independencia"],"_links":{"self":[{"href":"https:\/\/adhilac.com.ar\/index.php?rest_route=\/wp\/v2\/posts\/5757","targetHints":{"allow":["GET"]}}],"collection":[{"href":"https:\/\/adhilac.com.ar\/index.php?rest_route=\/wp\/v2\/posts"}],"about":[{"href":"https:\/\/adhilac.com.ar\/index.php?rest_route=\/wp\/v2\/types\/post"}],"author":[{"embeddable":true,"href":"https:\/\/adhilac.com.ar\/index.php?rest_route=\/wp\/v2\/users\/2"}],"replies":[{"embeddable":true,"href":"https:\/\/adhilac.com.ar\/index.php?rest_route=%2Fwp%2Fv2%2Fcomments&post=5757"}],"version-history":[{"count":8,"href":"https:\/\/adhilac.com.ar\/index.php?rest_route=\/wp\/v2\/posts\/5757\/revisions"}],"predecessor-version":[{"id":7091,"href":"https:\/\/adhilac.com.ar\/index.php?rest_route=\/wp\/v2\/posts\/5757\/revisions\/7091"}],"wp:attachment":[{"href":"https:\/\/adhilac.com.ar\/index.php?rest_route=%2Fwp%2Fv2%2Fmedia&parent=5757"}],"wp:term":[{"taxonomy":"category","embeddable":true,"href":"https:\/\/adhilac.com.ar\/index.php?rest_route=%2Fwp%2Fv2%2Fcategories&post=5757"},{"taxonomy":"post_tag","embeddable":true,"href":"https:\/\/adhilac.com.ar\/index.php?rest_route=%2Fwp%2Fv2%2Ftags&post=5757"}],"curies":[{"name":"wp","href":"https:\/\/api.w.org\/{rel}","templated":true}]}}