{"id":5906,"date":"2012-07-09T06:22:57","date_gmt":"2012-07-09T09:22:57","guid":{"rendered":"https:\/\/adhilac.com.ar\/?p=5906"},"modified":"2013-02-07T05:29:49","modified_gmt":"2013-02-07T08:29:49","slug":"bicentenario-entrevistas-sobre-la-emancipacion-de-nuestra-america","status":"publish","type":"post","link":"https:\/\/adhilac.com.ar\/?p=5906","title":{"rendered":"Bicentenario. Entrevistas sobre la emancipaci\u00f3n de Nuestra Am\u00e9rica"},"content":{"rendered":"<h3><span style=\"color: #339966;\">Di\u00e1logo Bicentenario <\/span><\/h3>\n<p>En Telesur, el medio audivisual venezolano se ha llevado a cabo una importante iniciativa en estos doscientos a\u00f1os del inicio de las luchas por la Independencia de Nuestra\u00a0Am\u00e9rica. Conducido por la periodista Patricia Villegas y el historiador Lionel Mu\u00f1oz Paz investigadores latinoamericanos debaten este proceso desde los\u00a0desaf\u00edos\u00a0del presente.<\/p>\n<p><span style=\"color: #000000;\"><a href=\"http:\/\/www.telesurtv.net\/\"><\/a><\/span><\/p>\n<p><strong>Di\u00e1logo Bicentenario. La lucha emancipatoria en Nueva Granada<\/strong><\/p>\n<p>19 de abril de 1810 en Nueva Granada. 1\u00aa parte <a href=\"http:\/\/www.youtube.com\/watch?v=o-L3bAObhhg\">(Ver)<\/a><\/p>\n<p>19 de abril de 1810 en Nueva Granada. 2\u00aa parte <a href=\"http:\/\/www.youtube.com\/watch?v=T-7NLS2h_IA\">(Ver)<\/a><\/p>\n<p><strong>Di\u00e1logo Bicentenario. La Revoluci\u00f3n en el R\u00edo de la Plata: 25 de mayo de 1810<\/strong><\/p>\n<p>25 de mayo de 1810 \u2013 R\u00edo de la Plata  <a href=\"http:\/\/www.youtube.com\/watch?v=qIEz4DjzVS0\">(Ver)<\/a> <!--more--><\/p>\n<p><strong>Di\u00e1logo Bicentenario. La Gran Colombia<\/strong><\/p>\n<p>Bol\u00edvar y Santander 1\u00aa parte  <a href=\"http:\/\/www.youtube.com\/watch?v=s_Fqg2UKxrQ\">(Ver)<\/a><\/p>\n<p>Bol\u00edvar y Santander 2\u00aa parte <a href=\"http:\/\/www.youtube.com\/watch?v=CK3zBN_eQMk\">(Ver)<\/a><\/p>\n<p>Bol\u00edvar y Santander 3\u00aa parte <a href=\"http:\/\/www.youtube.com\/watch?v=2yCe1RC9llc\">(Ver)<\/a><\/p>\n<p>Bol\u00edvar y Santander 4\u00aa parte <a href=\"http:\/\/www.youtube.com\/watch?v=lqn_7FRuDHI\">(Ver)<\/a><\/p>\n<p>&nbsp;<\/p>\n<p><em>Fuente: Telesur. La se\u00f1al informativa de\u00a0Am\u00e9rica\u00a0Latina <\/em><\/p>\n<p><a href=\"http:\/\/www.telesurtv.net\/\">http:\/\/www.telesurtv.net\/<\/a><\/p>\n","protected":false},"excerpt":{"rendered":"<p>Di\u00e1logo Bicentenario En Telesur, el medio audivisual venezolano se ha llevado a cabo una importante iniciativa en estos doscientos a\u00f1os del inicio de las luchas por la Independencia de Nuestra\u00a0Am\u00e9rica. Conducido por la periodista Patricia Villegas y el historiador Lionel Mu\u00f1oz Paz investigadores latinoamericanos debaten este proceso desde los\u00a0desaf\u00edos\u00a0del presente. Di\u00e1logo Bicentenario. La lucha emancipatoria [&hellip;]<\/p>\n","protected":false},"author":2,"featured_media":0,"comment_status":"closed","ping_status":"closed","sticky":false,"template":"","format":"standard","meta":{"_crdt_document":"","footnotes":""},"categories":[6,8,202],"tags":[14,22],"class_list":["post-5906","post","type-post","status-publish","format-standard","hentry","category-biblioteca","category-fuentes-testimonios","category-imagenes-audio-video","tag-bicentenario","tag-emancipacion-americana"],"_links":{"self":[{"href":"https:\/\/adhilac.com.ar\/index.php?rest_route=\/wp\/v2\/posts\/5906","targetHints":{"allow":["GET"]}}],"collection":[{"href":"https:\/\/adhilac.com.ar\/index.php?rest_route=\/wp\/v2\/posts"}],"about":[{"href":"https:\/\/adhilac.com.ar\/index.php?rest_route=\/wp\/v2\/types\/post"}],"author":[{"embeddable":true,"href":"https:\/\/adhilac.com.ar\/index.php?rest_route=\/wp\/v2\/users\/2"}],"replies":[{"embeddable":true,"href":"https:\/\/adhilac.com.ar\/index.php?rest_route=%2Fwp%2Fv2%2Fcomments&post=5906"}],"version-history":[{"count":25,"href":"https:\/\/adhilac.com.ar\/index.php?rest_route=\/wp\/v2\/posts\/5906\/revisions"}],"predecessor-version":[{"id":7679,"href":"https:\/\/adhilac.com.ar\/index.php?rest_route=\/wp\/v2\/posts\/5906\/revisions\/7679"}],"wp:attachment":[{"href":"https:\/\/adhilac.com.ar\/index.php?rest_route=%2Fwp%2Fv2%2Fmedia&parent=5906"}],"wp:term":[{"taxonomy":"category","embeddable":true,"href":"https:\/\/adhilac.com.ar\/index.php?rest_route=%2Fwp%2Fv2%2Fcategories&post=5906"},{"taxonomy":"post_tag","embeddable":true,"href":"https:\/\/adhilac.com.ar\/index.php?rest_route=%2Fwp%2Fv2%2Ftags&post=5906"}],"curies":[{"name":"wp","href":"https:\/\/api.w.org\/{rel}","templated":true}]}}