{"id":5935,"date":"2012-06-30T14:18:25","date_gmt":"2012-06-30T17:18:25","guid":{"rendered":"https:\/\/adhilac.com.ar\/?p=5935"},"modified":"2012-07-04T07:42:01","modified_gmt":"2012-07-04T10:42:01","slug":"universidad-de-costa-rica-charlas-del-dr-jean-claude-schmitt-de-historia-medieval","status":"publish","type":"post","link":"https:\/\/adhilac.com.ar\/?p=5935","title":{"rendered":"Universidad de Costa Rica. Charlas del Dr. Jean-Claude Schmitt de Historia Medieval."},"content":{"rendered":"<h3 style=\"text-align: justify;\"><span style=\"color: #339966;\">Historia Cultural. Una perspectiva intercontinental<\/span><\/h3>\n<p style=\"text-align: justify;\">Con la ocasi\u00f3n de la visita a nuestro pa\u00eds de uno de los principales medievalistas franceses, Dr. Jean-Claude Schmitt, colaborador cercano del c\u00e9lebre Jacques Le Goff y profesor de la Escuela de Altos Estudios en Ciencias Sociales, Paris, se celebrar\u00e1 un ciclo de conferencias en la Universidad de Costa Rica y en la Universidad Nacional que culminar\u00e1n con la celebraci\u00f3n del \u00a0Simposio Internacional: \u00a0\u201cHistoria Cultural. Una perspectiva intercontinental\u201d.<!--more--><\/p>\n<p style=\"text-align: justify;\">El profesor \u00a0J.-C. Schmitt se ha dedicado a lo largo de su fruct\u00edfera carrera al estudio socio-cultural de la Edad Media. Poniendo en pr\u00e1ctica la metodolog\u00eda de Antropolog\u00eda Hist\u00f3rica, ha desarrollado a lo largo de su muy extensa investigaci\u00f3n, temas como los siguientes : el estudio de las im\u00e1genes, la juventud, los sentimientos, los sue\u00f1os, la relaci\u00f3n vida-muerte, el tiempo, los ritmos y el espacio. Es coautor, junto a Jacques Le Goff, del Diccionario razonado del Occidente Medieval (Paris, 1999). Adem\u00e1s, ha publicado obras de vasto reconocimiento internacional tales como La raz\u00f3n de gestas en el Occidente Medieval (Paris, 1990), La historia de la superstici\u00f3n (Paris, 1992), Eva y Pandora. La creaci\u00f3n de la mujer (Paris, 2001). En 1996, codirigi\u00f3, junto a Giovani Levi, la c\u00e9lebre Historia de la juventud en el Occidente (Paris, 1996).<\/p>\n<p style=\"text-align: justify;\">Sus obras han sido traducidas al alem\u00e1n, checo, espa\u00f1ol, ingl\u00e9s, italiano, japon\u00e9s, portugu\u00e9s, rumano y ruso. Tambi\u00e9n ha fungido como profesor invitado y fellow en la Universidad de Princeton (1981), en el Max-Planck Institut de Frankfurt am Main, del cual es miembro (1985), en la Royal British Academy (2000), en UCLA (2001) y en la Humboldt Univesrit\u00e4t (1994) y el Wissenschaftkolleg de Berl\u00edn (2010), entre otros grandes establecimientos.<\/p>\n<p style=\"text-align: justify;\">Desde su fudaci\u00f3n en 1975, el Dr. Schmitt ha trabajado en la Escuela de Altos Estudios en Ciencias Sociales (EHESS).\u00a0En ese a\u00f1o, Jacques LeGoff, junto con otros eminentes cient\u00edficos sociales se esforzaron por fundar un instituto en la tradici\u00f3n de las \u201cGrandes Escuelas\u201d francesas (\u00c9cole Normale Sup\u00e9rieure, \u00c9cole Nationale des Chartes), dedicado espec\u00edficamente \u00a0a la investigaci\u00f3n en Ciencias Sociales. \u00a0 Sus fundadores, miembros de la VI secci\u00f3n de la Escuela Pr\u00e1ctica de Altos Estudios \u00a0\u2013fundada por Lucien Fevbre, Charles Moraz\u00e9 y Fernand Braudel\u2014 buscaban dar una independencia ala EHESS del cuadro universitario tradicional, con el fin de crear un espacio cr\u00edtico de reflexi\u00f3n dedicado a la excelencia en la investigaci\u00f3n en Ciencias Sociales.<\/p>\n<p style=\"text-align: justify;\">Luego de m\u00e1s de treinta a\u00f1os de tradici\u00f3n, la EHESS es actualmente un referente a nivel internacional en lo que concierne al \u00e1rea de las Ciencias Sociales, no s\u00f3lo por sus m\u00faltiples centros de investigaci\u00f3n y sus publicaciones (Annales ESC), sino tambi\u00e9n por su dinamismo y su inter\u00e9s en triangular la producci\u00f3n acad\u00e9mica a nivel internacional.Es para la comunidad universitaria costarricense un gran honor recibir a un acad\u00e9mico de tan eminente trayectoria. Su intervenci\u00f3n es de gran inter\u00e9s para el estudiantado, la comunidad acad\u00e9mica y el p\u00fablico en general.<\/p>\n<p style=\"text-align: justify;\">Es por eso que, con el apoyo de la Vicerrector\u00eda de Investigaci\u00f3n y la Oficina de Asuntos Internacionales y Cooperaci\u00f3n, la Escuela de Estudios Generales de la Universidad de Costa Rica, en colaboraci\u00f3n con la Escuela de Historia de la Universidad de Costa Rica y la Escuela de Historia de la Universidad Nacional, se complacen en invitar a un ciclo de conferencias a cargo del profesor Jean-Claude Schmitt a celebrarse durante la segunda semana de agosto pr\u00f3ximo.<\/p>\n<p style=\"text-align: justify;\">El martes 14 de agosto, el Dr. Jean-Claude Schmitt impartir\u00e1 la Lecci\u00f3n Inaugural de la Escuela de Estudios Generales de la Universidad de Costa Rica, con la conferencia : \u201cEl ingenio de los minutos: el tiempo y sus medidas en el Medioevo cristiano\u201d.A celebrarse en el Auditorio Abelardo Bonilla, Ciudad Universitaria Rodrigo Facio. 5:00 p.m.<\/p>\n<p style=\"text-align: justify;\">El Jueves 16 de agosto, a las 10.00 am visitar\u00e1 la Universidad Nacional, Campus Omar Dengo, donde impartir\u00e1 la conferencia: \u201cTrazar el mundo: la representaci\u00f3n del espacio y el espacio de la imagen en la Edad Media\u201dEl viernes 17 de agosto tendr\u00e1 lugar el Simposio Internacional \u201cHistoria cultural. Una perspectiva intercontinental\u201d.El simposio se extender\u00e1 de 9:00 a.m. a 5:30 p.m. UCR (lugar por confirmarse)<\/p>\n<p style=\"text-align: justify;\"><a href=\"https:\/\/adhilac.com.ar\/wp-content\/uploads\/2012\/07\/Medieval04.jpg\"><img loading=\"lazy\" decoding=\"async\" class=\"size-large wp-image-5936 aligncenter\" title=\"Medieval04\" src=\"https:\/\/adhilac.com.ar\/wp-content\/uploads\/2012\/07\/Medieval04-662x1024.jpg\" alt=\"\" width=\"480\" height=\"742\" srcset=\"https:\/\/adhilac.com.ar\/wp-content\/uploads\/2012\/07\/Medieval04-662x1024.jpg 662w, https:\/\/adhilac.com.ar\/wp-content\/uploads\/2012\/07\/Medieval04-194x300.jpg 194w, https:\/\/adhilac.com.ar\/wp-content\/uploads\/2012\/07\/Medieval04.jpg 917w\" sizes=\"auto, (max-width: 480px) 100vw, 480px\" \/><\/a><\/p>\n<p><strong>Publicado por ADHILAC Internacional \u00a9 www.adhilac.com.ar<\/strong><\/p>\n<p>Si Ud. desea asociarse de acuerdo a los Estatutos de ADHILAC\u00a0<a title=\"(ver)\" href=\"https:\/\/adhilac.com.ar\/?page_id=263\">(ver)<\/a> complete el siguiente formulario\u00a0<a title=\"(ver)\" href=\"https:\/\/adhilac.com.ar\/?page_id=3194\">(ver)<\/a><\/p>\n<p>E-mail:\u00a0<a title=\"info@adhilac.com.ar\" href=\"https:\/\/adhilac.com.ar\/info@adhilac.com.ar\" target=\"_blank\">info@adhilac.com.ar<\/a><strong> <\/strong><\/p>\n<p>Twitter: @AdhilacInfo<\/p>\n<p style=\"text-align: justify;\">&nbsp;<\/p>\n","protected":false},"excerpt":{"rendered":"<p>Historia Cultural. Una perspectiva intercontinental Con la ocasi\u00f3n de la visita a nuestro pa\u00eds de uno de los principales medievalistas franceses, Dr. Jean-Claude Schmitt, colaborador cercano del c\u00e9lebre Jacques Le Goff y profesor de la Escuela de Altos Estudios en Ciencias Sociales, Paris, se celebrar\u00e1 un ciclo de conferencias en la Universidad de Costa Rica [&hellip;]<\/p>\n","protected":false},"author":2,"featured_media":0,"comment_status":"closed","ping_status":"closed","sticky":false,"template":"","format":"standard","meta":{"_crdt_document":"","footnotes":""},"categories":[5,40],"tags":[224,311],"class_list":["post-5935","post","type-post","status-publish","format-standard","hentry","category-congresos","category-informaciones","tag-costa-rica","tag-historia-medieval"],"_links":{"self":[{"href":"https:\/\/adhilac.com.ar\/index.php?rest_route=\/wp\/v2\/posts\/5935","targetHints":{"allow":["GET"]}}],"collection":[{"href":"https:\/\/adhilac.com.ar\/index.php?rest_route=\/wp\/v2\/posts"}],"about":[{"href":"https:\/\/adhilac.com.ar\/index.php?rest_route=\/wp\/v2\/types\/post"}],"author":[{"embeddable":true,"href":"https:\/\/adhilac.com.ar\/index.php?rest_route=\/wp\/v2\/users\/2"}],"replies":[{"embeddable":true,"href":"https:\/\/adhilac.com.ar\/index.php?rest_route=%2Fwp%2Fv2%2Fcomments&post=5935"}],"version-history":[{"count":4,"href":"https:\/\/adhilac.com.ar\/index.php?rest_route=\/wp\/v2\/posts\/5935\/revisions"}],"predecessor-version":[{"id":5941,"href":"https:\/\/adhilac.com.ar\/index.php?rest_route=\/wp\/v2\/posts\/5935\/revisions\/5941"}],"wp:attachment":[{"href":"https:\/\/adhilac.com.ar\/index.php?rest_route=%2Fwp%2Fv2%2Fmedia&parent=5935"}],"wp:term":[{"taxonomy":"category","embeddable":true,"href":"https:\/\/adhilac.com.ar\/index.php?rest_route=%2Fwp%2Fv2%2Fcategories&post=5935"},{"taxonomy":"post_tag","embeddable":true,"href":"https:\/\/adhilac.com.ar\/index.php?rest_route=%2Fwp%2Fv2%2Ftags&post=5935"}],"curies":[{"name":"wp","href":"https:\/\/api.w.org\/{rel}","templated":true}]}}