{"id":6167,"date":"2010-10-14T14:49:21","date_gmt":"2010-10-14T17:49:21","guid":{"rendered":"https:\/\/adhilac.com.ar\/?p=6167"},"modified":"2012-07-14T14:56:13","modified_gmt":"2012-07-14T17:56:13","slug":"6167","status":"publish","type":"post","link":"https:\/\/adhilac.com.ar\/?p=6167","title":{"rendered":"REPUDIO DE ADHILAC. Contra la expulsi\u00f3n de latinoamericanos en Espa\u00f1a"},"content":{"rendered":"<h3><span style=\"color: #339966;\">Mar\u00eda Cecilia Tonon<\/span><\/h3>\n<p><em>Invitada de la Universidad Complutense de Madrid fue expulsada en el aeropuerto internacional de Barajas<\/em><\/p>\n<h3 style=\"text-align: justify;\">I. REPUDIO DE ADHILAC<\/h3>\n<p style=\"text-align: justify;\">La\u00a0<strong>Asociaci\u00f3n de Historiadores Latinoamericanos y del Caribe<\/strong> desea expresar su terminante repudio por la deportaci\u00f3n de la Lic. Mar\u00eda Cecilia Tonon de la Universidad Nacional del Litoral de la Argentina. La docente est\u00e1 culminando su doctorado en la Universidad Nacional de Rosario y viaj\u00f3 a Espa\u00f1a invitada para realizar una pasant\u00eda de investigaci\u00f3n en la Universidad Complutense de Madrid. Tras el maltrato y expulsi\u00f3n que recibi\u00f3 en el aeropuerto de Barajas\u00a0 perdi\u00f3 su embarazo.<img decoding=\"async\" title=\"More...\" src=\"https:\/\/adhilac.com.ar\/wp-includes\/js\/tinymce\/plugins\/wordpress\/img\/trans.gif\" alt=\"\" \/><!--more--><\/p>\n<p style=\"text-align: justify;\">La discriminaci\u00f3n negativa y las agresiones contra las minor\u00edas no son hechos novedosos. En los \u00faltimos a\u00f1os han cobrado una dimensi\u00f3n y virulencia notable. Sin duda el contexto de crisis internacional es una de las causas. Esta crisis, generada por las grandes empresas monopolistas y el capital financiero est\u00e1 siendo pagada por los trabajadores. Europa y Estados Unidos han concurrido a socorrer a las grandes corporaciones, bancos y financieras a costa de los sectores subalternos. A su vez, los pa\u00edses m\u00e1s industrializados han endurecido sus pol\u00edticas migratorias con muros reales, caso Estados Unidos-M\u00e9xico, o virtuales expresados tanto en los controles fronterizos como en las calles. Entre los aeropuertos m\u00e1s destacados en el maltrato a los pasajeros provenientes del \u00absur\u00bb\u00a0 sobresalen los espa\u00f1oles pero no son los \u00fanicos.<\/p>\n<p style=\"text-align: justify;\">Por lo tanto, rechazamos las pol\u00edticas de exclusi\u00f3n y la violaci\u00f3n de los derechos humanos implementadas en la Uni\u00f3n Europea y Estados Unidos y solicitamos el debido esclarecimiento de los abusos y perjuicios sufridos por la Lic. Mar\u00eda Cecilia Tonon.<\/p>\n<p style=\"text-align: justify;\"><strong>Sergio Guerra Vilaboy<\/strong>: Universidad de La Habana. Presidente de ADHILAC Internacional.<\/p>\n<p style=\"text-align: justify;\"><strong>Carolina Crisorio: <\/strong>FCE. UBA. Vicepresidente de ADHILAC Internacional. Presidente de ADHILAC Argentina<br \/>\n<strong><\/strong><\/p>\n<p style=\"text-align: justify;\"><strong>Norberto Aguirre<\/strong>: FCE. UBA. ADHILAC Argentina<\/p>\n<p style=\"text-align: justify;\"><strong>Cristina Mateu<\/strong>: FCE. UBA. ADHILAC Argentina<\/p>\n<p style=\"text-align: justify;\"><strong>Ruben Laufer<\/strong>: FCE.UBA. ADHILAC Argentina<\/p>\n<h3 style=\"text-align: justify;\">II.\u00a0EXPULSI\u00d3N\u00a0DE LA HISTORIADORA\u00a0MAR\u00cdA\u00a0CECILIA TONON<\/h3>\n<p style=\"text-align: justify;\">Soy Mar\u00eda Cecilia Tonon, Licenciada en Historia, docente de la Facultad de Humanidades y Ciencias de la Universidad Nacional del Litoral. En agosto del presente a\u00f1o tuve la oportunidad de obtener una beca en el marco del Programa de Becas de Movilidad Docente a Madrid (Espa\u00f1a) del Ministerio de Educaci\u00f3n de la Naci\u00f3n para realizar una pasant\u00eda de investigaci\u00f3n en la C\u00e1tedra de Memoria Hist\u00f3rica del siglo XX, dirigida por el Dr. Julio Arostegui, de la Universidad Complutense de Madrid. La misma se desarrollar\u00eda entre el 3\/10\/2010 y el\u00a0 4\/12\/2010. Por motivo de salud, tuve que aplazar mi viaje por una semana, concretando finalmente el vuelo el 10\/10\/2010. Llegu\u00e9 al aeropuerto de Barajas aproximadamente a las 14.00 hora de Madrid, y en\u00a0 cuando presento mi pasaporte y me consultan sobre el motivo del viaje, les explico que se trata de la realizaci\u00f3n de una pasant\u00eda de investigaci\u00f3n en la Universidad Complutense de Madrid y le entrego la carta de invitaci\u00f3n que el profesor Arostegui hab\u00eda confeccionado.<\/p>\n<p style=\"text-align: justify;\">Seguidamente me solicitan el tiempo de estad\u00eda y el\u00a0 lugar de residencia, que yo confirmo anex\u00e1ndole la constancia del Colegio Mayor Argentino en el que constan todos los datos. Finalmente, me consultan cu\u00e1nto dinero llevo, al que yo respondo con la suma de 1200 euros. Luego, el oficial me retiene el pasaporte y me dice que me siente a un costado que sus \u201ccompa\u00f1eros\u201d me iban a hacer una entrevista, luego de lo cual yo pregunto si hab\u00eda alg\u00fan problema y me responde con el mismo argumento.<\/p>\n<p style=\"text-align: justify;\">Sin mediar otras palabras, hago lo que me dicen y luego de una espera de alrededor de 45 \u2013 60 minutos, me llama un encargado del control (que \u201cno me puede decir su nombre\u201d y que responde al n\u00ba 96888). All\u00ed me dice que \u201calgunas embajadas creen que por tratarse de un per\u00edodo de estad\u00eda menor a los tres meses, no se requiere visa, pero que en caso de estudio, la leyes espa\u00f1olas requiere el visado de estudio\u201d. Ante esa respuesta, yo contesto que mi llegada a Espa\u00f1a no es por razones de estudio, sino que soy docente de una Universidad Argentina, que fue invitada por una c\u00e1tedra de una Universidad madrile\u00f1a para realizar una pasant\u00eda de investigaci\u00f3n. Haciendo caso omiso a mi explicaci\u00f3n, me dice que tengo que esperar porque iba a tener otra entrevista y que a partir de all\u00ed su \u201cjefe\u201d iba a determinar. Luego de un nuevo tiempo de espera, me llevan a otra oficina, me piden que deje mis objetos personales que guardan en un cuarto y que espere que ya me iban a llamar.<\/p>\n<p style=\"text-align: justify;\">Luego de un larga espera, me vuelve a llamar el mismo agente y me dice que me iba a tomar un declaraci\u00f3n que para ello el gobierno espa\u00f1ol me hab\u00eda asignado una abogado y que sino yo podr\u00eda buscar otro (\u00bf!) para que est\u00e9 presente y certificara la realizaci\u00f3n de la toma de declaraci\u00f3n. Durante el interrogatorio me realizan las siguientes preguntas:<\/p>\n<p style=\"text-align: justify;\">-motivos de mi viaje. [Volv\u00ed a repetirle lo que le expliqu\u00e9 en la primera entrevista]<\/p>\n<p style=\"text-align: justify;\">-el tiempo y el lugar de estad\u00eda [idem anterior]<\/p>\n<p style=\"text-align: justify;\">-si iba a percibir alg\u00fan tipo de remuneraci\u00f3n por\u00a0 mi trabajo [le dije que de ninguna manera, y que mi viaje hab\u00eda sido financiado completamente por el Ministerio de Educaci\u00f3n de la Naci\u00f3n en el marco del Programa de Becas de Movilidad Docente a Madrid]<\/p>\n<p style=\"text-align: justify;\">-con qu\u00e9 dinero contaba para mantenerme los dos meses [le repet\u00ed los 1200 euros, adem\u00e1s de un dinero personal en una cuenta bancaria, tarjetas de cr\u00e9dito, etc.]<\/p>\n<p style=\"text-align: justify;\">-por qu\u00e9 si le estad\u00eda empezaba el 3\/10 yo reci\u00e9n hab\u00eda arribado el 10\/10. [Les expliqu\u00e9 que se trat\u00f3 de un problema de salud. All\u00ed no me anim\u00e9 a entregarle el certificado m\u00e9dico que llevaba porque no sab\u00eda si me iba\u00a0 ayudar o ser\u00eda m\u00e1s contraproducente a\u00fan\u2026]<\/p>\n<p style=\"text-align: justify;\">-por qu\u00e9 si la beca terminaba el 04\/12, mi pasaje era reci\u00e9n para el 10\/12 [le expliqu\u00e9 que era la fecha en que hab\u00eda conseguido un pasaje promocional]<\/p>\n<p style=\"text-align: justify;\">Finalmente volv\u00ed a recalcar que mi viaje no se encuadraba dentro de un curso de estudio, sino que como otros colegas que vinieron con la misma beca, se trataba de un intercambio docente entre universidades.<\/p>\n<p style=\"text-align: justify;\">Luego de revisar la declaraci\u00f3n, proced\u00ed a firmarla y me dijo que no pod\u00eda ser admitida por faltarme ese visado. Luego de esa repuesta, le pregunt\u00e9 si hab\u00eda alguna soluci\u00f3n posible, que quer\u00eda hablar con la Embajada, que si ten\u00eda alg\u00fan sentido hablar con mi Embajada o era ya una decisi\u00f3n tomada. Lo que me responde es que yo pod\u00eda hacer las llamadas que cre\u00eda conveniente, que la embajada se pod\u00eda poner en comunicaci\u00f3n, y en ese momento desde un escritorio m\u00e1s atr\u00e1s, otro oficial que seguramente deb\u00eda ser el \u201cjefe\u201d y que hab\u00eda participado silenciosamente de toda la situaci\u00f3n, comenta en voz bien alta: \u201cla embajada puede hablar todo lo que quiere, pero quien decide el la POLIC\u00cdA ESPA\u00d1OLA\u201d.<\/p>\n<p style=\"text-align: justify;\">Al t\u00e9rmino de esa frase contundente, comprend\u00ed que hab\u00eda poco que hacer. Me ofrecieron la posibilidad de recusar v\u00eda legal la denegaci\u00f3n de entrada a la que acced\u00ed inmediatamente porque estaba segura que estaban cometiendo un error.<br \/>\nPosteriormente me llevaron a la sala de inadmitidos. A todo esto ya hab\u00edan pasado como cuatro horas de mi llegada, sin poder tomar ni comer nada. All\u00ed hab\u00eda una asistente social que lo \u00fanico que hac\u00eda era venderte unas tarjetas telef\u00f3nicas por cinco euros. Trat\u00e9 comunicarme con la Embajada, pero por el feriado me respond\u00eda s\u00f3lo un contestador telef\u00f3nico. Dejo el mensaje.<\/p>\n<p style=\"text-align: justify;\">Al tiempo me llama el C\u00f3nsul General Adjunto, J. Eduardo Valenzuela, que me dijo que sab\u00eda de mi situaci\u00f3n, que no pod\u00eda hacer nada porque la leyes espa\u00f1olas estipulaban el visado en caso de estudio, a partir de lo cual yo procedo a explicarle que yo no vengo por estudio y todas las mismas explicaciones que les hab\u00eda hecho a la polic\u00eda espa\u00f1ola. Me dice que la \u00fanica instituci\u00f3n que puede tener injerencia en este caso es la Universidad Complutense de Madrid porque era la instituci\u00f3n espa\u00f1ola que pod\u00eda mediar en mi situaci\u00f3n. Intento llamar a los tel\u00e9fonos de la UCM, pero no hay nadie, tambi\u00e9n en virtud del feriado.<\/p>\n<p style=\"text-align: justify;\">Posteriormente llamo al Colegio Mayor Argentino explic\u00e1ndole mi situaci\u00f3n y debo decir que fueron los \u00fanicos que intentaron por todos los medios tratar de solucionar mi situaci\u00f3n. Inclusive se contactaron con el profesor Arostegui que estaba en ese momento en Francia y que luego llam\u00f3 a la Polic\u00eda de Frontera para explicarle la situaci\u00f3n. Hicieron caso omiso a su intervenci\u00f3n y le dijeron que no hab\u00eda posibilidad de resolver mi caso.<\/p>\n<p style=\"text-align: justify;\">A las 21.30 recibo los dos \u00faltimos llamados del profesor Ar\u00f3stegui (UCM) y del Sr. Horacio Fazio (CMA), que hasta \u00faltimo momento intentaron por todos los medios a su alcance resolver la situaci\u00f3n.<\/p>\n<p style=\"text-align: justify;\">A las 21.45 me vinieron a buscar dos agentes, me dieron mis pertenencias, y me acompa\u00f1aron hacia el avi\u00f3n. Ni siquiera me devolvieron en mano mi pasaporte, se lo dejaron al Jefe de Cabina.<\/p>\n<p style=\"text-align: justify;\">De esta situaci\u00f3n s\u00f3lo me queda una amargu\u00edsima experiencia. La vivencia de la humillaci\u00f3n, la indefensi\u00f3n, la impotencia, la prepotencia, la incoherencia, la desidia, el abuso de poder\u2026<\/p>\n<p style=\"text-align: justify;\">\u00bfC\u00f3mo volver despu\u00e9s de esto? \u00bfCon qu\u00e9 \u00e1nimo moral? \u00bfCon qu\u00e9 certezas? \u00bfQui\u00e9n puede asegurarme de no caer nuevamente en las estrategias de par de sujetos que se creen todopoderosos por llevar una placa, un arma y son la \u201cautoridad\u201d y que si se les ocurre usan las leyes como quieren para mandarme de vuelta como si fuera un reo pueden hacerlo y nadie pueda hacer NADA? En un momento de la conversi\u00f3n telef\u00f3nica, el C\u00f3nsul Adjunto me dijo: \u201cmire, aqu\u00ed pasan cientos de turistas y cada tanto toman a algunos al azar\u2026esta vez le toc\u00f3 a Ud.\u2026\u201d Ante esta frase: \u00bfqu\u00e9 me quedaba? La amarga realidad. Me toc\u00f3 a m\u00ed. En otra oportunidad, \u00bfa qui\u00e9n le \u201cva tocar\u201d? \u00bfQui\u00e9n me\/nos asegura como ciudadanos argentinos, entonces, que \u201cno me\/nos vuelva a tocar\u201d? \u00bfAlguien puede darme una respuesta?<\/p>\n<h3 style=\"text-align: justify;\">III. Curriculum Vitae de\u00a0\u00a0<strong><strong><strong><strong>Mar\u00eda Cecilia Tonon<\/strong><\/strong><\/strong><\/strong><\/h3>\n<p style=\"text-align: justify;\">Licenciada en Historia, egresada de la Universidad Nacional del Litoral (UNL). Es Jefa de Trabajos Pr\u00e1cticos de la c\u00e1tedra \u201cFormaci\u00f3n Mundo Moderno I\u201d con extensi\u00f3n a\u00a0 \u201cSociedades Medievales\u201d en la carrera Profesorado y Licenciatura en Historia\u00a0 (Facultad de Humanidades y Ciencias, UNL). Ha realizado un postgrado en Ciencia Pol\u00edtica y Sociolog\u00eda en Flacso (Sede Bs. As.) Actualmente est\u00e1\u00a0 realizando un doctorado en Ciencia Pol\u00edtica en la Facultad de Ciencias Pol\u00edticas de la Universidad Nacional de Rosario, encontr\u00e1ndose en su etapa final de presentaci\u00f3n del informe. En el marco de esta formaci\u00f3n de posgrado ha recibido una beca de Doctorado para docentes-investigadores de la Universidad Nacional del Litoral. Es investigadora del equipo correspondiente al proyecto CAI + D \u201cAcci\u00f3n y dispositivos de control social en el escenario santafesino\u201d, radicado en la Facultad de Humanidades y Ciencias de la UNL (Santa Fe, 2006-2011). Fue integrante de los Seminarios Internos del \u201cPrograma de Historia Pol\u00edtica\u201d, radicado en el Instituto de Investigaciones Gino Germani &#8211; Universidad de Buenos Aires (Buenos Aires, 2006-2008). Ha expuesto y publicado art\u00edculos en diferentes Jornadas y Congresos del pa\u00eds. Ha publicado dos libros sobre temas sindicales y culturales del \u00e1mbito rafaelino (1).\u00a0 Como otros antecedentes laborales cabe mencionar su participaci\u00f3n como asesora y coordinadora en Estudios de Gesti\u00f3n de la Municipalidad de Rafaela (2004-2006), en el Programa \u201cDiputados por un d\u00eda\u201d, de la C\u00e1mara Legislativa de la Provincia de Santa Fe (2005-2007), y en del Proyecto Integral \u201cHacer escuela\u201d del Ministerio de Educaci\u00f3n de la Provincia de Santa Fe (2009).<\/p>\n<p style=\"text-align: justify;\">(1) Rafaela, provincia de Santa Fe, Argentina<\/p>\n<p style=\"text-align: justify;\"><strong>NOTA<\/strong>: Los docentes de la Universidad Nacional de Litoral redactaron un comunicado de repudio.<\/p>\n<p style=\"text-align: justify;\"><strong>Publicado por ADHILAC Internacional \u00a9 www.adhilac.com.ar<\/strong><\/p>\n<p style=\"text-align: justify;\">Si Ud. desea asociarse de acuerdo a los Estatutos de ADHILAC\u00a0<a title=\"(ver)\" href=\"https:\/\/adhilac.com.ar\/?page_id=263\">(ver)<\/a> complete el siguiente formulario\u00a0<a title=\"(ver)\" href=\"https:\/\/adhilac.com.ar\/?page_id=3194\">(ver)<\/a><\/p>\n<p style=\"text-align: justify;\">E-mail:\u00a0<a title=\"info@adhilac.com.ar\" href=\"https:\/\/adhilac.com.ar\/info@adhilac.com.ar\" target=\"_blank\">info@adhilac.com.ar<\/a><strong><\/strong><\/p>\n<p style=\"text-align: justify;\">Twitter: @AdhilacInfo<\/p>\n","protected":false},"excerpt":{"rendered":"<p>Mar\u00eda Cecilia Tonon Invitada de la Universidad Complutense de Madrid fue expulsada en el aeropuerto internacional de Barajas I. REPUDIO DE ADHILAC La\u00a0Asociaci\u00f3n de Historiadores Latinoamericanos y del Caribe desea expresar su terminante repudio por la deportaci\u00f3n de la Lic. Mar\u00eda Cecilia Tonon de la Universidad Nacional del Litoral de la Argentina. La docente est\u00e1 [&hellip;]<\/p>\n","protected":false},"author":37,"featured_media":0,"comment_status":"closed","ping_status":"closed","sticky":false,"template":"","format":"standard","meta":{"_crdt_document":"","footnotes":""},"categories":[10,3,40],"tags":[135],"class_list":["post-6167","post","type-post","status-publish","format-standard","hentry","category-adhil-arg","category-adhilac-inter","category-informaciones","tag-discriminacion"],"_links":{"self":[{"href":"https:\/\/adhilac.com.ar\/index.php?rest_route=\/wp\/v2\/posts\/6167","targetHints":{"allow":["GET"]}}],"collection":[{"href":"https:\/\/adhilac.com.ar\/index.php?rest_route=\/wp\/v2\/posts"}],"about":[{"href":"https:\/\/adhilac.com.ar\/index.php?rest_route=\/wp\/v2\/types\/post"}],"author":[{"embeddable":true,"href":"https:\/\/adhilac.com.ar\/index.php?rest_route=\/wp\/v2\/users\/37"}],"replies":[{"embeddable":true,"href":"https:\/\/adhilac.com.ar\/index.php?rest_route=%2Fwp%2Fv2%2Fcomments&post=6167"}],"version-history":[{"count":4,"href":"https:\/\/adhilac.com.ar\/index.php?rest_route=\/wp\/v2\/posts\/6167\/revisions"}],"predecessor-version":[{"id":6172,"href":"https:\/\/adhilac.com.ar\/index.php?rest_route=\/wp\/v2\/posts\/6167\/revisions\/6172"}],"wp:attachment":[{"href":"https:\/\/adhilac.com.ar\/index.php?rest_route=%2Fwp%2Fv2%2Fmedia&parent=6167"}],"wp:term":[{"taxonomy":"category","embeddable":true,"href":"https:\/\/adhilac.com.ar\/index.php?rest_route=%2Fwp%2Fv2%2Fcategories&post=6167"},{"taxonomy":"post_tag","embeddable":true,"href":"https:\/\/adhilac.com.ar\/index.php?rest_route=%2Fwp%2Fv2%2Ftags&post=6167"}],"curies":[{"name":"wp","href":"https:\/\/api.w.org\/{rel}","templated":true}]}}