{"id":6285,"date":"2012-07-09T06:03:18","date_gmt":"2012-07-09T09:03:18","guid":{"rendered":"https:\/\/adhilac.com.ar\/?p=6285"},"modified":"2012-07-18T06:06:40","modified_gmt":"2012-07-18T09:06:40","slug":"salio-pensar-historicamente-n%c2%ba-2-argentina","status":"publish","type":"post","link":"https:\/\/adhilac.com.ar\/?p=6285","title":{"rendered":"Sali\u00f3 Pensar Hist\u00f3ricamente   N\u00ba 2. Argentina."},"content":{"rendered":"<h3><span style=\"color: #339966;\">\u00abDebates con los pies en la tierra\u00bb<\/span><\/h3>\n<p style=\"text-align: justify;\"><a href=\"https:\/\/adhilac.com.ar\/wp-content\/uploads\/2012\/07\/Pensar-Historicamente.jpg\"><img loading=\"lazy\" decoding=\"async\" class=\"alignleft size-full wp-image-6286\" title=\"Pensar Historicamente\" src=\"https:\/\/adhilac.com.ar\/wp-content\/uploads\/2012\/07\/Pensar-Historicamente.jpg\" alt=\"\" width=\"256\" height=\"357\" \/><\/a>Sali\u00f3 a la calle el segundo n\u00famero de la revista <em>Pensar Hist\u00f3ricamente<\/em>: \u00abDebates con los pies en la tierra\u00bb. En esta edici\u00f3n:<\/p>\n<p style=\"text-align: justify;\">&#8211; \u00abMalvinas en un mar de contradicciones\u00bb.<br \/>\n&#8211; \u00ab17 intelectuales y algo m\u00e1s\u00bb.<br \/>\n&#8211; \u00abInglaterra en la Argentina hoy (no s\u00f3lo en Malvinas)\u00bb: las inversiones brit\u00e1nicas en Argentina en la actualidad.<br \/>\n&#8211; \u201cNo estoy de acuerdo con la idea de la autodeterminaci\u00f3n\u201d: Reportaje a Federico Lorenz.<br \/>\n&#8211; \u00abDebates en torno a la agricultura pampeana\u00bb: Sojizaci\u00f3n, concentraci\u00f3n y dependencia.<br \/>\n&#8211; \u00abLa ocupaci\u00f3n de tierras a Ledesma. Testimonios de protagonistas\u00bb: Hablan los ocupantes de las tierras de Blaquier.<br \/>\n&#8211; \u00ab\u00bfQu\u00e9 bandera flamea sobre las tranqueras?\u00bb: Cr\u00edtica a la Ley de Tierras.<br \/>\n&#8211; \u00abLa cuesti\u00f3n de la tierra y la vivienda en la ciudad: la toma del Parque Indoamericano a luz de la historia reciente\u00bb.<!--more--><br \/>\n&#8211; \u00abX Congreso Argentino de Antropolog\u00eda Social\u00bb.<br \/>\n&#8211; \u00ab\u00bfEs posible conocer la realidad?\u00bb.<br \/>\n&#8211; \u00abHistoria reciente del movimiento estudiantil de la UBA (1982-2011)\u00bb.<br \/>\n&#8211; \u00abLa otra historia\u00bb: Ocho a\u00f1os de la c\u00e1tedra paralela de Historia Social General en la Facultad de Filosof\u00eda y Letras de la UBA.<br \/>\n&#8211; \u00abLa peque\u00f1a guerra de la historia escrita\u00bb: El debate sobre el Instituto Revisionista.<\/p>\n<p><strong>Publicado por ADHILAC Internacional \u00a9 www.adhilac.com.ar<\/strong><\/p>\n<p>Si Ud. desea asociarse de acuerdo a los Estatutos de ADHILAC\u00a0<a title=\"(ver)\" href=\"https:\/\/adhilac.com.ar\/?page_id=263\">(ver)<\/a> complete el siguiente formulario\u00a0<a title=\"(ver)\" href=\"https:\/\/adhilac.com.ar\/?page_id=3194\">(ver)<\/a><\/p>\n<p>E-mail:\u00a0<a title=\"info@adhilac.com.ar\" href=\"https:\/\/adhilac.com.ar\/info@adhilac.com.ar\" target=\"_blank\">info@adhilac.com.ar<\/a><strong> <\/strong><\/p>\n<p>Twitter: @AdhilacInfo<\/p>\n<p>&nbsp;<\/p>\n","protected":false},"excerpt":{"rendered":"<p>\u00abDebates con los pies en la tierra\u00bb Sali\u00f3 a la calle el segundo n\u00famero de la revista Pensar Hist\u00f3ricamente: \u00abDebates con los pies en la tierra\u00bb. En esta edici\u00f3n: &#8211; \u00abMalvinas en un mar de contradicciones\u00bb. &#8211; \u00ab17 intelectuales y algo m\u00e1s\u00bb. &#8211; \u00abInglaterra en la Argentina hoy (no s\u00f3lo en Malvinas)\u00bb: las inversiones brit\u00e1nicas [&hellip;]<\/p>\n","protected":false},"author":2,"featured_media":0,"comment_status":"closed","ping_status":"closed","sticky":false,"template":"","format":"standard","meta":{"_crdt_document":"","footnotes":""},"categories":[40,7],"tags":[134],"class_list":["post-6285","post","type-post","status-publish","format-standard","hentry","category-informaciones","category-publicac-info","tag-historiografia"],"_links":{"self":[{"href":"https:\/\/adhilac.com.ar\/index.php?rest_route=\/wp\/v2\/posts\/6285","targetHints":{"allow":["GET"]}}],"collection":[{"href":"https:\/\/adhilac.com.ar\/index.php?rest_route=\/wp\/v2\/posts"}],"about":[{"href":"https:\/\/adhilac.com.ar\/index.php?rest_route=\/wp\/v2\/types\/post"}],"author":[{"embeddable":true,"href":"https:\/\/adhilac.com.ar\/index.php?rest_route=\/wp\/v2\/users\/2"}],"replies":[{"embeddable":true,"href":"https:\/\/adhilac.com.ar\/index.php?rest_route=%2Fwp%2Fv2%2Fcomments&post=6285"}],"version-history":[{"count":3,"href":"https:\/\/adhilac.com.ar\/index.php?rest_route=\/wp\/v2\/posts\/6285\/revisions"}],"predecessor-version":[{"id":6585,"href":"https:\/\/adhilac.com.ar\/index.php?rest_route=\/wp\/v2\/posts\/6285\/revisions\/6585"}],"wp:attachment":[{"href":"https:\/\/adhilac.com.ar\/index.php?rest_route=%2Fwp%2Fv2%2Fmedia&parent=6285"}],"wp:term":[{"taxonomy":"category","embeddable":true,"href":"https:\/\/adhilac.com.ar\/index.php?rest_route=%2Fwp%2Fv2%2Fcategories&post=6285"},{"taxonomy":"post_tag","embeddable":true,"href":"https:\/\/adhilac.com.ar\/index.php?rest_route=%2Fwp%2Fv2%2Ftags&post=6285"}],"curies":[{"name":"wp","href":"https:\/\/api.w.org\/{rel}","templated":true}]}}