{"id":6288,"date":"2012-07-05T06:03:54","date_gmt":"2012-07-05T09:03:54","guid":{"rendered":"https:\/\/adhilac.com.ar\/?p=6288"},"modified":"2012-08-21T15:37:23","modified_gmt":"2012-08-21T18:37:23","slug":"proteger-el-patrimonio-historico-el-salvador","status":"publish","type":"post","link":"https:\/\/adhilac.com.ar\/?p=6288","title":{"rendered":"Proteger el patrimonio hist\u00f3rico. El Salvador"},"content":{"rendered":"<h3 style=\"text-align: justify;\"><span style=\"color: #339966;\">San Salvador, 17 de julio de 2012.<\/span><\/h3>\n<p style=\"text-align: justify;\">Estimados miembros de la comunidad de historiadores centroamericanistas:<\/p>\n<p style=\"text-align: justify;\">Somos empleados y usuarios del Archivo General de la Naci\u00f3n (AGN) de El Salvador. Les escribimos para solicitar su solidaridad a favor de la defensa del AGN.<\/p>\n<p style=\"text-align: justify;\">Como algunos de ustedes saben, el Archivo General de la Naci\u00f3n (AGN) de El Salvador funciona en la primera planta del Palacio Nacional, en el centro de San Salvador, desde hace m\u00e1s de 40 a\u00f1os, y en ese tiempo ha estado adscrito a diferentes instancias del Estado. <!--more-->Con el cambio de gobierno, en 2009, se cre\u00f3 la Secretar\u00eda de Cultura de la Presidencia (SECULTURA), que hered\u00f3 las instancias que antes fueron parte del Consejo Salvadore\u00f1o para la Cultura y las Artes (CONCULTURA), que estaba bajo la administraci\u00f3n del Ministerio de Educaci\u00f3n. El AGN, qued\u00f3 adscrito a SECULTURA, bajo la Direcci\u00f3n de Investigaciones en Cultura y Artes (DNI).<\/p>\n<p style=\"text-align: justify;\">SECULTURA,\u00a0 tuvo problemas desde el inicio, \u00a0entre ellos la designaci\u00f3n tard\u00eda de la persona encargada de tal Secretar\u00eda, al poco tiempo se destituy\u00f3 a \u00a0la titular, se nombr\u00f3 a un nuevo titular en 2010 y hubo otro cambio de titular en 2012.<\/p>\n<p style=\"text-align: justify;\">Hace poco m\u00e1s de una semana, exactamente el d\u00eda\u00a0 6 de julio, la Secretaria de Cultura de la Presidencia, Magdalena Granadino, orden\u00f3 a la directora del AGN, Claudia Ponce, que desocupe la mitad del espacio que el AGN tiene asignado, porque necesita espacio para desarrollar un proyecto cultural de car\u00e1cter masivo.<\/p>\n<p style=\"text-align: justify;\">Una reducci\u00f3n del espacio f\u00edsico del AGN significa:<\/p>\n<ul style=\"text-align: justify;\">\n<li>Reducci\u00f3n de las \u00e1reas de trabajo, obligando a      los archivistas a trabajar dentro de los dep\u00f3sitos documentales y en      hacinamiento, <em>poniendo en riesgo la      salud de los trabajadores<\/em> y la seguridad de los documentos hist\u00f3ricos.<\/li>\n<li><em>Cerrar la Sala de Consulta del AGN<\/em><strong> <\/strong>por falta de espacio (que ser\u00eda una violaci\u00f3n      a la Ley de acceso a la informaci\u00f3n).<\/li>\n<li>Cerrar el acceso al p\u00fablico de la mitad de los      fondos documentales que resguarda el AGN, debido a que el traslado      demandar\u00eda de un nuevo proceso de organizaci\u00f3n f\u00edsica que tardar\u00eda varios      meses.<\/li>\n<li>Eliminar la modesta capacidad del archivo para      recibir documentos hist\u00f3ricos en calidad de transferencia de las      instituciones p\u00fablicas.<\/li>\n<li>Volver a saturar los dep\u00f3sitos documentales, y      con ello impedir su acceso y conservaci\u00f3n.<\/li>\n<li> AGN no      cumplir\u00eda las normas de seguridad que demandan las instancias oficiales      encargadas de la gesti\u00f3n de riesgo.<\/li>\n<\/ul>\n<p style=\"text-align: justify;\">Por todo lo expuesto les solicitamos el apoyo enviando cartas a la Secretaria de Cultura de la Presidencia, Magdalena Granadino (<a href=\"mailto:despacho@cultura.gob.sv\">despacho@cultura.gob.sv<\/a>), para que desista de su plan de echar a andar un proyecto sobre un espacio que ya est\u00e1 ocupado por otra instancia cultural. Enviar las cartas con copia a la directora del AGN, la historiadora Claudia Ponce (<a href=\"mailto:cponce@cultura.gob.sv\">cponce@cultura.gob.sv<\/a>) y a otros historiadores del pa\u00eds, como una forma de presionar. Si pueden hacer p\u00fablicas sus cartas por medios electr\u00f3nicos, esa ser\u00eda una forma m\u00e1s de presi\u00f3n a trav\u00e9s de la opini\u00f3n p\u00fablica.<\/p>\n<p style=\"text-align: justify;\">Agradecemos el apoyo que nos puedan brindar.<\/p>\n<p><strong>Publicado por ADHILAC Internacional \u00a9 www.adhilac.com.ar<\/strong><\/p>\n<p>Si Ud. desea asociarse de acuerdo a los Estatutos de ADHILAC\u00a0<a title=\"(ver)\" href=\"https:\/\/adhilac.com.ar\/?page_id=263\">(ver)<\/a> complete el siguiente formulario\u00a0<a title=\"(ver)\" href=\"https:\/\/adhilac.com.ar\/?page_id=3194\">(ver)<\/a><\/p>\n<p>E-mail:\u00a0<a title=\"info@adhilac.com.ar\" href=\"https:\/\/adhilac.com.ar\/info@adhilac.com.ar\" target=\"_blank\">info@adhilac.com.ar<\/a><strong><\/strong><\/p>\n<p>Twitter: @AdhilacInfo<\/p>\n","protected":false},"excerpt":{"rendered":"<p>San Salvador, 17 de julio de 2012. Estimados miembros de la comunidad de historiadores centroamericanistas: Somos empleados y usuarios del Archivo General de la Naci\u00f3n (AGN) de El Salvador. Les escribimos para solicitar su solidaridad a favor de la defensa del AGN. Como algunos de ustedes saben, el Archivo General de la Naci\u00f3n (AGN) de [&hellip;]<\/p>\n","protected":false},"author":2,"featured_media":0,"comment_status":"closed","ping_status":"open","sticky":false,"template":"","format":"standard","meta":{"_crdt_document":"","footnotes":""},"categories":[40],"tags":[61],"class_list":["post-6288","post","type-post","status-publish","format-standard","hentry","category-informaciones","tag-patrimonio-cultural"],"_links":{"self":[{"href":"https:\/\/adhilac.com.ar\/index.php?rest_route=\/wp\/v2\/posts\/6288","targetHints":{"allow":["GET"]}}],"collection":[{"href":"https:\/\/adhilac.com.ar\/index.php?rest_route=\/wp\/v2\/posts"}],"about":[{"href":"https:\/\/adhilac.com.ar\/index.php?rest_route=\/wp\/v2\/types\/post"}],"author":[{"embeddable":true,"href":"https:\/\/adhilac.com.ar\/index.php?rest_route=\/wp\/v2\/users\/2"}],"replies":[{"embeddable":true,"href":"https:\/\/adhilac.com.ar\/index.php?rest_route=%2Fwp%2Fv2%2Fcomments&post=6288"}],"version-history":[{"count":2,"href":"https:\/\/adhilac.com.ar\/index.php?rest_route=\/wp\/v2\/posts\/6288\/revisions"}],"predecessor-version":[{"id":6708,"href":"https:\/\/adhilac.com.ar\/index.php?rest_route=\/wp\/v2\/posts\/6288\/revisions\/6708"}],"wp:attachment":[{"href":"https:\/\/adhilac.com.ar\/index.php?rest_route=%2Fwp%2Fv2%2Fmedia&parent=6288"}],"wp:term":[{"taxonomy":"category","embeddable":true,"href":"https:\/\/adhilac.com.ar\/index.php?rest_route=%2Fwp%2Fv2%2Fcategories&post=6288"},{"taxonomy":"post_tag","embeddable":true,"href":"https:\/\/adhilac.com.ar\/index.php?rest_route=%2Fwp%2Fv2%2Ftags&post=6288"}],"curies":[{"name":"wp","href":"https:\/\/api.w.org\/{rel}","templated":true}]}}