{"id":6603,"date":"2012-08-10T07:51:07","date_gmt":"2012-08-10T10:51:07","guid":{"rendered":"https:\/\/adhilac.com.ar\/?p=6603"},"modified":"2012-08-10T08:23:55","modified_gmt":"2012-08-10T11:23:55","slug":"bicentenario-recordando-las-constituciones-de-1812","status":"publish","type":"post","link":"https:\/\/adhilac.com.ar\/?p=6603","title":{"rendered":"Bicentenario: recordando las Constituciones de 1812"},"content":{"rendered":"<h3>1812, a\u00f1o de fundaci\u00f3n<\/h3>\n<p><strong>Se conmemora el bicentenario de las primeras cartas magnas en Am\u00e9rica Latina y el Caribe<\/strong><\/p>\n<p style=\"text-align: justify;\"><em>Raquel Marreno Yanes<\/em><\/p>\n<p style=\"text-align: justify;\"><em><a href=\"https:\/\/adhilac.com.ar\/wp-content\/uploads\/2012\/08\/constitucion_de_cadiz.jpg\"><img loading=\"lazy\" decoding=\"async\" class=\"alignleft size-full wp-image-6618\" title=\"constitucion_de_cadiz\" src=\"https:\/\/adhilac.com.ar\/wp-content\/uploads\/2012\/08\/constitucion_de_cadiz.jpg\" alt=\"\" width=\"280\" height=\"210\" \/><\/a><\/em><\/p>\n<p style=\"text-align: justify;\">Este a\u00f1o conmemoramos el aniversario 200 de las primeras constituciones de los pa\u00edses latinoamericanos. Fue en 1812 cuando se aprobaron las cartas magnas fundacionales de las actuales rep\u00fablicas de Ecuador (Quito), el 15 de febrero; Colombia (Cartagena), el 15 de junio; y Chile el 27 de octubre. Ello abri\u00f3 el proceso de consolidaci\u00f3n institucional de los nuevos estados como parte de la lucha por la independencia.<!--more--><\/p>\n<p style=\"text-align: justify;\">Sergio Guerra Vilaboy, presidente de la ADHILAC y secretario ejecutivo del Grupo Nacional del Bicentenario.<\/p>\n<p style=\"text-align: justify;\">A prop\u00f3sito de estos acontecimientos, Granma convers\u00f3 con el doctor Sergio Guerra Vilaboy, presidente de la Asociaci\u00f3n de Historiadores Latinoamericanos y del Caribe (ADHILAC), quien, adem\u00e1s, es el secretario ejecutivo del Grupo Nacional del Bicentenario de la Independencia de Am\u00e9rica Latina.<\/p>\n<p style=\"text-align: justify;\">En Buenos Aires \u2014explica\u2014, el 8 de octubre de 1812, las tropas de Jos\u00e9 de San Mart\u00edn derrocaron al gobierno moderado exigiendo \u00abIndependencia y Constituci\u00f3n\u00bb. Este proceso se inici\u00f3 en Caracas, el 21 de diciembre de 1811, con la aprobaci\u00f3n de la Constituci\u00f3n de la Rep\u00fablica de Venezuela, la primera en establecer un estado independiente.<\/p>\n<p style=\"text-align: justify;\">Seg\u00fan precisa este historiador, la Constituci\u00f3n de C\u00e1diz (Espa\u00f1a), proclamada el 8 de junio de 1812 con la presencia de diputados hispanoamericanos, tuvo gran impacto en el proceso emancipador y constitucional de Nuestra Am\u00e9rica.<\/p>\n<p style=\"text-align: justify;\">La constituci\u00f3n de C\u00e1diz tuvo gran impacto en el proceso emancipador de \u00c1merica y especial significado para Cuba. No obstante \u2014aclara\u2014, el proceso constitucional desarrollado en los territorios hispanoamericanos a partir de entonces, estuvo precedido por la puesta en vigor de las constituciones de Hait\u00ed, que recog\u00edan, entre otras avanzadas disposiciones revolucionarias, el fin de la esclavitud.<\/p>\n<p style=\"text-align: justify;\"><a href=\"https:\/\/adhilac.com.ar\/wp-content\/uploads\/2012\/08\/sergio_guerra.jpg\"><img loading=\"lazy\" decoding=\"async\" class=\"alignright size-full wp-image-6619\" title=\"sergio_guerra\" src=\"https:\/\/adhilac.com.ar\/wp-content\/uploads\/2012\/08\/sergio_guerra.jpg\" alt=\"\" width=\"280\" height=\"332\" srcset=\"https:\/\/adhilac.com.ar\/wp-content\/uploads\/2012\/08\/sergio_guerra.jpg 280w, https:\/\/adhilac.com.ar\/wp-content\/uploads\/2012\/08\/sergio_guerra-253x300.jpg 253w\" sizes=\"auto, (max-width: 280px) 100vw, 280px\" \/><\/a><\/p>\n<p style=\"text-align: justify;\">Refiere Guerra Vilaboy que la del 8 de julio de 1801 consagr\u00f3 a Toussaint Louverture como la principal figura de la Revoluci\u00f3n Haitiana, y la del 20 de mayo de 1805, que bajo la direcci\u00f3n de Jean Jacques Dessalines cre\u00f3 el primer estado independiente de Nuestra Am\u00e9rica y le permiti\u00f3 a Bol\u00edvar calificar a Hait\u00ed como la \u00abnaci\u00f3n m\u00e1s democr\u00e1tica del mundo\u00bb.<\/p>\n<p style=\"text-align: justify;\">Estos son algunos de los motivos que explican la realizaci\u00f3n del Coloquio Internacional Bicentenario de las primeras constituciones latinoamericanas, que organiza la Secci\u00f3n Cubana de la ADHILAC de conjunto con el Grupo Nacional Cubano del Bicentenario, adscripto al Ministerio de Cultura, y con el coauspicio de la Uni\u00f3n Nacional de Juristas y la Oficina del Historiador de la ciudad de La Habana, entre otras instituciones.<\/p>\n<p style=\"text-align: justify;\">El historiador puntualiza que el evento, previsto del 11 al 14 de diciembre pr\u00f3ximo, en la capital, tiene entre sus objetivos reflexionar sobre las constituciones y su papel en la historia posterior de Am\u00e9rica Latina.<\/p>\n<p style=\"text-align: justify;\">Adem\u00e1s, pretende no solo analizar el significado de las cartas magnas primigenias de nuestros pueblos, sino tambi\u00e9n valorar las que entraron en vigor despu\u00e9s, incluyendo las que hoy sostienen los procesos de cambio en varios pa\u00edses de Nuestra Am\u00e9rica.<\/p>\n<p style=\"text-align: justify;\">&nbsp;<\/p>\n<p style=\"text-align: justify;\">Fuente: Granma (www.granma.cubaweb)<\/p>\n<p style=\"text-align: justify;\">10 de agosto de 2012<\/p>\n<p style=\"text-align: justify;\">&nbsp;<\/p>\n<p style=\"text-align: justify;\"><strong>Publicado por ADHILAC Internacional \u00a9 www.adhilac.com.ar<\/strong><\/p>\n<p style=\"text-align: justify;\">Si Ud. desea asociarse de acuerdo a los Estatutos de ADHILAC\u00a0<a title=\"(ver)\" href=\"https:\/\/adhilac.com.ar\/?page_id=263\">(ver)<\/a> complete el siguiente formulario\u00a0<a title=\"(ver)\" href=\"https:\/\/adhilac.com.ar\/?page_id=3194\">(ver)<\/a><\/p>\n<p style=\"text-align: justify;\">E-mail:\u00a0<a title=\"info@adhilac.com.ar\" href=\"https:\/\/adhilac.com.ar\/info@adhilac.com.ar\" target=\"_blank\">info@adhilac.com.ar<\/a><strong> <\/strong><\/p>\n<p style=\"text-align: justify;\">Twitter: @AdhilacInfo<\/p>\n<p style=\"text-align: justify;\">&nbsp;<\/p>\n","protected":false},"excerpt":{"rendered":"<p>1812, a\u00f1o de fundaci\u00f3n Se conmemora el bicentenario de las primeras cartas magnas en Am\u00e9rica Latina y el Caribe Raquel Marreno Yanes Este a\u00f1o conmemoramos el aniversario 200 de las primeras constituciones de los pa\u00edses latinoamericanos. Fue en 1812 cuando se aprobaron las cartas magnas fundacionales de las actuales rep\u00fablicas de Ecuador (Quito), el 15 [&hellip;]<\/p>\n","protected":false},"author":2,"featured_media":0,"comment_status":"closed","ping_status":"closed","sticky":false,"template":"","format":"standard","meta":{"_crdt_document":"","footnotes":""},"categories":[18],"tags":[14,60,282],"class_list":["post-6603","post","type-post","status-publish","format-standard","hentry","category-adhilac-cuba","tag-bicentenario","tag-constituciones","tag-liberalismo"],"_links":{"self":[{"href":"https:\/\/adhilac.com.ar\/index.php?rest_route=\/wp\/v2\/posts\/6603","targetHints":{"allow":["GET"]}}],"collection":[{"href":"https:\/\/adhilac.com.ar\/index.php?rest_route=\/wp\/v2\/posts"}],"about":[{"href":"https:\/\/adhilac.com.ar\/index.php?rest_route=\/wp\/v2\/types\/post"}],"author":[{"embeddable":true,"href":"https:\/\/adhilac.com.ar\/index.php?rest_route=\/wp\/v2\/users\/2"}],"replies":[{"embeddable":true,"href":"https:\/\/adhilac.com.ar\/index.php?rest_route=%2Fwp%2Fv2%2Fcomments&post=6603"}],"version-history":[{"count":12,"href":"https:\/\/adhilac.com.ar\/index.php?rest_route=\/wp\/v2\/posts\/6603\/revisions"}],"predecessor-version":[{"id":6609,"href":"https:\/\/adhilac.com.ar\/index.php?rest_route=\/wp\/v2\/posts\/6603\/revisions\/6609"}],"wp:attachment":[{"href":"https:\/\/adhilac.com.ar\/index.php?rest_route=%2Fwp%2Fv2%2Fmedia&parent=6603"}],"wp:term":[{"taxonomy":"category","embeddable":true,"href":"https:\/\/adhilac.com.ar\/index.php?rest_route=%2Fwp%2Fv2%2Fcategories&post=6603"},{"taxonomy":"post_tag","embeddable":true,"href":"https:\/\/adhilac.com.ar\/index.php?rest_route=%2Fwp%2Fv2%2Ftags&post=6603"}],"curies":[{"name":"wp","href":"https:\/\/api.w.org\/{rel}","templated":true}]}}