{"id":6623,"date":"2012-08-14T06:01:30","date_gmt":"2012-08-14T09:01:30","guid":{"rendered":"https:\/\/adhilac.com.ar\/?p=6623"},"modified":"2012-08-21T15:35:45","modified_gmt":"2012-08-21T18:35:45","slug":"x-jornadas-nacionales-vii-latinoamericanas-grupo-hacer-la-historia-6-al-8-de-octubre-de-2012-lujan-argentina","status":"publish","type":"post","link":"https:\/\/adhilac.com.ar\/?p=6623","title":{"rendered":"X Jornadas Nacionales &#8211; VII Latinoamericanas Grupo Hacer la Historia. 6 al 8 de octubre de 2012. Luj\u00e1n, Argentina"},"content":{"rendered":"<h3><span style=\"color: #339966;\">\u00abConstruyendo la Historia desde el protagonismo de los Pueblos\u00bb<\/span><\/h3>\n<p><strong><strong>6,7 y 8 de octubre de 2012<\/strong><\/strong><\/p>\n<p><a href=\"https:\/\/adhilac.com.ar\/wp-content\/uploads\/2012\/08\/Hacer-La-Historia-02.jpg\"><img loading=\"lazy\" decoding=\"async\" class=\"size-full wp-image-6625 alignnone\" title=\"Hacer La Historia 02\" src=\"https:\/\/adhilac.com.ar\/wp-content\/uploads\/2012\/08\/Hacer-La-Historia-02.jpg\" alt=\"\" width=\"465\" height=\"132\" srcset=\"https:\/\/adhilac.com.ar\/wp-content\/uploads\/2012\/08\/Hacer-La-Historia-02.jpg 665w, https:\/\/adhilac.com.ar\/wp-content\/uploads\/2012\/08\/Hacer-La-Historia-02-300x84.jpg 300w\" sizes=\"auto, (max-width: 465px) 100vw, 465px\" \/><\/a><\/p>\n<p style=\"text-align: justify;\">X JORNADAS NACIONALES\u00a0 &#8211;\u00a0 VII LATINOAMERICANAS\u00a0\u201cCONSTRUYENDO LA HISTORIA DESDE EL PROTAGONISMO DE LOS PUEBLOS\u201d<\/p>\n<div style=\"text-align: justify;\"><span style=\"text-align: justify;\">Grupo de Trabajo Hacer la Historia, Universidad Nacional de Lujan y Universidad Nacional de Lanus <\/span><br \/>\n<span style=\"text-align: justify;\">Sede Universidad Nacional de Luj\u00e1n, provincia de Buenos Aires, Argentina.<\/span><\/div>\n<div style=\"text-align: justify;\"><span style=\"text-align: justify;\"><br \/>\n<\/span><\/div>\n<div style=\"text-align: justify;\"><\/div>\n<div style=\"text-align: justify;\"><span style=\"text-align: justify;\">Auspiciado por ADHILAC Argentina y ADHILAC Internacional.<\/span><\/div>\n<div style=\"text-align: justify;\">\n<p style=\"text-align: justify;\"><!--more--><\/p>\n<p style=\"text-align: justify;\">Con profundo placer, alegr\u00eda y producto del esfuerzo militante, difundimos las Jornadas 2012 del Grupo de Trabajo Hacer la Historia, dirigido por Irma Antognazzi (Directora), organizadas en conjunto con la  Universidad Nacional de Luj\u00e1n y la Universidad Nacional de Lan\u00fas.<\/p>\n<p style=\"text-align: justify;\">Esperamos contar con la participaci\u00f3n de ustedes. Por eso invitamos a difundir esta convocatoria, y, desde ya, quedamos a disposici\u00f3n por cualquier consulta y comentario.<\/p>\n<p style=\"text-align: justify;\">Talleres de Trabajo que funcionar\u00e1n durante las Jornadas:<\/p>\n<p style=\"text-align: justify;\">&#8211; La FALACIA Y CRISIS DEL DESARROLLO. Coordinador: Jos\u00e9 Salvador C\u00e1rcamo (UBA \/ UNM)<\/p>\n<\/div>\n<div style=\"text-align: justify;\">\n<p>&#8211; TENSI\u00d3N NORTE-SUR EN LA HISTORIA  DE LAS RELACIONES ENTRE ESTADOS UNIDOS Y AM\u00c9RICA LATINA. Coordinador: Leandro Morgenfeld (UBA \/ IDEHESI-CONICET)<\/p>\n<p>&#8211; LA INTEGRACI\u00d3N M\u00c1S ALL\u00c1 DE LA INTEGRACI\u00d3N. UN RECORRIDO HIST\u00d3RICO, ECON\u00d3MICO-SOCIAL Y POL\u00cdTICO POR EL PROCESO DE UNIDAD E INTEGRACI\u00d3N LATINOAMERICANA PARA DEBATIR EL PRESENTE POL\u00cdTICO REGIONAL. Coordinador: Juli\u00e1n Kan (UBA \/ CONICET-UNQ)<\/p>\n<p>&#8211; TIERRA,\u00a0 PODER Y RESISTENCIA. CAMPESINOS Y\u00a0 TERRATENIENTES EN\u00a0 EL AGRO ARGENTINO,\u00a0 SIGLOS XIX Y XX. Coordinadora: Bibiana Andreucci (UNLu)<\/p>\n<p>&#8211; EL ARTE, LA LITERATURA Y LA POL\u00cdTICA EN PROCESOS DE LUCHAS POPULARES Y REVOLUCIONARIAS. Coordinador: Nilda Susana Redondo (UNLPam)<\/p>\n<p>&#8211; PASADO Y PRESENTE DE LA  PLURALIDAD RELIGIOSA EN LA ARGENTINA. Coordinadores: Ma. Eugenia Arduino (UNLu \u2013 UBA) y Fabi\u00e1n Flores (UNLu \u2013 CONICET)<\/p>\n<p>&#8211; EL HISTORIADOR Y LA  CONSTRUCCI\u00d3N DE LA MEMORIA COLECTIVA: ESCENARIOS Y POSIBILIDADES DE ACCI\u00d3N DESDE UNA PERSPECTIVA AMERICANA. Coordinadora: Samanta Casareto (UBA) y Cecilia Mart\u00ednez (UBA)<\/p>\n<p>&#8211; PENSAR LA IDEOLOG\u00cdA. Coordinadores: Pablo V\u00e1zquez; Santiago Regollo;\u00a0 Dami\u00e1n Cipolla.<\/p>\n<p>&#8211; DESARROLLO HIST\u00d3RICO Y PRINCIPALES CARACTERES\u00a0 DEL PENSAMIENTO NACIONAL. Coordinador: Francisco Jos\u00e9 Pestanha (UNLA)<\/p>\n<p>&#8211; ANTICOLONIALISMO Y ANTIMPERIALIMO. EL SURGIMIENTO DEL NACIONALISMO POPULAR EN ARGENTINA: EL PERONISMO. Coordinador: H\u00e9ctor Muzzopappa (UNLA)<\/p>\n<p>&#8211; LA COMUNICACI\u00d3N Y EL PERIODISMO, EN LA  ENCRUCIJADA DE LO POPULAR Y DE LA SOBERAN\u00cdA REGIONAL. Coordinadora: Matilde Sosa (FPyCS-UNLP)<\/p>\n<p>&#8211; TEOR\u00cdA E HISTORIA DE LA  EDUCACI\u00d3N EN LATINOAM\u00c9RICA Y LA ARGENTINA: MOVIMIENTOS SOCIALES, PEDAGOG\u00cdA E HISTORIA SOCIAL DESDE UNA PERSPECTIVA MULTIDISCIPLINAR DE LA EDUCACI\u00d3N POPULAR. Coordinadores: Roberto Elisalde (FFyL\/UBA); Mart\u00edn Acri (FFyL\/UBA); Daniel Duarte (FFyL\/UBA)<\/p>\n<p>&#8211; HECHOS DE MASAS Y PROTAGONISMO POPULAR. Coordinador: Nicol\u00e1s I\u00f1igo Carrera (PIMSA-CONICET)<\/p>\n<p>&#8211; AN\u00c1LISIS COMPARADO DEL GRADO DE DESARROLLO CAPITALISTA EN LOS DISTINTOS PA\u00cdSES DE AM\u00c9RICA LATINA Y SU RELACI\u00d3N CON LA SUPERESTRUCTURA POL\u00cdTICA. Coordinador: Mario Macaroff<\/p>\n<p>&#8211; APORTES DEL MATERIALISMO HIST\u00d3RICO DIAL\u00c9CTICO PARA ANALIZAR LOS PROCESOS DE TRANSICI\u00d3N DEL CAPITALISMO AL SOCIALISMO. REFLEXIONES TE\u00d3RICAS Y APORTES HIST\u00d3RICOS DE NUESTRA AM\u00c9RICA EN EL SIGLO XXI. Coordinadora: Irma Antognazzi (Directora del Grupo de Trabajo Hacer la Historia. Argentina)<\/p>\n<p>&#8211; EL PROTAGONISMO POPULAR EN LA  HISTORIA DEL COOPERATIVISMO. UN AN\u00c1LISIS DE LAS LUCHAS M\u00c1S IMPORTANTES EN LA  HISTORIA DEL COOPERATIVISMO EN ARGENTINA VISTO DESDE EL PROTAGONISMO POPULAR. Coordinador: a definir<\/p>\n<\/div>\n<p style=\"text-align: justify;\">16 Talleres donde se presentar\u00e1n p\u00f3steres y se dar\u00e1 lugar al debate de ideas y trabajo en taller. Los coordinadores RECIBIR\u00c1N por Correo Electr\u00f3nico p\u00f3steres HASTA el S\u00c1BADO 25 DE AGOSTO de 2012, sin excepci\u00f3n.<\/p>\n<p style=\"text-align: justify;\"><strong>Informes<\/strong><\/p>\n<p style=\"text-align: justify;\">Marcos Cappellacci \u2013 <a href=\"mailto:grupodetrabajohacerlahistoria@gmail.com\">grupodetrabajohacerlahistoria@gmail.com<\/a><\/p>\n<p style=\"text-align: justify;\">http:\/\/www.facebook.com\/HacerLaHistoria<\/p>\n<p style=\"text-align: justify;\">@HacerLaHistoria<\/p>\n<p style=\"text-align: left;\"><span style=\"text-align: left;\">Para descargar Circulares, Convocatoria y Talleres, acceder a http:\/\/hacerlahistoriarosario.blogspot.com.ar\/<\/span><\/p>\n<p style=\"text-align: justify;\">&nbsp;<\/p>\n<p><strong>Publicado por ADHILAC Internacional \u00a9 www.adhilac.com.ar<\/strong><\/p>\n<p>Si Ud. desea asociarse de acuerdo a los Estatutos de ADHILAC\u00a0<a title=\"(ver)\" href=\"https:\/\/adhilac.com.ar\/?page_id=263\">(ver)<\/a> complete el siguiente formulario\u00a0<a title=\"(ver)\" href=\"https:\/\/adhilac.com.ar\/?page_id=3194\">(ver)<\/a><\/p>\n<p>E-mail:\u00a0<a title=\"info@adhilac.com.ar\" href=\"https:\/\/adhilac.com.ar\/info@adhilac.com.ar\" target=\"_blank\">info@adhilac.com.ar<\/a><strong> <\/strong><\/p>\n<p>Twitter: @AdhilacInfo<\/p>\n<p style=\"text-align: justify;\">&nbsp;<\/p>\n","protected":false},"excerpt":{"rendered":"<p>\u00abConstruyendo la Historia desde el protagonismo de los Pueblos\u00bb 6,7 y 8 de octubre de 2012 X JORNADAS NACIONALES\u00a0 &#8211;\u00a0 VII LATINOAMERICANAS\u00a0\u201cCONSTRUYENDO LA HISTORIA DESDE EL PROTAGONISMO DE LOS PUEBLOS\u201d Grupo de Trabajo Hacer la Historia, Universidad Nacional de Lujan y Universidad Nacional de Lanus Sede Universidad Nacional de Luj\u00e1n, provincia de Buenos Aires, Argentina. [&hellip;]<\/p>\n","protected":false},"author":37,"featured_media":0,"comment_status":"closed","ping_status":"closed","sticky":false,"template":"","format":"standard","meta":{"_crdt_document":"","footnotes":""},"categories":[10,3,40],"tags":[334],"class_list":["post-6623","post","type-post","status-publish","format-standard","hentry","category-adhil-arg","category-adhilac-inter","category-informaciones","tag-historia-contemporanea"],"_links":{"self":[{"href":"https:\/\/adhilac.com.ar\/index.php?rest_route=\/wp\/v2\/posts\/6623","targetHints":{"allow":["GET"]}}],"collection":[{"href":"https:\/\/adhilac.com.ar\/index.php?rest_route=\/wp\/v2\/posts"}],"about":[{"href":"https:\/\/adhilac.com.ar\/index.php?rest_route=\/wp\/v2\/types\/post"}],"author":[{"embeddable":true,"href":"https:\/\/adhilac.com.ar\/index.php?rest_route=\/wp\/v2\/users\/37"}],"replies":[{"embeddable":true,"href":"https:\/\/adhilac.com.ar\/index.php?rest_route=%2Fwp%2Fv2%2Fcomments&post=6623"}],"version-history":[{"count":15,"href":"https:\/\/adhilac.com.ar\/index.php?rest_route=\/wp\/v2\/posts\/6623\/revisions"}],"predecessor-version":[{"id":6706,"href":"https:\/\/adhilac.com.ar\/index.php?rest_route=\/wp\/v2\/posts\/6623\/revisions\/6706"}],"wp:attachment":[{"href":"https:\/\/adhilac.com.ar\/index.php?rest_route=%2Fwp%2Fv2%2Fmedia&parent=6623"}],"wp:term":[{"taxonomy":"category","embeddable":true,"href":"https:\/\/adhilac.com.ar\/index.php?rest_route=%2Fwp%2Fv2%2Fcategories&post=6623"},{"taxonomy":"post_tag","embeddable":true,"href":"https:\/\/adhilac.com.ar\/index.php?rest_route=%2Fwp%2Fv2%2Ftags&post=6623"}],"curies":[{"name":"wp","href":"https:\/\/api.w.org\/{rel}","templated":true}]}}