{"id":6643,"date":"2012-08-15T07:47:47","date_gmt":"2012-08-15T10:47:47","guid":{"rendered":"https:\/\/adhilac.com.ar\/?p=6643"},"modified":"2012-09-09T07:42:04","modified_gmt":"2012-09-09T10:42:04","slug":"ecuador-denuncia-presiones-de-londres-por-el-caso-assange","status":"publish","type":"post","link":"https:\/\/adhilac.com.ar\/?p=6643","title":{"rendered":"Ecuador denuncia presiones de Londres por el caso Assange"},"content":{"rendered":"<h3><span style=\"color: #339966;\">Ecuador denuncia al mundo la amenaza sobre su pa\u00eds<\/span><\/h3>\n<p style=\"text-align: justify;\">ADHILAC Internacional rechaza de manera terminante cualquier avasallamiento\u00a0del territorio ecuatoriano violando los tratados internacionales. La\u00a0pol\u00edtica\u00a0exterior del Reino Unido vuelve a mostrar su tradicional\u00a0posici\u00f3n\u00a0colonialista, tal como en el caso de las Islas Malvinas la amenaza de irrumpir en la Embajada de la\u00a0Rep\u00fablica\u00a0de Ecuador en Londres por el <em>caso Assange,<\/em> es una medida inadmisible para los\u00a0pa\u00edses\u00a0de\u00a0Am\u00e9rica\u00a0Latina y el Caribe. Es necesaria una respuesta contundente de Nuestra\u00a0Am\u00e9rica.<\/p>\n<p style=\"text-align: justify;\">Nuestro colega\u00a0Juan Paz y Mi\u00f1o Cepeda nos\u00a0env\u00eda\u00a0la siguiente\u00a0informaci\u00f3n:<\/p>\n<p style=\"text-align: justify;\">Aqu\u00ed cuatro informaciones inmediatas sobre la situaci\u00f3n contra la soberan\u00eda ecuatoriana.<\/p>\n<p>1)\u00a0\u00a0\u00a0\u00a0\u00a0 Canciller Ricardo Pati\u00f1o denuncia amenaza del Gobierno brit\u00e1nico de arrestar a Juli\u00e1n Assange en la Embajada del Ecuador \u00e8 Comunicado de la Canciller\u00eda ecuatoriana \u00e8 <a href=\"http:\/\/www.mmrree.gob.ec\/2012\/com041.asp\" target=\"_blank\">http:\/\/www.mmrree.gob.ec\/2012\/com041.asp<\/a><!--more--><\/p>\n<p style=\"text-align: justify;\">2)\u00a0\u00a0\u00a0\u00a0\u00a0 Canciller Ricardo Pati\u00f1o denuncia amenaza de Reino Unido con asaltar Embajada de Ecuador por caso Assange \u00e8 Diario \u201cEl Tel\u00e9grafo\u201d: <a href=\"http:\/\/www.eltelegrafo.com.ec\/index.php?option=com_zoo&amp;task=item&amp;item_id=50054&amp;Itemid=2\">http:\/\/www.eltelegrafo.com.ec\/index.php?option=com_zoo&amp;task=item&amp;item_id=50054&amp;Itemid=2<\/a><\/p>\n<p style=\"text-align: justify;\">3)\u00a0\u00a0\u00a0\u00a0\u00a0 ECUADOR recibe amenaza de asalto a su embajada en Londres si no entrega a Julian Assange \u00e8 Agencia Andes: <a href=\"http:\/\/www.andes.info.ec\/actualidad\/5281.html\">http:\/\/www.andes.info.ec\/actualidad\/5281.html<\/a><\/p>\n<p style=\"text-align: justify;\">4)\u00a0\u00a0\u00a0\u00a0\u00a0 Canciller de ECUADOR, Ricardo Pati\u00f1o, advierte que Reino Unido aument\u00f3 presencia policial alrededor de la Embajada ecuatoriana \u00e8 Agencia Andes: <a href=\"http:\/\/www.andes.info.ec\/actualidad\/5288.html\">http:\/\/www.andes.info.ec\/actualidad\/5288.html<\/a><\/p>\n<p><strong>Publicado por ADHILAC Internacional \u00a9 www.adhilac.com.ar<\/strong><\/p>\n<p>Si Ud. desea asociarse de acuerdo a los Estatutos de ADHILAC y complete el \u00a0formulario correspondiente\u00a0<a title=\"(ver)\" href=\"https:\/\/adhilac.com.ar\/?page_id=263\">(ver)<\/a><\/p>\n<p>E-mail: info@adhilac.com.ar<\/p>\n<p>Twitter: @AdhilacInfo<\/p>\n<p>&nbsp;<\/p>\n","protected":false},"excerpt":{"rendered":"<p>Ecuador denuncia al mundo la amenaza sobre su pa\u00eds ADHILAC Internacional rechaza de manera terminante cualquier avasallamiento\u00a0del territorio ecuatoriano violando los tratados internacionales. La\u00a0pol\u00edtica\u00a0exterior del Reino Unido vuelve a mostrar su tradicional\u00a0posici\u00f3n\u00a0colonialista, tal como en el caso de las Islas Malvinas la amenaza de irrumpir en la Embajada de la\u00a0Rep\u00fablica\u00a0de Ecuador en Londres por el [&hellip;]<\/p>\n","protected":false},"author":37,"featured_media":0,"comment_status":"closed","ping_status":"closed","sticky":false,"template":"","format":"standard","meta":{"_crdt_document":"","footnotes":""},"categories":[40],"tags":[331,329,27,330,285],"class_list":["post-6643","post","type-post","status-publish","format-standard","hentry","category-informaciones","tag-assange","tag-colonialismo","tag-ecuador","tag-imperialismo","tag-reino-unido"],"_links":{"self":[{"href":"https:\/\/adhilac.com.ar\/index.php?rest_route=\/wp\/v2\/posts\/6643","targetHints":{"allow":["GET"]}}],"collection":[{"href":"https:\/\/adhilac.com.ar\/index.php?rest_route=\/wp\/v2\/posts"}],"about":[{"href":"https:\/\/adhilac.com.ar\/index.php?rest_route=\/wp\/v2\/types\/post"}],"author":[{"embeddable":true,"href":"https:\/\/adhilac.com.ar\/index.php?rest_route=\/wp\/v2\/users\/37"}],"replies":[{"embeddable":true,"href":"https:\/\/adhilac.com.ar\/index.php?rest_route=%2Fwp%2Fv2%2Fcomments&post=6643"}],"version-history":[{"count":5,"href":"https:\/\/adhilac.com.ar\/index.php?rest_route=\/wp\/v2\/posts\/6643\/revisions"}],"predecessor-version":[{"id":6848,"href":"https:\/\/adhilac.com.ar\/index.php?rest_route=\/wp\/v2\/posts\/6643\/revisions\/6848"}],"wp:attachment":[{"href":"https:\/\/adhilac.com.ar\/index.php?rest_route=%2Fwp%2Fv2%2Fmedia&parent=6643"}],"wp:term":[{"taxonomy":"category","embeddable":true,"href":"https:\/\/adhilac.com.ar\/index.php?rest_route=%2Fwp%2Fv2%2Fcategories&post=6643"},{"taxonomy":"post_tag","embeddable":true,"href":"https:\/\/adhilac.com.ar\/index.php?rest_route=%2Fwp%2Fv2%2Ftags&post=6643"}],"curies":[{"name":"wp","href":"https:\/\/api.w.org\/{rel}","templated":true}]}}