{"id":6650,"date":"2012-08-16T07:17:50","date_gmt":"2012-08-16T10:17:50","guid":{"rendered":"https:\/\/adhilac.com.ar\/?p=6650"},"modified":"2012-08-17T03:19:17","modified_gmt":"2012-08-17T06:19:17","slug":"la-accion-emancipadora-de-bolivar-es-recordada-en-cuba","status":"publish","type":"post","link":"https:\/\/adhilac.com.ar\/?p=6650","title":{"rendered":"La acci\u00f3n emancipadora de Bol\u00edvar es recordada en Cuba"},"content":{"rendered":"<p>Yail\u00e9 Balloqui Bonz\u00f3n<em> Juventud Rebelde. <\/em> 15 de Agosto del 2012<\/p>\n<p style=\"text-align: justify;\">Acontecimientos que estremecieron al continente hace dos siglos y que  sit\u00faan a Venezuela, su pueblo y a la figura de Sim\u00f3n Bol\u00edvar en la  vanguardia de la revoluci\u00f3n continental, fueron recordados este  mi\u00e9rcoles durante un acto de de solidaridad con la hermana naci\u00f3n  bolivariana. <!--more--><\/p>\n<p>El aniversario 207 del juramento de Sim\u00f3n Bol\u00edvar en el Monte Sacro (15  de agosto de 1805), donde acompa\u00f1ado de Sim\u00f3n Rodr\u00edguez jur\u00f3 luchar  hasta su muerte por la libertad de su patria, y la victoria popular en  el refer\u00e9ndum revocatorio que tuvo lugar en el a\u00f1o 2004 en esa naci\u00f3n,  constituyen hechos medulares que colocan a Venezuela a la cabeza de las  luchas emancipadoras de Am\u00e9rica Latina de los \u00faltimos siglos.<\/p>\n<p>La actividad celebrada en el Memorial Jos\u00e9 Mart\u00ed, enclavado en la  capital, estuvo presidida por Jos\u00e9 Ram\u00f3n Balaguer, jefe del Departamento  de Relaciones Internacionales del Comit\u00e9 Central del Partido; Edgardo  Antonio Ram\u00edrez, embajador de la Rep\u00fablica Bolivariana de Venezuela en  Cuba, y Kenia Serrano, presidenta del Instituto Cubano de Amistad con  los Pueblos.<\/p>\n<p>Sergio Guerra, presidente de la Asociaci\u00f3n Latinoamericana y Caribe\u00f1a  de Historiadores, quien tuvo a su cargo las palabras centrales, destac\u00f3  el papel protag\u00f3nico que desempe\u00f1\u00f3 Venezuela en el proceso de liberaci\u00f3n  continental hace 200 a\u00f1os, vanguardia que hoy tambi\u00e9n hace suya ante los  procesos de cambios que tienen lugar en nuestro hemisferio en estos  a\u00f1os.<\/p>\n<p>Se refiri\u00f3 adem\u00e1s el historiador a la figura de Bol\u00edvar como una de las  m\u00e1s importantes en las luchas por la independencia de Am\u00e9rica Latina,  por su pensamiento avanzado y su peculiar don de estadista que aspiraba  no solo a la emancipaci\u00f3n de su patria, sino de toda Latinoam\u00e9rica.  \u00abTodo esto explica que hoy Bol\u00edvar sea un referente importante en la  Revoluci\u00f3n Bolivariana y para todo el continente nuestro\u00bb, afirm\u00f3.<\/p>\n<p>En nombre del Presidente Hugo Ch\u00e1vez, el embajador venezolano en  nuestro pa\u00eds entreg\u00f3 a la direcci\u00f3n del Memorial Jos\u00e9 Mart\u00ed una  compilaci\u00f3n de 133 n\u00fameros, editados entre 1818 y 1822, del peri\u00f3dico  Correo del Orinoco, fundado por Bol\u00edvar.<\/p>\n<p>Cuba unida a Venezuela en defensa de la Revoluci\u00f3n Bolivariana<br \/>\nLaura B\u00e9cquer Paseiro<\/p>\n<p>En estos tiempos, los ideales por la emancipaci\u00f3n latinoamericana de  dos grandes pr\u00f3ceres como Jos\u00e9 Mart\u00ed y Sim\u00f3n Bol\u00edvar est\u00e1n m\u00e1s vigentes  que nunca. As\u00ed se constat\u00f3 en el encuentro de solidaridad con Venezuela  realizado este mi\u00e9rcoles en el Memorial Jos\u00e9 Mart\u00ed, como parte de la  campa\u00f1a internacional de apoyo al presidente Hugo Ch\u00e1vez y a la  Revoluci\u00f3n Bolivariana que tiene lugar en diversas partes del mundo.<\/p>\n<p>En el encuentro fue develado un retrato de Bol\u00edvar, donado a la  instituci\u00f3n junto a una compilaci\u00f3n de art\u00edculos publicados en el Correo  del Orinoco en el periodo 1818-1822.<\/p>\n<p>En el acto, el presidente de la Asociaci\u00f3n Latinoamericana y Caribe\u00f1a  de Historiadores, Sergio Guerra Vilaboy, rese\u00f1\u00f3 magistralmente las  conexiones hist\u00f3ricas entre ambos pueblos. Asimismo, rememor\u00f3 el  aniversario 207 del juramento de El Libertador en el Monte Sacro, cuando  el joven Bol\u00edvar enunci\u00f3 el gran sue\u00f1o de libertar a Venezuela y a otras  naciones de Am\u00e9rica. En este sentido, Guerra se\u00f1al\u00f3 que Caracas \u00abest\u00e1  ocupando hoy el papel de vanguardia en la regi\u00f3n\u00bb, en consonancia \u00abcon  los ideales continentales de independencia por los cuales lucharon  nuestros pr\u00f3ceres\u00bb.<\/p>\n<p>Al respecto, el embajador venezolano en Cuba, Edgardo Antonio Ram\u00edrez,  manifest\u00f3 que mientras existan guerras imperiales, la lucha  revolucionaria bajo la gu\u00eda bolivariana y martiana, no cesar\u00e1.<\/p>\n<p>En el encuentro fue develado un retrato de Bol\u00edvar, donado a la  instituci\u00f3n junto a una compilaci\u00f3n de art\u00edculos publicados en el Correo  del Orinoco en el periodo 1818-1822.<\/p>\n<p>Presidieron el acto Jos\u00e9 Ram\u00f3n Balaguer Cabrera, miembro del  Secretariado del Comit\u00e9 Central y jefe de su Departamento de Relaciones  Internacionales, y Kenia Serrano, presidenta del Instituto Cubano de  Amistad con los Pueblos (ICAP).<\/p>\n<p style=\"text-align: justify;\">\nVenezuela a la cabeza de las luchas latinoamericanas<br \/>\nAcontecimientos que estremecieron al continente hace dos siglos y que  sit\u00faan a Venezuela, su pueblo y a la figura de Sim\u00f3n Bol\u00edvar en la  vanguardia de la revoluci\u00f3n continental, fueron recordados este  mi\u00e9rcoles durante un acto de de solidaridad con la hermana naci\u00f3n  bolivariana<\/p>\n","protected":false},"excerpt":{"rendered":"<p>Yail\u00e9 Balloqui Bonz\u00f3n Juventud Rebelde. 15 de Agosto del 2012 Acontecimientos que estremecieron al continente hace dos siglos y que sit\u00faan a Venezuela, su pueblo y a la figura de Sim\u00f3n Bol\u00edvar en la vanguardia de la revoluci\u00f3n continental, fueron recordados este mi\u00e9rcoles durante un acto de de solidaridad con la hermana naci\u00f3n bolivariana.<\/p>\n","protected":false},"author":2,"featured_media":0,"comment_status":"closed","ping_status":"closed","sticky":false,"template":"","format":"standard","meta":{"_crdt_document":"","footnotes":""},"categories":[40],"tags":[63,46,23],"class_list":["post-6650","post","type-post","status-publish","format-standard","hentry","category-informaciones","tag-cuba","tag-simon-bolivar","tag-venezuela"],"_links":{"self":[{"href":"https:\/\/adhilac.com.ar\/index.php?rest_route=\/wp\/v2\/posts\/6650","targetHints":{"allow":["GET"]}}],"collection":[{"href":"https:\/\/adhilac.com.ar\/index.php?rest_route=\/wp\/v2\/posts"}],"about":[{"href":"https:\/\/adhilac.com.ar\/index.php?rest_route=\/wp\/v2\/types\/post"}],"author":[{"embeddable":true,"href":"https:\/\/adhilac.com.ar\/index.php?rest_route=\/wp\/v2\/users\/2"}],"replies":[{"embeddable":true,"href":"https:\/\/adhilac.com.ar\/index.php?rest_route=%2Fwp%2Fv2%2Fcomments&post=6650"}],"version-history":[{"count":4,"href":"https:\/\/adhilac.com.ar\/index.php?rest_route=\/wp\/v2\/posts\/6650\/revisions"}],"predecessor-version":[{"id":6656,"href":"https:\/\/adhilac.com.ar\/index.php?rest_route=\/wp\/v2\/posts\/6650\/revisions\/6656"}],"wp:attachment":[{"href":"https:\/\/adhilac.com.ar\/index.php?rest_route=%2Fwp%2Fv2%2Fmedia&parent=6650"}],"wp:term":[{"taxonomy":"category","embeddable":true,"href":"https:\/\/adhilac.com.ar\/index.php?rest_route=%2Fwp%2Fv2%2Fcategories&post=6650"},{"taxonomy":"post_tag","embeddable":true,"href":"https:\/\/adhilac.com.ar\/index.php?rest_route=%2Fwp%2Fv2%2Ftags&post=6650"}],"curies":[{"name":"wp","href":"https:\/\/api.w.org\/{rel}","templated":true}]}}