{"id":6748,"date":"2012-08-30T13:57:26","date_gmt":"2012-08-30T16:57:26","guid":{"rendered":"https:\/\/adhilac.com.ar\/?p=6748"},"modified":"2012-09-09T07:48:23","modified_gmt":"2012-09-09T10:48:23","slug":"coloquio-internacional-%e2%80%9cbicentenario-de-las-primeras-constituciones-latinoamericanas","status":"publish","type":"post","link":"https:\/\/adhilac.com.ar\/?p=6748","title":{"rendered":"Coloquio Internacional \u201cBicentenario de las primeras constituciones latinoamericanas\u00bb"},"content":{"rendered":"<div>\n<h3 style=\"text-align: justify;\"><span style=\"color: #339966;\"><a href=\"https:\/\/adhilac.com.ar\/wp-content\/uploads\/2012\/08\/Logo-ADHILAC-Internacional.jpg\"><img loading=\"lazy\" decoding=\"async\" class=\"alignleft size-full wp-image-6750\" title=\"Logo-ADHILAC-Internacional\" src=\"https:\/\/adhilac.com.ar\/wp-content\/uploads\/2012\/08\/Logo-ADHILAC-Internacional.jpg\" alt=\"\" width=\"114\" height=\"178\" \/><\/a>Segunda Circular<\/span><\/h3>\n<p style=\"text-align: justify;\"><span style=\"color: #000000;\"><strong>11 al 14 de diciembre de 2012<\/strong><\/span><\/p>\n<p style=\"text-align: justify;\">La Secci\u00f3n Cubana de la Asociaci\u00f3n de Historiadores Latinoamericanos y del Caribe (ADHILAC), convoca al<strong> Coloquio Internacional \u201cBicentenario de las primeras constituciones latinoamericanas\u201d<em>, <\/em><\/strong>en el a\u00f1o en que se conmemoran los doscientos a\u00f1os de las primeras constituciones de los pa\u00edses latinoamericanos. En 1812 se aprobaron las cartas magnas fundacionales de las actuales rep\u00fablicas de Ecuador (Quito), Colombia (Cartagena), y Chile, lo que indic\u00f3 la creciente consolidaci\u00f3n institucional de los nuevos estados como parte de la lucha por la independencia. Ese mismo a\u00f1o, en Buenos Aires, las tropas de San Mart\u00edn exig\u00edan \u00a0\u201cIndependencia y Constituci\u00f3n\u201d. <!--more-->Este proceso hab\u00eda sido abierto en Caracas, a fines de 1811, con la Constituci\u00f3n de la Rep\u00fablica de Venezuela, la primera de Hispanoam\u00e9rica. Adem\u00e1s, en 1812 fue proclamada la Constituci\u00f3n de C\u00e1diz (Espa\u00f1a), con la presencia de n\u00fameros diputados hispanoamericanos. Tambi\u00e9n en 1812 fue impresa en Caracas, el primer proyecto de Constituci\u00f3n para la isla de Cuba. El movimiento constitucional desarrollado en los territorios hispanoamericanos a partir de 1812 estuvo precedido por la puesta en vigor de las constituciones de Hait\u00ed, en 1801 y 1805, esta \u00faltima sustento del primer estado independiente de Nuestra Am\u00e9rica.<\/p>\n<p style=\"text-align: justify;\">&nbsp;<\/p>\n<p style=\"text-align: justify;\">El <strong>Coloquio Internacional \u201cBicentenario de las primeras constituciones latinoamericanas\u201d<\/strong> cuenta con el coauspicio del Grupo Nacional Cubano del Bicentenario, adscripto al Ministerio de Cultura, el Fondo Cultural de los pa\u00edses del Alianza Bolivariana para los Pueblos de Nuestra Am\u00e9rica (ALBA), Casa del ALBA Cultural de La Habana,\u00a0la Uni\u00f3n Nacional de Juristas, la Universidad de La Habana y la Oficina del Historiador de la Ciudad de La Habana. Entre sus objetivos est\u00e1 reflexionar sobre las constituciones y su papel en la historia posterior de Am\u00e9rica Latina, as\u00ed como sus contextos nacionales, pues pretende no s\u00f3lo analizar el significado de las cartas magnas primigenias de nuestros pueblos, sino tambi\u00e9n valorar las que vinieron despu\u00e9s, a lo largo de m\u00e1s de 200 a\u00f1os, incluyendo las que hoy sostienen los procesos de cambios abiertos en varios pa\u00edses de Nuestra Am\u00e9rica.<\/p>\n<p style=\"text-align: justify;\">&nbsp;<\/p>\n<p style=\"text-align: justify;\">El <strong>Coloquio Internacional \u201cBicentenario de las primeras constituciones latinoamericanas\u201d<\/strong> se efectuar\u00e1 entre los d\u00edas 11 y 14 de diciembre de 2012\u00a0 y \u00a0ser\u00e1 inaugurado en la Casa del ALBA Cultural, mientras las sesiones\u00a0 de trabajo se desarrollar\u00e1n en la Casa del Benem\u00e9rito de las Am\u00e9ricas \u201cBenito Ju\u00e1rez\u201d, ambas en la ciudad de La Habana.<\/p>\n<p style=\"text-align: justify;\">&nbsp;<\/p>\n<p style=\"text-align: justify;\">El temario contempla los siguientes temas y mesas de trabajo:<strong> <\/strong><\/p>\n<p style=\"padding-left: 30px;\"><em> <\/em><\/p>\n<p style=\"padding-left: 30px;\"><em>-G\u00e9nesis del constitucionalismo en Am\u00e9rica Latina y el Caribe.<\/em><\/p>\n<p style=\"padding-left: 30px;\"><em> <\/em><\/p>\n<p style=\"padding-left: 30px;\"><em>-Las constituciones en el proceso independentista latinoamericano y caribe\u00f1o. <\/em><\/p>\n<p style=\"padding-left: 30px;\"><em> <\/em><\/p>\n<p style=\"padding-left: 30px;\"><em>-Influencias europeas y norteamericanas en las cartas magnas de Am\u00e9rica Latina y el Caribe<\/em><\/p>\n<p style=\"padding-left: 30px;\"><em> <\/em><\/p>\n<p style=\"padding-left: 30px;\"><em>-La Revoluci\u00f3n Haitiana y sus constituciones<\/em><\/p>\n<p style=\"padding-left: 30px;\"><em> <\/em><\/p>\n<p style=\"padding-left: 30px;\"><em>-Las constituciones y la formaci\u00f3n de los estados latinoamericanos<\/em><\/p>\n<p style=\"padding-left: 30px;\"><em> <\/em><\/p>\n<p style=\"padding-left: 30px;\"><em>-El proyecto de constituci\u00f3n para Cuba de 1812.<\/em><\/p>\n<p style=\"padding-left: 30px;\"><em> <\/em><\/p>\n<p style=\"padding-left: 30px;\"><em>-Proyectos constitucionales en Am\u00e9rica Latina y el Caribe <\/em><\/p>\n<p style=\"text-align: justify; padding-left: 30px;\"><em> <\/em><\/p>\n<p style=\"text-align: justify; padding-left: 30px;\"><em>-Las primeras constituciones hispanoamericanas: el debate entre monarqu\u00eda y rep\u00fablica<\/em><\/p>\n<p style=\"padding-left: 30px;\"><em> <\/em><\/p>\n<p style=\"padding-left: 30px;\"><em>-La constituci\u00f3n de C\u00e1diz y su impacto en el constitucionalismo y la \u00a0independencia de la Am\u00e9rica Meridional.<\/em><\/p>\n<p style=\"padding-left: 30px;\"><em> <\/em><\/p>\n<p style=\"padding-left: 30px;\"><em>-Estudios comparados sobre las primeras constituciones<\/em><\/p>\n<p style=\"padding-left: 30px;\"><em> <\/em><\/p>\n<p style=\"padding-left: 30px;\"><em>-Constitucionalismo, ideario independentista y liberalismo<\/em><\/p>\n<p style=\"padding-left: 30px;\"><em> <\/em><\/p>\n<p style=\"padding-left: 30px;\"><em>-La igualdad y el problema social en las constituciones latinoamericanas<\/em><\/p>\n<p style=\"padding-left: 30px;\"><em> <\/em><\/p>\n<p style=\"padding-left: 30px;\"><em>-Federalismo y centralismo en las cartas magnas de Am\u00e9rica Latina.<\/em><\/p>\n<p style=\"padding-left: 30px;\"><em> <\/em><\/p>\n<p style=\"padding-left: 30px;\"><em>-La constituci\u00f3n bolivariana y su significaci\u00f3n.<\/em><\/p>\n<p style=\"padding-left: 30px;\"><em> <\/em><\/p>\n<p style=\"padding-left: 30px;\"><em>-El debate historiogr\u00e1fico sobre las constituciones y su papel en la historia de Am\u00e9rica Latina.<\/em><\/p>\n<p style=\"padding-left: 30px;\"><em>-Fetichismo e imaginario constitucional.<\/em><\/p>\n<p style=\"padding-left: 30px;\"><em> <\/em><\/p>\n<p style=\"padding-left: 30px;\"><em>-Constituciones paradigm\u00e1ticas en la historia de Am\u00e9rica Latina<\/em><\/p>\n<p style=\"padding-left: 30px;\"><em> <\/em><\/p>\n<p style=\"padding-left: 30px;\"><em>-El constitucionalismo y su papel en la historia latinoamericana y caribe\u00f1a<\/em><\/p>\n<p style=\"padding-left: 30px;\"><em><br \/>\n<\/em><\/p>\n<p style=\"text-align: justify;\"><em> <\/em><\/p>\n<p style=\"text-align: justify;\">Para formalizar su inscripci\u00f3n, los interesados deber\u00e1n enviar por <em>e. mail<\/em>, a los organizadores del coloquio, antes del 30 de noviembre de 2012, sus datos personales y un breve resumen de su ponencia, de uno o dos p\u00e1rrafos de extensi\u00f3n, en formato electr\u00f3nico.<\/p>\n<p style=\"text-align: justify;\">&nbsp;<\/p>\n<p style=\"text-align: justify;\">La cuota de inscripci\u00f3n para los ponentes extranjeros ser\u00e1 de 50.00 (CUC). (moneda convertible cubana), y para los estudiantes y observadores regir\u00e1 una tarifa especial de 25.00 (CUC); mientras que para los nacionales ser\u00e1 de 50.00 pesos moneda nacional (CUP) y la mitad para las otras categor\u00edas. Para los miembros de la ADHILAC rige una cuota especial del 50%. La acreditaci\u00f3n, tanto de ponentes como de observadores, se har\u00e1 en el propio evento.<\/p>\n<p style=\"text-align: justify;\">&nbsp;<\/p>\n<p style=\"text-align: justify;\">Durante el Coloquio Internacional <strong>\u201cBicentenario de las primeras constituciones latinoamericanas\u201d<\/strong>, los ponentes deber\u00e1n entregar en forma impresa y electr\u00f3nica el texto \u00edntegro de sus trabajos, el cual no deber\u00e1 exceder de 10 p\u00e1ginas, pues los expositores solo dispondr\u00e1n de 15 minutos para la presentaci\u00f3n de sus trabajos.\u00a0 El evento sesionar\u00e1 con mesas de trabajo organizadas por afinidad tem\u00e1tica, aunque tendr\u00e1n lugar tambi\u00e9n sesiones plenarias y conferencias.<\/p>\n<p style=\"text-align: justify;\">&nbsp;<\/p>\n<p style=\"text-align: justify;\">El acceso a Cuba puede realizarse a trav\u00e9s de las agencias de turismo que habitualmente realizan viajes a Cuba.<\/p>\n<p style=\"text-align: justify;\">&nbsp;<\/p>\n<p style=\"text-align: justify;\">Transportista Oficial: <strong>COPA AIRLINES<\/strong>, \u00a0<a title=\"http:\/\/WWW.COPAAIR.COM\" href=\"http:\/\/WWW.COPAAIR.COM\" target=\"_blank\"><\/a><a href=\"http:\/\/www.copaair.com\/\">http:\/\/www.copaair.com\/<\/a><\/p>\n<p style=\"text-align: justify;\">&nbsp;<\/p>\n<p style=\"text-align: justify;\">Para cualquier informaci\u00f3n adicional puede consultarse la pag. web de la ADHILAC (<a href=\"http:\/\/www.adhilac.com.ar\/\">www.adhilac.com.ar<\/a>) o comunicarse con el Dr. Sergio Guerra Vilaboy, presidente del Comit\u00e9 Organizador del Coloquio: <a href=\"mailto:serguev@ffh.uh.cu\">serguev@ffh.uh.cu<\/a> o <a href=\"mailto:serguev@ach.ohc.cu\">serguev@ach.ohc.cu<\/a> y el Dr. Oscar Loyola Vega, Secretario de Actividades Cient\u00edficas de la Secci\u00f3n Cubana de la ADHILAC (<a href=\"mailto:maximo@ffh.uh.cu\">maximo@ffh.uh.cu<\/a>)<\/p>\n<\/div>\n<p style=\"text-align: justify;\">&nbsp;<\/p>\n<p><strong>Publicado por ADHILAC Internacional \u00a9 www.adhilac.com.ar<\/strong><\/p>\n<p>Si Ud. desea asociarse de acuerdo a los Estatutos de ADHILAC\u00a0<a title=\"(ver)\" href=\"https:\/\/adhilac.com.ar\/?page_id=263\">(ver)<\/a> complete el formulario correspondiente\u00a0<a title=\"(Ver)\" href=\"https:\/\/adhilac.com.ar\/?page_id=4779\" target=\"_blank\">(ver)<\/a><\/p>\n<p>E-mail:\u00a0<a title=\"info@adhilac.com.ar\" href=\"info@adhilac.com.ar\" target=\"_blank\">info@adhilac.com.ar<\/a><strong> <\/strong><\/p>\n<p>Twitter: @AdhilacInfo<\/p>\n<p>&nbsp;<\/p>\n","protected":false},"excerpt":{"rendered":"<p>Segunda Circular 11 al 14 de diciembre de 2012 La Secci\u00f3n Cubana de la Asociaci\u00f3n de Historiadores Latinoamericanos y del Caribe (ADHILAC), convoca al Coloquio Internacional \u201cBicentenario de las primeras constituciones latinoamericanas\u201d, en el a\u00f1o en que se conmemoran los doscientos a\u00f1os de las primeras constituciones de los pa\u00edses latinoamericanos. En 1812 se aprobaron las [&hellip;]<\/p>\n","protected":false},"author":37,"featured_media":0,"comment_status":"closed","ping_status":"closed","sticky":false,"template":"","format":"standard","meta":{"_crdt_document":"","footnotes":""},"categories":[18,3,5],"tags":[214,60,63],"class_list":["post-6748","post","type-post","status-publish","format-standard","hentry","category-adhilac-cuba","category-adhilac-inter","category-congresos","tag-constitucion-de-cadiz","tag-constituciones","tag-cuba"],"_links":{"self":[{"href":"https:\/\/adhilac.com.ar\/index.php?rest_route=\/wp\/v2\/posts\/6748","targetHints":{"allow":["GET"]}}],"collection":[{"href":"https:\/\/adhilac.com.ar\/index.php?rest_route=\/wp\/v2\/posts"}],"about":[{"href":"https:\/\/adhilac.com.ar\/index.php?rest_route=\/wp\/v2\/types\/post"}],"author":[{"embeddable":true,"href":"https:\/\/adhilac.com.ar\/index.php?rest_route=\/wp\/v2\/users\/37"}],"replies":[{"embeddable":true,"href":"https:\/\/adhilac.com.ar\/index.php?rest_route=%2Fwp%2Fv2%2Fcomments&post=6748"}],"version-history":[{"count":10,"href":"https:\/\/adhilac.com.ar\/index.php?rest_route=\/wp\/v2\/posts\/6748\/revisions"}],"predecessor-version":[{"id":6854,"href":"https:\/\/adhilac.com.ar\/index.php?rest_route=\/wp\/v2\/posts\/6748\/revisions\/6854"}],"wp:attachment":[{"href":"https:\/\/adhilac.com.ar\/index.php?rest_route=%2Fwp%2Fv2%2Fmedia&parent=6748"}],"wp:term":[{"taxonomy":"category","embeddable":true,"href":"https:\/\/adhilac.com.ar\/index.php?rest_route=%2Fwp%2Fv2%2Fcategories&post=6748"},{"taxonomy":"post_tag","embeddable":true,"href":"https:\/\/adhilac.com.ar\/index.php?rest_route=%2Fwp%2Fv2%2Ftags&post=6748"}],"curies":[{"name":"wp","href":"https:\/\/api.w.org\/{rel}","templated":true}]}}