{"id":6773,"date":"2012-08-29T09:13:54","date_gmt":"2012-08-29T12:13:54","guid":{"rendered":"https:\/\/adhilac.com.ar\/?p=6773"},"modified":"2012-11-22T07:09:13","modified_gmt":"2012-11-22T10:09:13","slug":"la-constitucion-gaditana-de-1812-y-sus-repercusiones-en-america","status":"publish","type":"post","link":"https:\/\/adhilac.com.ar\/?p=6773","title":{"rendered":"La Constituci\u00f3n gaditana de 1812 y sus repercusiones en Am\u00e9rica. Alberto Gull\u00f3n Abao y Antonio Guti\u00e9rrez Escudero"},"content":{"rendered":"<h3><span style=\"color: #339966;\"><img loading=\"lazy\" decoding=\"async\" class=\"alignleft\" src=\"http:\/\/www.marcialpons.es:8080\/img\/portadas\/9788498283426.jpg\" alt=\"La Constituci\u00f3n gaditana de 1812 y sus repercusiones en Am\u00e9rica\" width=\"126\" height=\"180\" \/> <strong>Universidad de C\u00e1diz, 2012, dos tomos <\/strong>ISBN 9788498283426<\/span><\/h3>\n<p style=\"text-align: justify;\">Se publican las actas de un nuevo evento constitucional que, bajo el t\u00edtulo \u00abLa Constituci\u00f3n Gaditana de 1812 y sus repercusiones en Am\u00e9rica\u00bb y abierto a toda la comunidad cient\u00edfica y universitaria, se desarroll\u00f3 en C\u00e1diz en septiembre de 2009, donde se reuni\u00f3 a historiadores americanistas de ambos lados del Atl\u00e1ntico para llevar a cabo un debate extenso y profundo en torno a la coyuntura constitucional de 812. Asimismo se analizaron los efectos, consecuencias e infl uencias que la Constituci\u00f3n gaditana tuvo tanto en el continente americano como en el europeo.<\/p>\n<p style=\"text-align: justify;\"><!--more--><\/p>\n<p style=\"text-align: justify;\"><strong>\u00cdndice Volumen I<\/strong><\/p>\n<p style=\"text-align: justify;\"><em>Presentaci\u00f3n de los Coordinadores<\/em> Alberto J. Gull\u00f3n Abao. Universidad de C\u00e1diz.\u00a0Antonio Guti\u00e9rrez Escudero. Consejo Superior de Investigaciones Cient\u00edficas.<\/p>\n<p style=\"text-align: justify;\"><strong>L\u00ednea tem\u00e1tica<\/strong><br \/>\n<strong>Situaci\u00f3n de Am\u00e9rica y Espa\u00f1a a fines del per\u00edodo colonial<br \/>\n<\/strong><\/p>\n<p style=\"text-align: justify;\">Emma S\u00e1nchez Monta\u00f1ez<br \/>\n<em>Vivir en el fin del mundo. El asentamiento espa\u00f1ol en Nootka a finales del siglo XVIII<\/em><\/p>\n<p style=\"text-align: justify;\">Mar\u00eda del Carmen Barcia<br \/>\n<em>Una ciudad entre conflictos. La Habana entre 1808 y 1812<\/em><\/p>\n<p style=\"text-align: justify;\">Mar\u00eda \u00a0\u00c1ngeles G\u00e1lvez Ruiz<br \/>\n<em>La movilidad del funcionariado indiano ante las \u00abcr\u00edticas circunstancias\u00bb de la insurgencia<\/em><\/p>\n<p style=\"text-align: justify;\">Carmen Borrego<br \/>\n<em>Santa Marta a finales del XVIII: \u00abDe la nada al ser\u00bb<\/em><\/p>\n<p style=\"text-align: justify;\">Montserrat Dom\u00ednguez Ortega<br \/>\n<em>Padres y abuelos: los or\u00edgenes hispanos en la independencia de Nueva Granada<\/em><\/p>\n<p style=\"text-align: justify;\">Carlos Sixirei Paredes<br \/>\n<em>Participaci\u00f3n gallega en los conflictos preindependentistas del R\u00edo de la Plata<\/em><\/p>\n<p style=\"text-align: justify;\">Enrique V. de Mora<br \/>\nQuir\u00f3s <em>Reformismo borb\u00f3nico y factor religioso en la Espa\u00f1a \u00a0preconstitucional<\/em><\/p>\n<p style=\"text-align: justify;\">Mar\u00eda del Mar Barrientos M\u00e1rquez<br \/>\n<em>Los americanos en el C\u00e1diz de finales del siglo XVIII<\/em><\/p>\n<p style=\"text-align: justify;\">Mar\u00eda Dolores Herrero Gil<br \/>\n<em>De los negocios a la pol\u00edtica: C\u00e1diz, escenario constitucional<\/em><\/p>\n<p style=\"text-align: justify;\">Paloma Ruiz Vega<br \/>\n<em>El sulfato de quinina en las fiebres intermitentes tercianas por el gaditano<\/em> <em>Jos\u00e9 Fern\u00e1ndez Cruzado<\/em><\/p>\n<p style=\"text-align: justify;\"><strong>L\u00ednea tem\u00e1tica<\/strong><br \/>\n<strong><em>Los movimientos juntistas en Am\u00e9rica y los antecedentes constitucionales<\/em><\/strong><\/p>\n<p style=\"text-align: justify;\">Franklin W. Knight<br \/>\n<em>Ideas revolucionarias en la era de las revoluciones<\/em><\/p>\n<p style=\"text-align: justify;\">Sergio Guerra Vilaboy<br \/>\n<em>Algunas consideraciones sobre el inicio de las luchas independentistas en Hispanoam\u00e9rica<\/em><\/p>\n<p style=\"text-align: justify;\">Arturo Sorhegui D\u00b4Mares<br \/>\n<em>Los dos liberalismos: el hispano y el americano ante el juntismo y la Constituci\u00f3n (1808-1814)<\/em><\/p>\n<p style=\"text-align: justify;\">Luis Navarro Garc\u00eda<br \/>\n<em>La agitaci\u00f3n pol\u00edtica en M\u00e9xico, 1808-1810<\/em><\/p>\n<p style=\"text-align: justify;\">Jorge Enrique El\u00edas Caro<br \/>\n<em>Santa Marta, al amparo del Rey y las Cortes de C\u00e1diz (1810-1815)<\/em><\/p>\n<p style=\"text-align: justify;\">Juan Ignacio Vargas Ezquerra<br \/>\n<em>Los cabildos constitucionales del Per\u00fa (1812-1814)<\/em><\/p>\n<p style=\"text-align: justify;\">Ligia Berbes\u00ed de Salazar<br \/>\n<em>De la Junta Central Gubernativa del Reino a la Constituci\u00f3n de C\u00e1diz: alianzas y disidencias. Venezuela, 1808-1812<\/em><\/p>\n<p style=\"text-align: justify;\">Bego\u00f1a Cava Mesa<br \/>\n<em>Fidelismo y emancipaci\u00f3n: en torno a la figura de don Mart\u00edn de Alzaga<\/em><\/p>\n<p style=\"text-align: justify;\">Beatriz Carolina Crisorio<br \/>\n<em>Belgrano: del reformismo ilustrado a la Revoluci\u00f3n<\/em><\/p>\n<p style=\"text-align: justify;\"><strong>L\u00ednea tem\u00e1tica<\/strong><br \/>\n<strong>Los diputados americanos en las Cortes<\/strong><\/p>\n<p style=\"text-align: justify;\">Inmaculada Sim\u00f3n<br \/>\n<em>Elecciones poblanas para diputados en Cortes. Espacio burocr\u00e1tico contra espacio eclesi\u00e1stico e ind\u00edgena: 1810-181<\/em><\/p>\n<p style=\"text-align: justify;\">Francisco J. Rodr\u00edguez Guti\u00e9rrez<br \/>\n<em>Jos\u00e9 Miguel Ramos Arizpe, de s\u00fabdito a ciudadano. Documentos, 1808-1822<\/em><\/p>\n<p style=\"text-align: justify;\">Mario Trujillo<br \/>\n<em>La presencia de los diputados novohispanos en las Cortes de C\u00e1diz 1809-1812<\/em><\/p>\n<p style=\"text-align: justify;\">Manuel de Jes\u00fas Benavides Barquero<br \/>\n<em>El presb\u00edtero Florencio Castillo. Visi\u00f3n de las Cortes de C\u00e1diz desde una provincia perif\u00e9rica<\/em><\/p>\n<p style=\"text-align: justify;\">Mar\u00eda Isabel Paredes Vera<br \/>\n<em>Francisco Javier Caro de Torquemada, diputado dominicano en las Cortes Ordinarias de C\u00e1diz (1813-1814): sus ra\u00edces sevillanas<\/em><\/p>\n<p style=\"text-align: justify;\">Roberto Cass\u00e1<br \/>\n<em>La representaci\u00f3n de Santo Domingo a las Cortes de C\u00e1diz<\/em><\/p>\n<p style=\"text-align: justify;\">Delfina Fern\u00e1ndez Pascua<br \/>\n<em>Ram\u00f3n Power y la demanda que, sin alterar el \u00abstatus pol\u00edtico\u00bb, convirti\u00f3 a Puerto Rico en el primer pueblo de Am\u00e9rica en mejorar sus instituciones<\/em><\/p>\n<p style=\"text-align: justify;\">Carmen Mart\u00ednez Mart\u00edn<br \/>\n<em>El ilustrado criollo Miguel de Lastarria en las Cortes de C\u00e1diz<\/em><\/p>\n<p style=\"text-align: justify;\">Jorge N\u00fa\u00f1ez S\u00e1nchez<br \/>\n<em>Las ideas sociales y pol\u00edticas del diputado Jos\u00e9 Mej\u00eda\u00a0 Lequerica<\/em><\/p>\n<p style=\"text-align: justify;\">Alicia Castellanos<br \/>\n<em>Representantes de Filipinas en las Cortes de C\u00e1diz<\/em><\/p>\n<p style=\"text-align: justify;\"><strong> <\/strong><\/p>\n<p style=\"text-align: justify;\"><em> <\/em><\/p>\n<p style=\"text-align: justify;\"><em> <\/em><\/p>\n<p style=\"text-align: justify;\"><em> <\/em><\/p>\n<p style=\"text-align: justify;\">&nbsp;<\/p>\n<p style=\"text-align: justify;\"><strong>\u00cdndice Volumen II<\/strong><\/p>\n<p style=\"text-align: justify;\"><strong>L\u00ednea tem\u00e1tica<\/strong><br \/>\n<strong>La impronta de la Constituci\u00f3n de C\u00e1diz en Am\u00e9rica<\/strong><\/p>\n<p style=\"text-align: justify;\">Magdalena Guerrero Cano<br \/>\n<em>Promulgaci\u00f3n de la Constituci\u00f3n de 1812 en Santo Domingo y el gobierno del capit\u00e1n general<\/em> <em>Carlos de Urrutia<\/em><br \/>\nIstv\u00e1n Szaszdi<br \/>\n<em>La restauraci\u00f3n de la Constituci\u00f3n de C\u00e1diz en la isla de Puerto Rico durante el trienio liberal<\/em><\/p>\n<p style=\"text-align: justify;\">Carlos Arnulfo Rojas Salazar<br \/>\n<em>Aplicaci\u00f3n de la Constituci\u00f3n de C\u00e1diz en la gobernaci\u00f3n de Popay\u00e1n, Nuevo Reino de Granada<\/em><\/p>\n<p style=\"text-align: justify;\">Roberto\u00a0 Gonz\u00e1lez Arana y Edwin Monsalvo Mendoza<br \/>\n<em>La independencia de Cartagena y la Constitucion gaditana<\/em><\/p>\n<p style=\"text-align: justify;\">Enrique\u00a0 Hern\u00e1ndez Sierra<br \/>\n<em>Significado y reacci\u00f3n de Montevideo ante la aprobaci\u00f3n de la Constituci\u00f3n de C\u00e1diz<\/em><\/p>\n<p style=\"text-align: justify;\">Alejandra Pasino<br \/>\n<em>Las impugnaciones a las Cortes de C\u00e1diz en el R\u00edo de la Plata revolucionario a trav\u00e9s de la recepci\u00f3n de El Espa\u00f1ol de Jose Mar\u00eda Blanco White (1810-1812)<\/em><\/p>\n<p style=\"text-align: justify;\">Mar\u00eda Teresa Aguirre Covarrubias<br \/>\n<em>La Constituci\u00f3n gaditana y su influencia en las constituciones mexicanas<\/em><\/p>\n<p style=\"text-align: justify;\">Antonio Colomer Viadel<br \/>\n<em>La soberan\u00eda popular en el constitucionalismo iberoamericano y la influencia de la Constituci\u00f3n de C\u00e1diz<\/em><\/p>\n<p style=\"text-align: justify;\"><em> <\/em><br \/>\nRa\u00fal Mel\u00e9ndez Mora<br \/>\n<em>La Constituci\u00f3n de C\u00e1diz de 1812. Su influencia en la formaci\u00f3n de la \u00a0tradici\u00f3n jur\u00eddica venezolana, interpretada a trav\u00e9s de la lectura de \u00a0cuatro documentos<\/em><\/p>\n<p style=\"text-align: justify;\">Yolanda Bernal Pel\u00e1ez<br \/>\n<em>Las Cortes de C\u00e1diz traspasan fronteras<\/em><\/p>\n<p style=\"text-align: justify;\">Mar\u00eda Pilar Guti\u00e9rrez Lorenzo y Rafael Diego Fern\u00e1ndez<br \/>\n<em>El r\u00e9gimen de intendencias bajo el orden constitucional gaditano<\/em><\/p>\n<p style=\"text-align: justify;\"><strong>L\u00ednea tem\u00e1tica<\/strong><br \/>\n<strong>La tem\u00e1tica americana y los excluidos ante la Constituci\u00f3n gaditana<\/strong><\/p>\n<p style=\"text-align: justify;\">Enriqueta Vila Vilar<br \/>\n<em>La gran omisi\u00f3n de la Constituci\u00f3n de 1812<\/em><\/p>\n<p style=\"text-align: justify;\">Isabel Mar\u00eda\u00a0 Povea Moreno<br \/>\n<em>Entre la ret\u00f3rica y la disuasi\u00f3n. Defensores e impugnadores del sistema mitayo en Huancavelica y en las Cortes de C\u00e1diz<\/em><\/p>\n<p style=\"text-align: justify;\">Gloria de los \u00c1ngeles Zarza Rond\u00f3n<br \/>\n<em>La exclusi\u00f3n de las castas en las Cortes de C\u00e1diz: un estado de la cuesti\u00f3n<\/em><\/p>\n<p style=\"text-align: justify;\">Jairdilson Da Paz Silva y Francisco Reverte Mar\u00edn<br \/>\n<em>La Constituci\u00f3n de C\u00e1diz, la portuguesa de 1822 y la imperial de Brasil: perspectiva de los derechos fundamentales y la cuesti\u00f3n de los excluidos<\/em><\/p>\n<p style=\"text-align: justify;\">Carmen Laura Paz Reverol, Morelva Leal Jerez\u00a0 y Johnny Alarc\u00f3n Fuentes<br \/>\n<em>Las pol\u00edticas dirigidas hacia los goajiros durante las Cortes de C\u00e1diz<\/em><\/p>\n<p style=\"text-align: justify;\">Mar\u00eda Dolores P\u00e9rez Murillo<br \/>\n<em>Exclusi\u00f3n y resistencia a trav\u00e9s del cine latinoamericano<\/em><\/p>\n<p style=\"text-align: justify;\">Presentaci\u00f3n de los Coordinadores<br \/>\nOlga Portuondo e Ismael Sarmiento<br \/>\n<em>La Constituci\u00f3n gaditana y el negro en Cuba<\/em><\/p>\n<p style=\"text-align: justify;\"><strong>L\u00ednea tem\u00e1tica<\/strong><br \/>\n<strong>Imagen, representaci\u00f3n y simbolog\u00eda de la Constituci\u00f3n en Am\u00e9rica.<\/strong><br \/>\n<strong>Estudios historiogr\u00e1ficos<\/strong><\/p>\n<p style=\"text-align: justify;\">Carlos Reyero<br \/>\n<em>Am\u00e9rica o la Espa\u00f1a del otro hemisferio. La iconograf\u00eda dual de la naci\u00f3n en la Constituci\u00f3n de C\u00e1diz<\/em><\/p>\n<p style=\"text-align: justify;\">Jos\u00e9 Joaqu\u00edn Rodr\u00edguez Moreno<br \/>\n<em>El c\u00f3mic como herramienta pedag\u00f3gica para el estudio de la Guerra de Independencia espa\u00f1ola y la Constituci\u00f3n de 1812<\/em><\/p>\n<p style=\"text-align: justify;\">Mar\u00eda Isabel Gonz\u00e1lez del Campo<br \/>\n<em>La Regencia, las Cortes de C\u00e1diz y Am\u00e9rica, en la colecci\u00f3n G\u00f3mez de Arteche de la Biblioteca del Senado<\/em><\/p>\n<p style=\"text-align: justify;\">Viviana\u00a0 Conti y Dionila Baldiviezo<br \/>\n<em>S\u00edmbolos de resistencia e independencia americana<\/em><\/p>\n<p style=\"text-align: justify;\">Eva Bravo Garc\u00eda<br \/>\n<em>Las ideas ling\u00fc\u00edsticas en Am\u00e9rica a partir de 1812<\/em><\/p>\n<p style=\"text-align: justify;\">Gabriela Dalla-Corte Caballero<br \/>\n<em>Memoria y pol\u00edtica en la conmemoraci\u00f3n de los centenarios: proyectos catalanes de uni\u00f3n hispanoamericana (1908 a 1912)<\/em><\/p>\n<p style=\"text-align: justify;\">Pilar Cagiao Vila<br \/>\n<em>Visiones del centenario. Miradas espa\u00f1olas al mundo americano: estado de la cuesti\u00f3n y propuestas de investigaci\u00f3n<\/em><\/p>\n<p style=\"text-align: justify;\">Manuel Andr\u00e9s Garc\u00eda<br \/>\n<em>De la realidad y su transmisi\u00f3n: la historia frente a los bicentenarios<\/em><\/p>\n<p style=\"text-align: justify;\"><strong> <\/strong><\/p>\n<p style=\"text-align: justify;\"><strong>Publicado por ADHILAC Internacional \u00a9 www.adhilac.com.ar<\/strong><\/p>\n<p style=\"text-align: justify;\">Si Ud. desea asociarse de acuerdo a los Estatutos de ADHILAC\u00a0<a title=\"(ver)\" href=\"https:\/\/adhilac.com.ar\/?page_id=263\">(ver)<\/a> complete el formulario correspondiente\u00a0<a title=\"(Ver)\" href=\"https:\/\/adhilac.com.ar\/?page_id=4779\" target=\"_blank\">(ver)<\/a><\/p>\n<p style=\"text-align: justify;\">E-mail:\u00a0<a title=\"info@adhilac.com.ar\" href=\"info@adhilac.com.ar\" target=\"_blank\">info@adhilac.com.ar<\/a><strong> <\/strong><\/p>\n<p style=\"text-align: justify;\">Twitter: @AdhilacInfo<\/p>\n","protected":false},"excerpt":{"rendered":"<p>Universidad de C\u00e1diz, 2012, dos tomos ISBN 9788498283426 Se publican las actas de un nuevo evento constitucional que, bajo el t\u00edtulo \u00abLa Constituci\u00f3n Gaditana de 1812 y sus repercusiones en Am\u00e9rica\u00bb y abierto a toda la comunidad cient\u00edfica y universitaria, se desarroll\u00f3 en C\u00e1diz en septiembre de 2009, donde se reuni\u00f3 a historiadores americanistas de [&hellip;]<\/p>\n","protected":false},"author":2,"featured_media":0,"comment_status":"closed","ping_status":"closed","sticky":false,"template":"","format":"standard","meta":{"_crdt_document":"","footnotes":""},"categories":[40,7],"tags":[60,37],"class_list":["post-6773","post","type-post","status-publish","format-standard","hentry","category-informaciones","category-publicac-info","tag-constituciones","tag-cortes-de-cadiz"],"_links":{"self":[{"href":"https:\/\/adhilac.com.ar\/index.php?rest_route=\/wp\/v2\/posts\/6773","targetHints":{"allow":["GET"]}}],"collection":[{"href":"https:\/\/adhilac.com.ar\/index.php?rest_route=\/wp\/v2\/posts"}],"about":[{"href":"https:\/\/adhilac.com.ar\/index.php?rest_route=\/wp\/v2\/types\/post"}],"author":[{"embeddable":true,"href":"https:\/\/adhilac.com.ar\/index.php?rest_route=\/wp\/v2\/users\/2"}],"replies":[{"embeddable":true,"href":"https:\/\/adhilac.com.ar\/index.php?rest_route=%2Fwp%2Fv2%2Fcomments&post=6773"}],"version-history":[{"count":17,"href":"https:\/\/adhilac.com.ar\/index.php?rest_route=\/wp\/v2\/posts\/6773\/revisions"}],"predecessor-version":[{"id":6786,"href":"https:\/\/adhilac.com.ar\/index.php?rest_route=\/wp\/v2\/posts\/6773\/revisions\/6786"}],"wp:attachment":[{"href":"https:\/\/adhilac.com.ar\/index.php?rest_route=%2Fwp%2Fv2%2Fmedia&parent=6773"}],"wp:term":[{"taxonomy":"category","embeddable":true,"href":"https:\/\/adhilac.com.ar\/index.php?rest_route=%2Fwp%2Fv2%2Fcategories&post=6773"},{"taxonomy":"post_tag","embeddable":true,"href":"https:\/\/adhilac.com.ar\/index.php?rest_route=%2Fwp%2Fv2%2Ftags&post=6773"}],"curies":[{"name":"wp","href":"https:\/\/api.w.org\/{rel}","templated":true}]}}