{"id":6787,"date":"2012-08-30T13:25:34","date_gmt":"2012-08-30T16:25:34","guid":{"rendered":"https:\/\/adhilac.com.ar\/?p=6787"},"modified":"2012-09-09T07:50:31","modified_gmt":"2012-09-09T10:50:31","slug":"suspension-de-las-x-jornadas-nacionales-vii-latinoamericanas-del-grupo-de-trabajo-hacer-la-historia","status":"publish","type":"post","link":"https:\/\/adhilac.com.ar\/?p=6787","title":{"rendered":"Suspensi\u00f3n de las X Jornadas Nacionales VII Latinoamericanas del Grupo de Trabajo Hacer La Historia."},"content":{"rendered":"<h3><span style=\"color: #339966;\">Luj\u00e1n &#8211;\u00a0Octubre 2012<\/span><\/h3>\n<p><span style=\"color: #339966;\"><br \/>\n<\/span><\/p>\n<div style=\"text-align: justify;\">Por razones de fuerza mayor referidas a la realizaci\u00f3n de un evento anual de alcance nacional como es la peregrinaci\u00f3n que convoca alrededor de un mill\u00f3n de personas a realizarse\u00a0en la ciudad de Luj\u00e1n durante los d\u00edas 6 y 7 de octubre coincidente con la fecha de nuestras Jornadas nos vemos en la necesidad de suspender la realizaci\u00f3n de las mismas.<\/div>\n<div style=\"text-align: justify;\"><!--more--><\/div>\n<div style=\"text-align: justify;\">Motiva esta decisi\u00f3n la incapacidad de infraestructura para movilidad local de los numerosos participantes de las Jornadas as\u00ed como dificultad para el transporte por las rutas nacionales y provinciales de acceso a la ciudad y del alojamiento de contingentes estudiantiles de distintas universidades de nuestro pa\u00eds que ya hab\u00edan comprometido su participaci\u00f3n en las Jornadas. Desde las direcciones de turismo, deportes y tr\u00e1nsito de la ciudad desaconsejan realizar nuestro evento en esa fecha.<\/div>\n<div style=\"text-align: justify;\">Lamentamos vernos en la obligaci\u00f3n de tener que suspender las Jornadas hasta nuevo aviso en que las condiciones sean propicias.<\/div>\n<div style=\"text-align: justify;\">Dada la altura del a\u00f1o y otros compromisos ya asumidos por algunos coordinadores y expositores informamos que la convocatoria de las mismas ser\u00e1 trasladada para la primera parte del pr\u00f3ximo a\u00f1o. La fecha ser\u00e1 definida con debida antelaci\u00f3n.<\/div>\n<div style=\"text-align: justify;\">Agradecemos a todos los coordinadores de Talleres, a los expositores y participantes estudiantiles y docentes que han brindado desinteresadamente su aporte acad\u00e9mico para mantener el buen \u00e9xito de las jornadas, a la vez que les pedimos sepan disculpar el inconveniente que esta situaci\u00f3n nos ha provocado a todos.<\/div>\n<div style=\"text-align: justify;\">Por el Comit\u00e9 Acad\u00e9mico<\/div>\n<div style=\"text-align: justify;\">Irma Antognazzi \u2013 Juli\u00e1n Kan.\u00a0\u00a0Direcci\u00f3n del Grupo de Trabajo Hacer la Historia<\/div>\n<div style=\"text-align: justify;\">Francisco Pestanha Universidad Nacional de Lan\u00fas<\/div>\n<div style=\"text-align: justify;\">Bibiana Andreucci Universidad Nacional de Luj\u00e1n.<\/div>\n<div style=\"text-align: justify;\">Buenos Aires, 25 de agosto de 2012.<\/div>\n<div style=\"text-align: justify;\"><strong>Por favor difundir ampliamente esta informaci\u00f3n a todos los interesados. Gracias.<\/strong><\/div>\n<p><strong>Publicado por ADHILAC Internacional \u00a9 www.adhilac.com.ar<\/strong><\/p>\n<p>Si Ud. desea asociarse de acuerdo a los Estatutos de ADHILAC\u00a0<a title=\"(ver)\" href=\"https:\/\/adhilac.com.ar\/?page_id=263\">(ver)<\/a> complete el formulario correspondiente\u00a0<a title=\"(Ver)\" href=\"https:\/\/adhilac.com.ar\/?page_id=4779\" target=\"_blank\">(ver)<\/a><\/p>\n<p>E-mail:\u00a0<a title=\"info@adhilac.com.ar\" href=\"info@adhilac.com.ar\" target=\"_blank\">info@adhilac.com.ar<\/a><strong> <\/strong><\/p>\n<p>Twitter: @AdhilacInfo<\/p>\n<p>&nbsp;<\/p>\n","protected":false},"excerpt":{"rendered":"<p>Luj\u00e1n &#8211;\u00a0Octubre 2012 Por razones de fuerza mayor referidas a la realizaci\u00f3n de un evento anual de alcance nacional como es la peregrinaci\u00f3n que convoca alrededor de un mill\u00f3n de personas a realizarse\u00a0en la ciudad de Luj\u00e1n durante los d\u00edas 6 y 7 de octubre coincidente con la fecha de nuestras Jornadas nos vemos en [&hellip;]<\/p>\n","protected":false},"author":2,"featured_media":0,"comment_status":"closed","ping_status":"closed","sticky":false,"template":"","format":"standard","meta":{"_crdt_document":"","footnotes":""},"categories":[5,40],"tags":[334],"class_list":["post-6787","post","type-post","status-publish","format-standard","hentry","category-congresos","category-informaciones","tag-historia-contemporanea"],"_links":{"self":[{"href":"https:\/\/adhilac.com.ar\/index.php?rest_route=\/wp\/v2\/posts\/6787","targetHints":{"allow":["GET"]}}],"collection":[{"href":"https:\/\/adhilac.com.ar\/index.php?rest_route=\/wp\/v2\/posts"}],"about":[{"href":"https:\/\/adhilac.com.ar\/index.php?rest_route=\/wp\/v2\/types\/post"}],"author":[{"embeddable":true,"href":"https:\/\/adhilac.com.ar\/index.php?rest_route=\/wp\/v2\/users\/2"}],"replies":[{"embeddable":true,"href":"https:\/\/adhilac.com.ar\/index.php?rest_route=%2Fwp%2Fv2%2Fcomments&post=6787"}],"version-history":[{"count":13,"href":"https:\/\/adhilac.com.ar\/index.php?rest_route=\/wp\/v2\/posts\/6787\/revisions"}],"predecessor-version":[{"id":6857,"href":"https:\/\/adhilac.com.ar\/index.php?rest_route=\/wp\/v2\/posts\/6787\/revisions\/6857"}],"wp:attachment":[{"href":"https:\/\/adhilac.com.ar\/index.php?rest_route=%2Fwp%2Fv2%2Fmedia&parent=6787"}],"wp:term":[{"taxonomy":"category","embeddable":true,"href":"https:\/\/adhilac.com.ar\/index.php?rest_route=%2Fwp%2Fv2%2Fcategories&post=6787"},{"taxonomy":"post_tag","embeddable":true,"href":"https:\/\/adhilac.com.ar\/index.php?rest_route=%2Fwp%2Fv2%2Ftags&post=6787"}],"curies":[{"name":"wp","href":"https:\/\/api.w.org\/{rel}","templated":true}]}}