{"id":6812,"date":"2013-03-22T05:22:16","date_gmt":"2013-03-22T08:22:16","guid":{"rendered":"https:\/\/adhilac.com.ar\/?p=6812"},"modified":"2013-03-26T05:20:34","modified_gmt":"2013-03-26T08:20:34","slug":"bicentenario-del-congreso-de-viena-xi-encuentro-internacional-de-la-asociacion-de-historiadores-latinoamericanos-y-del-caribe-adhilac-viena-austria-2014","status":"publish","type":"post","link":"https:\/\/adhilac.com.ar\/?p=6812","title":{"rendered":"XI Encuentro Internacional de la Asociaci\u00f3n de  Historiadores Latinoamericanos y del Caribe (ADHILAC). Viena, Austria. 2014"},"content":{"rendered":"<h3 style=\"text-align: justify;\"><span style=\"color: #339966;\"><a href=\"https:\/\/adhilac.com.ar\/wp-content\/uploads\/2012\/11\/LogoADHILAC-Twitter.jpg\"><img loading=\"lazy\" decoding=\"async\" class=\"size-full wp-image-7264 alignleft\" title=\"LogoADHILAC-Twitter\" src=\"https:\/\/adhilac.com.ar\/wp-content\/uploads\/2012\/11\/LogoADHILAC-Twitter.jpg\" alt=\"\" width=\"150\" height=\"150\" srcset=\"https:\/\/adhilac.com.ar\/wp-content\/uploads\/2012\/11\/LogoADHILAC-Twitter.jpg 227w, https:\/\/adhilac.com.ar\/wp-content\/uploads\/2012\/11\/LogoADHILAC-Twitter-150x150.jpg 150w\" sizes=\"auto, (max-width: 150px) 100vw, 150px\" \/><\/a>El Congreso de Viena y su\u00a0dimensi\u00f3n\u00a0global. <\/span><span style=\"color: #339966;\">Homenaje al Profesor Manfred Kossok<\/span><\/h3>\n<p style=\"text-align: justify;\"><strong>Viena (Austria) del 18 al 23 de septiembre de 2014<\/strong><\/p>\n<p style=\"text-align: justify;\">CONVOCATORIA<\/p>\n<p style=\"text-align: justify;\"><strong>EL CONGRESO DE VIENA Y SU DIMENSI\u00d3N GLOBAL<\/strong><\/p>\n<p style=\"text-align: justify;\"><strong>Presentaci\u00f3n<\/strong><\/p>\n<p style=\"text-align: justify;\">La Asociaci\u00f3n de Historiadores Latinoamericanos y del Caribe (ADHILAC) y la Sociedad de Estudios de Am\u00e9rica Continental y del Caribe, KONAK VIENA, con la participaci\u00f3n del Instituto de Historia Ib\u00e9rica y Latinoamericana de la Universidad de Colonia (Alemania) y el Centro de Estudios Inter-Americanos de la Universidad de Graz (Austria), invitan a los miembros de la ADHILAC y a la comunidad acad\u00e9mica internacional de diferentes disciplinas hist\u00f3ricas interesados(as) en presentar sus investigaciones y reflexiones sobre aspectos relacionados con el Congreso de Viena y su dimensi\u00f3n global, a doscientos a\u00f1os de su celebraci\u00f3n, tema central de discusi\u00f3n en el XI Encuentro Internacional de la ADHILAC, el cual se realizar\u00e1 en la ciudad de Viena (Austria), del 18 al 23 de septiembre del a\u00f1o 2014. Durante el congreso la ADHILAC celebrar\u00e1 tambi\u00e9n su Asamblea General, en el 40 aniversario de su fundaci\u00f3n.<!--more--><\/p>\n<p style=\"text-align: justify;\">&nbsp;<\/p>\n<p style=\"text-align: justify;\"><strong>Objetivos<\/strong><\/p>\n<p style=\"text-align: justify;\">Todav\u00eda algunos historiadores definen al Congreso de Viena como un acontecimiento de impacto exclusivamente europeo despu\u00e9s de la Revoluci\u00f3n Francesa y la derrota de Napole\u00f3n. Partiendo de las importantes aportaciones de las obras del historiador alem\u00e1n Manfred Kossok (1930-1993), el congreso de Viena fue, al contrario, un acontecimiento de resonancia global. En ese contexto, las Am\u00e9ricas jugaron un papel sobresaliente que se debe destacar. El Congreso de Viena, sus siguientes reuniones y la Santa Alianza trataron las Guerras de la Independencia en Iberoam\u00e9rica como una pregunta por separado, la llamada \u201cPregunta de Sudam\u00e9rica\u201d y en consideraci\u00f3n aparte, \u201cla pregunta del Brasil\u201d. La pol\u00edtica restaurada del Congreso de Viena intent\u00f3 la reconquista de las nuevas rep\u00fablicas del continente americano para exterminar el \u201cvirus\u201d del republicanismo y liberalismo, temiendo que \u201cla revoluci\u00f3n en las Am\u00e9ricas\u201d condujera a una \u201crevoluci\u00f3n en Europa\u201d. Sin duda la independencia de Estados Unidos al igual que la Revoluci\u00f3n Francesa y su continuaci\u00f3n como la \u201cGran Guerra Francesa\u201d, unido a la Revoluci\u00f3n Haitiana y la abolici\u00f3n de la trata y la propia esclavitud, influyeron fuertemente en los acontecimientos hist\u00f3ricos tanto en las Am\u00e9ricas como en \u00c1frica y Asia. El encuentro internacional en Viena tiene como objetivo analizar el impacto internacional del Congreso de Viena, con especial \u00e9nfasis en el mundo no-europeo, con el fin de generar nuevas perspectivas anal\u00edticas y de conocimiento.<\/p>\n<p style=\"text-align: justify;\">&nbsp;<\/p>\n<p style=\"text-align: justify;\"><strong>Metodolog\u00eda<\/strong><\/p>\n<p style=\"text-align: justify;\">El CONGRESO DE VIENA Y SU DIMENSION GLOBAL se realizar\u00e1 con la modalidad de mesas tem\u00e1ticas con ponencias individuales, seguidas de una sesi\u00f3n de preguntas y con la opci\u00f3n de comentarios. Tambi\u00e9n se organizar\u00e1n conferencias centrales a cargo de conferencistas invitados. Adem\u00e1s, habr\u00e1 presentaciones de afiches, discusiones generales y mesas redondas.<\/p>\n<p style=\"text-align: justify;\">&nbsp;<\/p>\n<p style=\"text-align: justify;\"><strong>Mesas tem\u00e1ticas<\/strong><\/p>\n<p style=\"text-align: justify;\">Para participar como ponente y\/o para proponer mesas tem\u00e1ticas los interesados deben enviar el t\u00edtulo de la ponencia y un resumen con una extensi\u00f3n m\u00e1xima de 250 palabras, ya sea en espa\u00f1ol, portugu\u00e9s, ingl\u00e9s o alem\u00e1n a la direcci\u00f3n de correo: <a title=\"conviena2014@konak-wien.org\" href=\"conviena2014@konak-wien.org\" target=\"_blank\">conviena2014@konak-wien.org<\/a><\/p>\n<p style=\"text-align: justify;\">Las siguientes son algunas propuestas tem\u00e1ticas:<\/p>\n<p style=\"text-align: justify;\">\u2022\u00a01. Influencias europeas en el espacio americano bajo aspectos pol\u00edticos, econ\u00f3micos, religiosos y cient\u00edficos desde 1770 hasta el Congreso de Viena.<\/p>\n<p style=\"text-align: justify;\">\u2022\u00a02. Formas pol\u00edticas y econ\u00f3micas de resistencia en las colonias iberoamericanas en v\u00edsperas de la independencia de 1775 a 1808.<\/p>\n<p style=\"text-align: justify;\">\u2022\u00a03. Independencia, republicanismo y liberalismo en los Estados Unidos de 1783 a 1814 y sus consecuencias para las Am\u00e9ricas y Europa.<\/p>\n<p style=\"text-align: justify;\">\u2022\u00a04. Las econom\u00edas mercantilistas y pre-capitalistas en el noreste europeo y sus intereses en el Atl\u00e1ntico del Sur y Norte con anterioridad al congreso de Viena.<\/p>\n<p style=\"text-align: justify;\">\u2022\u00a05. La pol\u00edtica espa\u00f1ola de alianzas y sus repercusiones para el espacio americano y atl\u00e1ntico de 1795 a 1807.<\/p>\n<p style=\"text-align: justify;\">\u2022\u00a06. La revoluci\u00f3n haitiana, el fin de la esclavitud, y la decadencia del colonialismo franc\u00e9s en Am\u00e9rica 1791-1814<\/p>\n<p style=\"text-align: justify;\">\u2022\u00a07. La revoluci\u00f3n francesa y su impacto y percepci\u00f3n en las Am\u00e9ricas.<\/p>\n<p style=\"text-align: justify;\">\u2022\u00a08. La pol\u00edtica colonialista de Gran Breta\u00f1a en Am\u00e9rica a fines del siglo XVIII y principios del XIX.<\/p>\n<p style=\"text-align: justify;\">\u2022\u00a09. Portugal como reino brasile\u00f1o con el apoyo de Gran Breta\u00f1a, 1807-1815.<\/p>\n<p style=\"text-align: justify;\">\u2022\u00a010. La abolici\u00f3n de la esclavitud por Inglaterra en 1807 y la proscripci\u00f3n de la trata de esclavos en el congreso de Viena 1815.<\/p>\n<p style=\"text-align: justify;\">\u2022\u00a011. La guerra britano-americana de 1812 a 1815Lugares hist\u00f3ricos de los movimientos de resistencia y guerras de independencia en Iberoam\u00e9rica.<\/p>\n<p style=\"text-align: justify;\">\u2022\u00a012. La percepci\u00f3n de los levantamientos americanos en el congreso de Viena.<\/p>\n<p style=\"text-align: justify;\">\u2022\u00a013. Imagen del congreso de Viena en las Am\u00e9ricas.<\/p>\n<p style=\"text-align: justify;\">\u2022\u00a014. Ciudades hanse\u00e1ticas y sus intereses comerciales en la \u201cAm\u00e9rica revolucionaria\u201d.<\/p>\n<p style=\"text-align: justify;\">\u2022 15. Mercenarios y capitales europeos en las guerras de independencia de Am\u00e9rica.<\/p>\n<p style=\"text-align: justify;\">\u2022\u00a016. El papel de los nuevos estados independientes en las Am\u00e9ricas.<\/p>\n<p style=\"text-align: justify;\">\u2022\u00a017. La guerra de los Estados Unidos contra los Estados Berberiscos, 1801-1805 y 1815<\/p>\n<p style=\"text-align: justify;\">\u2022\u00a018. Organizaci\u00f3n y desarrollo del Congreso de Viena: nuevas estructuras para un nuevo orden mundial.<\/p>\n<p style=\"text-align: justify;\">\u2022\u00a019. La reorganizaci\u00f3n de las colonias europeas partiendo de la paz de Paris y el Congreso de Viena.<\/p>\n<p style=\"text-align: justify;\">\u2022 20. Estado pontificio y sus intereses en las Am\u00e9ricas como consecuencia del Congreso de Viena.<\/p>\n<p style=\"text-align: justify;\">\u2022 21. Los nuevos prop\u00f3sitos de la diplomacia moderna a causa del Congreso de Viena.<\/p>\n<p style=\"text-align: justify;\">\u2022\u00a022. La b\u00fasqueda de una reglamentaci\u00f3n a largo plazo para la asignaci\u00f3n de territorios.<\/p>\n<p style=\"text-align: justify;\">\u2022\u00a023. La oposici\u00f3n inglesa-rusa y la posici\u00f3n de Prusia y Austria ante la pregunta de Sudam\u00e9rica.<\/p>\n<p style=\"text-align: justify;\">\u2022\u00a024. Reflexiones sobre un derecho internacional en el Congreso de Viena. La pregunta de la legalidad.<\/p>\n<p style=\"text-align: justify;\">\u2022\u00a025. La pol\u00edtica de mediaci\u00f3n de la Santa Alianza y sus intereses en las Am\u00e9ricas, 1815-1830.<\/p>\n<p style=\"text-align: justify;\">\u2022\u00a026. El papel de la Santa Alianza en la lucha entre Espa\u00f1a y Portugal por la Banda Oriental del Uruguay.<\/p>\n<p style=\"text-align: justify;\">\u2022\u00a027. Masoner\u00eda y logias secretas en el contexto de las guerras de independencia en la \u00e9poca del Congreso de Viena.<\/p>\n<p style=\"text-align: justify;\">\u2022\u00a028. La contrarrevoluci\u00f3n espa\u00f1ola y las consecuencias para las colonias americanas.<\/p>\n<p style=\"text-align: justify;\">\u2022\u00a029. Los intereses legitimistas de Austria en las Am\u00e9ricas en la \u00e9poca del Congreso de Viena.<\/p>\n<p style=\"text-align: justify;\">\u2022\u00a030. Luchas y rivalidades por el dominio de los mercados en las Am\u00e9ricas.<\/p>\n<p style=\"text-align: justify;\">\u2022\u00a031. Las disputas econ\u00f3micas, pol\u00edticas, diplom\u00e1ticas, ideol\u00f3gicas y de poder entre las grandes potencias en el continente americano.<\/p>\n<p style=\"text-align: justify;\">\u2022\u00a032. La expansi\u00f3n de los Estados Unidos de Am\u00e9rica y su influencia en la independencia iberoamericana.<\/p>\n<p style=\"text-align: justify;\">\u2022\u00a033. Gran Colombia y su pol\u00edtica hacia los gobiernos europeos, 1821-1830.<\/p>\n<p style=\"text-align: justify;\">\u2022\u00a034. La crisis pol\u00edtica de la Santa Alianza frente a la Am\u00e9rica espa\u00f1ola y sus estados sucesores.<\/p>\n<p style=\"text-align: justify;\">\u2022\u00a035. Papel y objetivos de la doctrina Monroe y del congreso de Panam\u00e1.<\/p>\n<p style=\"text-align: justify;\">\u2022 36. Las relaciones de Prusia con las nuevas rep\u00fablicas en las Am\u00e9ricas, 1824-1830.<\/p>\n<p style=\"text-align: justify;\">\u2022 37.\u00a0\u00a0Del Reino Unido al Imperio: el reconocimiento de Brasil en Europa, 1822-1830.<\/p>\n<p style=\"text-align: justify;\">\u2022\u00a038. El reconocimiento europeo de los nuevos estados hispanoamericanos y Hait\u00ed.<\/p>\n<p style=\"text-align: justify;\">\u2022\u00a039. La pol\u00edtica de Estados Unidos con relaci\u00f3n a la situaci\u00f3n de Cuba y Puerto Rico.<\/p>\n<p style=\"text-align: justify;\">\u2022 40.\u00a0La repercusi\u00f3n del cambio pol\u00edtico sobre el sistema de restauraci\u00f3n y equilibrio de Europa.<\/p>\n<p style=\"text-align: justify;\">\u2022 41.\u00a0Los congresos de Aquisgr\u00e1n, Opava, Liubliana y Verona y la cuesti\u00f3n de la Santa Alianza en Sudam\u00e9rica.<\/p>\n<p style=\"text-align: justify;\">\u2022 42.\u00a0La deformaci\u00f3n sociopol\u00edtica y econ\u00f3mica del desarrollo latinoamericano tras la independencia.<\/p>\n<p style=\"text-align: justify;\">\u2022 43.\u00a0El Congreso de Viena y sus lecciones para los problemas del mundo hoy.<\/p>\n<p style=\"text-align: justify;\">\u2022 44.\u00a0El Congreso de Viena y las reflexiones historiogr\u00e1ficas.<\/p>\n<p style=\"text-align: justify;\">&nbsp;<\/p>\n<p style=\"text-align: justify;\">Las tem\u00e1ticas propuestas no excluyen otros temas de importancia vinculados a los objetivos generales y especiales del Congreso, como nuevas preocupaciones y aspectos de importancia en las reflexiones cient\u00edficas contempor\u00e1neas.<\/p>\n<p style=\"text-align: justify;\">&nbsp;<\/p>\n<p style=\"text-align: justify;\"><strong>Participaci\u00f3n<\/strong><\/p>\n<p style=\"text-align: justify;\">Para participar como ponente u observador en este evento internacional, los interesados deben enviar a la direcci\u00f3n de correo electr\u00f3nico<\/p>\n<p style=\"text-align: justify;\"><a title=\"conviena2014@konak-wien.org\" href=\"conviena2014@konak-wien.org\" target=\"_blank\">conviena2014@konak-wien.org<\/a><\/p>\n<p style=\"text-align: justify;\">&nbsp;<\/p>\n<p style=\"text-align: justify;\">El resumen debe tener la siguiente informaci\u00f3n:<\/p>\n<p style=\"text-align: justify;\">1. Datos personales (nombre y apellido, direcci\u00f3n postal y correo electr\u00f3nico)<\/p>\n<p style=\"text-align: justify;\">2. Datos profesionales (grado acad\u00e9mico y pertenencia institucional\/Universidad)<\/p>\n<p style=\"text-align: justify;\">3. T\u00edtulo de la ponencia, mesa tem\u00e1tica elegida, y un resumen de hasta 250 palabras, que se recibir\u00e1 hasta el 20 mayo de 2014.<\/p>\n<p style=\"text-align: justify;\">4. La ponencia completa debe ser enviada hasta el 30 de junio de 2014, en formato Word, doble espacio y m\u00e1ximo 20 cuartillas, incluyendo la bibliograf\u00eda.<\/p>\n<p style=\"text-align: justify;\"><em>Quien no cumpla con la fecha no podr\u00e1 ser incluido en las memorias del evento.<\/em><\/p>\n<p style=\"text-align: justify;\">&nbsp;<\/p>\n<p style=\"text-align: justify;\"><strong>Inscripci\u00f3n<\/strong><\/p>\n<p style=\"text-align: justify;\">Precios de participaci\u00f3n:<\/p>\n<p style=\"text-align: justify;\">&#8211;\tMiembros de la ADHILAC \t\t\t\t\t\tEUR \u00a0 80<\/p>\n<p style=\"text-align: justify;\">&#8211;\tMiembros de la KONAK \u00a0 \u00a0\t\t\t\t\t\tEUR \u00a0 80<\/p>\n<p style=\"text-align: justify;\">&#8211;\tPonentes de pa\u00edses de Asia, \u00c1frica y Am\u00e9rica Latina y el Caribe\t\tEUR 100<\/p>\n<p style=\"text-align: justify;\">&#8211; Ponentes de otros Pa\u00edses \u00a0 EUR 150<\/p>\n<p style=\"text-align: justify;\">&#8211;\tEstudiantes y Observadores\t\t\t\t\t\tEUR \u00a0 80<\/p>\n<p style=\"text-align: justify;\">&nbsp;<\/p>\n<p style=\"text-align: justify;\"><strong>IMPORTANTE<\/strong><\/p>\n<p style=\"text-align: justify;\">La inscripci\u00f3n aumenta en un 15 % despu\u00e9s del 30 de Junio de 2014<\/p>\n<p style=\"text-align: justify;\">Consignar bajo del nombre \u201cCongreso de Viena\u201d a la siguiente cuenta corriente:<\/p>\n<p style=\"text-align: justify;\">N\u00ba: 02010019314<\/p>\n<p style=\"text-align: justify;\">Informaci\u00f3n e inscripciones:<\/p>\n<p style=\"text-align: justify;\">KonaK VienaBanco: BAWAG PSK (Austria) N\u00ba 14000<\/p>\n<p style=\"text-align: justify;\">www.congresodeviena.at<\/p>\n<p style=\"text-align: justify;\">IBAN: AT491400002010019314<\/p>\n<p style=\"text-align: justify;\">office@konak-wien.org<\/p>\n<p style=\"text-align: justify;\">BIC\/SWIFT: BAWAATWW<\/p>\n<p style=\"text-align: justify;\">Tel\u00e9fono: (43) 1-941-08-78; Fax: (43) 1-941-08-78<\/p>\n<p style=\"text-align: justify;\">&nbsp;<\/p>\n<p style=\"text-align: justify;\"><strong>ORGANIZACI\u00d3N DEL EVENTO<\/strong><\/p>\n<p style=\"text-align: justify;\"><strong>Presidente del Congreso <\/strong><\/p>\n<p style=\"text-align: justify;\">Michael Zeuske, Universidad de Colonia, Alemania<\/p>\n<p style=\"text-align: justify;\"><strong>Vicepresidentes del Congreso<\/strong><\/p>\n<p style=\"text-align: justify;\">Gertrude Enderle Burcel, Archivo del Estado de Austria<\/p>\n<p style=\"text-align: justify;\">Christian Cwik, Universidad de Colonia, Alemania<\/p>\n<p style=\"text-align: justify;\"><strong>Presidente de la ADHILAC<\/strong><\/p>\n<p style=\"text-align: justify;\">Sergio Guerra Vilaboy, Universidad de La Habana, Cuba<\/p>\n<p style=\"text-align: justify;\"><strong>Secretario Ejecutivo de la ADHILAC<\/strong><\/p>\n<p style=\"text-align: justify;\">Jorge Enrique Elias Caro, Universidad del Magdalena, Colombia<\/p>\n<p style=\"text-align: justify;\"><strong>Coordinaci\u00f3n General<\/strong><\/p>\n<p style=\"text-align: justify;\">Paul Grohma, KonaK Viena<\/p>\n<p style=\"text-align: justify;\"><strong>COMIT\u00c9 CIENT\u00cdFICO<\/strong><\/p>\n<p style=\"text-align: justify;\">Rudolf Agstner, Ministerio de las Relaciones Exteriores de Austria<\/p>\n<p style=\"text-align: justify;\">Jorge Enrique El\u00edas Caro, Universidad del Magdalena, Colombia<\/p>\n<p style=\"text-align: justify;\">Juan Paz y Mi\u00f1o Cepeda, Pontificia Universidad Cat\u00f3lica. Quito, Ecuador<\/p>\n<p style=\"text-align: justify;\">Beatriz Carolina Crisorio, Universidad de Buenos Aires, Rep\u00fablica Argentina.<\/p>\n<p style=\"text-align: justify;\">\u00c1ngela Altagracia Fern\u00e1ndez, Universidad Aut\u00f3noma de Santo Domingo. Rep. Dominicana<\/p>\n<p style=\"text-align: justify;\">Roberto Gonz\u00e1lez Arana, Universidad del Norte. Barranquilla, Colombia<\/p>\n<p style=\"text-align: justify;\">Alberto Jos\u00e9 Gull\u00f3n Abao, Universidad de C\u00e1diz, Espa\u00f1a<\/p>\n<p style=\"text-align: justify;\">Franklin Knight, Johns Hopkins University, USA<\/p>\n<p style=\"text-align: justify;\">Jane Landers, Vanderbilt University, USA<\/p>\n<p style=\"text-align: justify;\">Alejo Maldonado Gallardo, Universidad Michoacana de San Nicol\u00e1s de Hidalgo. M\u00e9xico<\/p>\n<p style=\"text-align: justify;\">Juan Marchena Fern\u00e1ndez, Universidad Pablo de Olavide, Espa\u00f1a<\/p>\n<p style=\"text-align: justify;\">Lionel Mu\u00f1\u00f3z Paz, Universidad Central de Venezuela, Venezuela.<\/p>\n<p style=\"text-align: justify;\">Pedro Pablo Rodr\u00edguez, Centro de Estudios Martianos. Cuba<\/p>\n<p style=\"text-align: justify;\">Elizeth Payne Iglesias, Universidad de Costa Rica, Costa Rica<\/p>\n<p style=\"text-align: justify;\">Marcus Rediker, University of Pennsylvania, USA<\/p>\n<p style=\"text-align: justify;\">Reinhard Stauber, Universidad de Klagenfurt, Austria<\/p>\n<p style=\"text-align: justify;\">Claus Stolberg-F\u00fcllberg, Universidad de Hanover, Alemania<\/p>\n<p style=\"text-align: justify;\">Vera Lucia Vieira, Pontificia Universidad Cat\u00f3lica de San Pablo. Brasil<\/p>\n<p style=\"text-align: justify;\">&nbsp;<\/p>\n<p style=\"text-align: justify;\"><strong>COMIT\u00c9 ORGANIZADOR<\/strong><\/p>\n<p style=\"text-align: justify;\">Verena Muth, KonaK Viena, Austria<\/p>\n<p style=\"text-align: justify;\">Georg Schendl, Karl-Franzens-Universit\u00e4t de Graz, Austria<\/p>\n<p style=\"text-align: justify;\">Florian Kerschbaumer, Alpen-Adria-Universit\u00e4t \u00a0Klagenfurt, Austria<\/p>\n<p style=\"text-align: justify;\">Adriana Pombo, Universidad de Viena<\/p>\n<p style=\"text-align: justify;\">Rosa Hannreich-Echand\u00eda, Universidad de Viena<\/p>\n<p style=\"text-align: justify;\">Verena Bauer, KonaK Viena, Austria<\/p>\n<p style=\"text-align: justify;\">Florian Schwiegershausen, Universidad de Colonia<\/p>\n<p style=\"text-align: justify;\"><strong>Patrocinado por:<\/strong><\/p>\n<p style=\"text-align: justify;\">Universidad de Graz, Universidad de Viena, Universidad de Klagenfurt, Archivo de la Rep\u00fablica de Austria, Museo de las Ciencias Naturales, Universidad de Colonia, Urania Viena, Ciudad de Viena<\/p>\n<p style=\"text-align: justify;\">&nbsp;<\/p>\n<p><strong>Publicado por ADHILAC Internacional \u00a9 www.adhilac.com.ar<\/strong><\/p>\n<p>Si Ud. desea asociarse de acuerdo a los Estatutos de ADHILAC\u00a0<a title=\"(ver)\" href=\"https:\/\/adhilac.com.ar\/?page_id=263\">(ver)<\/a> complete el formulario correspondiente\u00a0<a title=\"(Ver)\" href=\"https:\/\/adhilac.com.ar\/?page_id=4779\" target=\"_blank\">(ver)<\/a><\/p>\n<p>E-mail:\u00a0<a title=\"info@adhilac.com.ar\" href=\"info@adhilac.com.ar\" target=\"_blank\">info@adhilac.com.ar<\/a><strong> <\/strong><\/p>\n<p>Twitter: @AdhilacInfo<\/p>\n<p>&nbsp;<\/p>\n","protected":false},"excerpt":{"rendered":"<p>El Congreso de Viena y su\u00a0dimensi\u00f3n\u00a0global. Homenaje al Profesor Manfred Kossok Viena (Austria) del 18 al 23 de septiembre de 2014 CONVOCATORIA EL CONGRESO DE VIENA Y SU DIMENSI\u00d3N GLOBAL Presentaci\u00f3n La Asociaci\u00f3n de Historiadores Latinoamericanos y del Caribe (ADHILAC) y la Sociedad de Estudios de Am\u00e9rica Continental y del Caribe, KONAK VIENA, con la [&hellip;]<\/p>\n","protected":false},"author":37,"featured_media":0,"comment_status":"closed","ping_status":"closed","sticky":false,"template":"","format":"standard","meta":{"_crdt_document":"","footnotes":""},"categories":[3,5,40],"tags":[14,340],"class_list":["post-6812","post","type-post","status-publish","format-standard","hentry","category-adhilac-inter","category-congresos","category-informaciones","tag-bicentenario","tag-congreso-de-viena"],"_links":{"self":[{"href":"https:\/\/adhilac.com.ar\/index.php?rest_route=\/wp\/v2\/posts\/6812","targetHints":{"allow":["GET"]}}],"collection":[{"href":"https:\/\/adhilac.com.ar\/index.php?rest_route=\/wp\/v2\/posts"}],"about":[{"href":"https:\/\/adhilac.com.ar\/index.php?rest_route=\/wp\/v2\/types\/post"}],"author":[{"embeddable":true,"href":"https:\/\/adhilac.com.ar\/index.php?rest_route=\/wp\/v2\/users\/37"}],"replies":[{"embeddable":true,"href":"https:\/\/adhilac.com.ar\/index.php?rest_route=%2Fwp%2Fv2%2Fcomments&post=6812"}],"version-history":[{"count":29,"href":"https:\/\/adhilac.com.ar\/index.php?rest_route=\/wp\/v2\/posts\/6812\/revisions"}],"predecessor-version":[{"id":7801,"href":"https:\/\/adhilac.com.ar\/index.php?rest_route=\/wp\/v2\/posts\/6812\/revisions\/7801"}],"wp:attachment":[{"href":"https:\/\/adhilac.com.ar\/index.php?rest_route=%2Fwp%2Fv2%2Fmedia&parent=6812"}],"wp:term":[{"taxonomy":"category","embeddable":true,"href":"https:\/\/adhilac.com.ar\/index.php?rest_route=%2Fwp%2Fv2%2Fcategories&post=6812"},{"taxonomy":"post_tag","embeddable":true,"href":"https:\/\/adhilac.com.ar\/index.php?rest_route=%2Fwp%2Fv2%2Ftags&post=6812"}],"curies":[{"name":"wp","href":"https:\/\/api.w.org\/{rel}","templated":true}]}}