{"id":701,"date":"2010-02-24T22:30:22","date_gmt":"2010-02-25T01:30:22","guid":{"rendered":"https:\/\/adhilac.com.ar\/?p=701"},"modified":"2012-07-29T19:01:00","modified_gmt":"2012-07-29T22:01:00","slug":"juan-jose-paz-y-mino","status":"publish","type":"post","link":"https:\/\/adhilac.com.ar\/?p=701","title":{"rendered":"Juan Jos\u00e9 Paz y Mi\u00f1o"},"content":{"rendered":"<h3><span style=\"color: #339966;\"><strong>Curriculum<\/strong><\/span><\/h3>\n<p><img loading=\"lazy\" decoding=\"async\" class=\"size-full wp-image-870 alignright\" title=\"JuanPyM-2008-1-2\" src=\"https:\/\/adhilac.com.ar\/wp-content\/uploads\/2010\/03\/JuanPyM-2008-1-2.jpg\" alt=\"JuanPyM-2008-1-2\" width=\"305\" height=\"380\" \/><\/p>\n<p style=\"text-align: justify;\">Ecuatoriano. Realiz\u00f3 sus estudios universitarios en la Pontificia Universidad Cat\u00f3lica del Ecuador (PUCE) obteniendo el t\u00edtulo de Licenciado en Ciencias Pol\u00edticas y Sociales en la Facultad de Jurisprudencia. Despu\u00e9s continu\u00f3 sus estudios en el postgrado de Historia de la misma Universidad, en la que obtuvo su t\u00edtulo de Doctor en Historia. Se vincul\u00f3 a la ADHILAC en el a\u00f1o 1983 y desde entonces ha participado en m\u00faltiples eventos acad\u00e9micos internacionales realizados por la instituci\u00f3n. Junto con otros colegas fue uno de los fundadores de la Asociaci\u00f3n de Historiadores Ecuatorianos (ADHIEC, 1984) que estuvo vinculada con ADHILAC por algunos a\u00f1os. Fue Presidente de la ADHIEC. En la actualidad es Vicepresidente de ADHILAC (2010).<\/p>\n<p style=\"text-align: justify;\">Tambi\u00e9n es Individuo de N\u00famero de la Academia Nacional de Historia del Ecuador y Miembro Correspondiente de la Real Academia de Historia de Espa\u00f1a, miembro de la Secci\u00f3n de Historia y Geograf\u00eda de la Casa de la Cultura del Ecuador, integrante del Grupo Manifiesto de Historia a Debate (Espa\u00f1a), miembro de la Asociaci\u00f3n Internacional de Historia Actual (AHA) con sede en Espa\u00f1a.<!--more--><\/p>\n<p style=\"text-align: justify;\">Ha participado en numerosos eventos acad\u00e9micos realizados en su pa\u00eds y ha sido invitado a congresos y otros encuentros acad\u00e9micos en el exterior. Ha visitado como ponente, investigador y profesor invitado universidades del Canad\u00e1, Estados Unidos, Europa y buena parte de los pa\u00edses de Am\u00e9rica Latina.<\/p>\n<p style=\"text-align: justify;\">Aunque sus c\u00e1tedras universitarias son Historia Econ\u00f3mica del Ecuador e Historia Econ\u00f3mica de Am\u00e9rica Latina, sus trabajos historiogr\u00e1ficos abordan una amplia tem\u00e1tica, pues ha publicado una serie de estudios sobre los partidos pol\u00edticos en Ecuador, el pensamiento filos\u00f3fico y pol\u00edtico del pa\u00eds, la Revoluci\u00f3n Liberal Ecuatoriana de 1895 y el papel cumplido por prestantes figuras liberales como Eloy Alfaro, Jos\u00e9 Peralta, Abelardo Moncayo, Juan Montalvo y otros, ha dedicado particular atenci\u00f3n a la historia social, con textos sobre la Revoluci\u00f3n Juliana de 1925, la historia del movimiento obrero ecuatoriano, las luchas ind\u00edgenas y otros movimientos de protesta y reivindicaci\u00f3n ciudadana. Ha sido reconocido como pionero en el desarrollo de la Historia Inmediata en su pa\u00eds. Entre sus \u00faltimas obras est\u00e1n: \u201cGolpe y Contragolpe. La Rebeli\u00f3n de Quito del 21 de Enero de 2000\u201d, \u201cDeuda Hist\u00f3rica e Historia Inmediata en Am\u00e9rica Latina\u201d, \u201cRemoviendo el Presente. Latinoamericanismo e Historia en Ecuador\u201d, \u201cAsamblea Constituyente y Econom\u00eda\u201d, as\u00ed como numerosas ponencias sobre historia econ\u00f3mica que pueden bajarse desde la p\u00e1gina web del <a title=\"\u201cTaller de Historia Econ\u00f3mica - THE\u201d &lt;http:\/\/puce.the.pazymino.com&gt;\" href=\"http:\/\/puce.the.pazymino.com\">\u201cTaller de Historia Econ\u00f3mica &#8211; THE\u201d http:\/\/puce.the.pazymino.com<\/a>, que est\u00e1 bajo su coordinaci\u00f3n.<\/p>\n<p style=\"text-align: justify;\">Algunos de sus trabajos est\u00e1n publicados en revistas y libros colectivos del exterior. Tambi\u00e9n es editorialista del diario p\u00fablico \u201cEl Tel\u00e9grafo\u201d y articulista en el Diario \u201cEl Comercio\u201d de Quito, pero ha colaborado en otros medios de comunicaci\u00f3n.<\/p>\n<p style=\"text-align: justify;\">En la actualidad se desempe\u00f1a como Secretario del Comit\u00e9 Ejecutivo del Bicentenario, creado por el gobierno del Presidente Rafael Correa para conmemorar el Bicentenario de la Revoluci\u00f3n de Quito (1808-1812) y particularmente el Primer Grito de Independencia del 10 de Agosto de 1809, con el que se inici\u00f3 el proceso de la independencia del actual Ecuador.<\/p>\n<p style=\"text-align: justify;\">&nbsp;<\/p>\n<p style=\"text-align: justify;\"><strong>Publicado por ADHILAC Internacional \u00a9 www.adhilac.com.ar<\/strong><\/p>\n<p style=\"text-align: justify;\">Si Ud. desea asociarse de acuerdo a nuestros Estatutos\u00a0<a title=\"(ver)\" href=\"https:\/\/adhilac.com.ar\/?page_id=263\">(ver)<\/a> complete el siguiente formulario<a title=\"(ver)\" href=\"https:\/\/adhilac.com.ar\/?page_id=3194\">(ver)<\/a><\/p>\n<p style=\"text-align: justify;\">E-mail: info@adhilac.com.ar<strong> <\/strong><\/p>\n<p style=\"text-align: justify;\">Twitter: @AdhilacInfo<\/p>\n<p style=\"text-align: justify;\"><strong><span style=\"color: #669966;\"><br \/>\n<\/span><\/strong><\/p>\n","protected":false},"excerpt":{"rendered":"<p>Curriculum Ecuatoriano. Realiz\u00f3 sus estudios universitarios en la Pontificia Universidad Cat\u00f3lica del Ecuador (PUCE) obteniendo el t\u00edtulo de Licenciado en Ciencias Pol\u00edticas y Sociales en la Facultad de Jurisprudencia. Despu\u00e9s continu\u00f3 sus estudios en el postgrado de Historia de la misma Universidad, en la que obtuvo su t\u00edtulo de Doctor en Historia. Se vincul\u00f3 a [&hellip;]<\/p>\n","protected":false},"author":2,"featured_media":0,"comment_status":"closed","ping_status":"closed","sticky":false,"template":"","format":"standard","meta":{"_crdt_document":"","footnotes":""},"categories":[32,3],"tags":[325],"class_list":["post-701","post","type-post","status-publish","format-standard","hentry","category-adhilac-ecuador","category-adhilac-inter","tag-curriculum"],"_links":{"self":[{"href":"https:\/\/adhilac.com.ar\/index.php?rest_route=\/wp\/v2\/posts\/701","targetHints":{"allow":["GET"]}}],"collection":[{"href":"https:\/\/adhilac.com.ar\/index.php?rest_route=\/wp\/v2\/posts"}],"about":[{"href":"https:\/\/adhilac.com.ar\/index.php?rest_route=\/wp\/v2\/types\/post"}],"author":[{"embeddable":true,"href":"https:\/\/adhilac.com.ar\/index.php?rest_route=\/wp\/v2\/users\/2"}],"replies":[{"embeddable":true,"href":"https:\/\/adhilac.com.ar\/index.php?rest_route=%2Fwp%2Fv2%2Fcomments&post=701"}],"version-history":[{"count":10,"href":"https:\/\/adhilac.com.ar\/index.php?rest_route=\/wp\/v2\/posts\/701\/revisions"}],"predecessor-version":[{"id":703,"href":"https:\/\/adhilac.com.ar\/index.php?rest_route=\/wp\/v2\/posts\/701\/revisions\/703"}],"wp:attachment":[{"href":"https:\/\/adhilac.com.ar\/index.php?rest_route=%2Fwp%2Fv2%2Fmedia&parent=701"}],"wp:term":[{"taxonomy":"category","embeddable":true,"href":"https:\/\/adhilac.com.ar\/index.php?rest_route=%2Fwp%2Fv2%2Fcategories&post=701"},{"taxonomy":"post_tag","embeddable":true,"href":"https:\/\/adhilac.com.ar\/index.php?rest_route=%2Fwp%2Fv2%2Ftags&post=701"}],"curies":[{"name":"wp","href":"https:\/\/api.w.org\/{rel}","templated":true}]}}