{"id":7051,"date":"2012-10-02T07:39:44","date_gmt":"2012-10-02T10:39:44","guid":{"rendered":"https:\/\/adhilac.com.ar\/?p=7051"},"modified":"2012-10-07T07:55:51","modified_gmt":"2012-10-07T10:55:51","slug":"historia-economica-mesas-del-ceeed-econ-2012-fce-uba-9-al-12-de-octubre","status":"publish","type":"post","link":"https:\/\/adhilac.com.ar\/?p=7051","title":{"rendered":"Historia Economica &#8211;  Mesas del CEEED &#8211; \u00abEcon 2012\u00bb FCE UBA -. 9 al 12 de octubre."},"content":{"rendered":"<h3 style=\"text-align: justify;\"><span style=\"color: #339966;\">VI Congreso Internacional de Econom\u00eda y Gesti\u00f3n \u201cEcon 2012\u201d\u00a09 al 12 de octubre de 2012<\/span><\/h3>\n<p style=\"text-align: justify;\">El Centro de Estudios Econ\u00f3micos de la Empresa y el Desarrollo (CEEED)\u00a0invita a participar en las tres Mesas que ha organizado en el marco del VI\u00a0Congreso Internacional de Econom\u00eda y Gesti\u00f3n \u201cEcon 2012\u201d a realizarse en\u00a0la Facultad de Ciencias Econ\u00f3micas de la UBA entre el 9 y el 12 de octubre\u00a0pr\u00f3ximos. A continuaci\u00f3n encontrar\u00e1n el detalle de cada una de ellas.<\/p>\n<p>Saludos Cordiales<\/p>\n<p style=\"text-align: justify;\"><strong>CEEED<\/strong><br \/>\nFacultad de Ciencias Econ\u00f3micas &#8211;\u00a0Universidad de Buenos Aires<!--more--><\/p>\n<p>VI Congreso Internacional de Econom\u00eda y Gesti\u00f3n \u201cEcon 2012\u201d\u00a09 al 12 de octubre de 2012<br \/>\nFacultad de Ciencias Econ\u00f3micas \u2013 UBA &#8211;\u00a0Av. C\u00f3rdoba 2122 &#8211; CABA<\/p>\n<p>Centro de Estudios Econ\u00f3micos de la Empresa y el Desarrollo (CEEED)<\/p>\n<p>1. Panel. Producci\u00f3n p\u00fablica de medicamentos en Argentina. Diferentes\u00a0perspectivas de an\u00e1lisis: econom\u00eda, farmacia, sociolog\u00eda e historia<\/p>\n<p>Mi\u00e9rcoles 10 de octubre de 13 a 15 horas. \u00a0Aula 16 \u2013 Facultad de Ciencias\u00a0Econ\u00f3micas \u2013 UBA.<br \/>\nPanelistas\u00a0Cristina Bramuglia (Facultad de Ciencias Sociales \/\u00a0Instituto de \u00a0Investigaciones Gino Germani \u2013 UBA)<br \/>\nCristina Godio (Instituto de \u00a0Investigaciones Gino Germani \u2013 UBA)<br \/>\nRosana Abrutzky (Instituto de \u00a0Investigaciones Gino Germani \u2013 UBA)<br \/>\nViviana Rom\u00e1n (CEEED \u2013 FCE &#8211; UBA)<br \/>\nModeradora: Mar\u00eda Teresa di Salvo (CEEED-FCE-UBA)<\/p>\n<p>2. Pol\u00edticas P\u00fablicas y econom\u00eda social<br \/>\nJueves 11 de octubre de 15 a 17. Aula 10 \u2013 Facultad de Ciencias Econ\u00f3micas\u00a0\u2013 UBA.<\/p>\n<p>Panelistas:<\/p>\n<p style=\"text-align: justify;\">Elisa Balsechi (Asesora de la Cooperativa R\u00edo Uruguay)\u00a0\u00abEn el proceso de la construcci\u00f3n de una econom\u00eda social y solidaria\u00bb<br \/>\nMaria di Salvo (CEEED- FCE-UBA)\u00a0\u201cExperiencias asociativas como estrategias de supervivencia de las ERT. El\u00a0caso de la Red Gr\u00e1fica Cooperativa\u201d<br \/>\nVer\u00f3nica Haddad (FCE-UBA, Consultora PNUD para el\u00a0Ministerio de Desarrollo Social de la Naci\u00f3n)<br \/>\n\u201cLa econom\u00eda social y solidaria, y las pol\u00edticas p\u00fablicas. Una mirada\u00a0desde la gesti\u00f3n Universitaria\u201d<br \/>\nGabriela Olivera (CONICET\/Universidad Nacional de C\u00f3rdoba)\u00a0\u201cPol\u00edticas p\u00fablicas y cooperativismo desde una perspectiva hist\u00f3rica\u201d<br \/>\nModeradora: Viviana Rom\u00e1n (CEEED-FCE-UBA)<\/p>\n<p>3. Planificaci\u00f3n estatal y sector industrial en Argentina<\/p>\n<p style=\"text-align: justify;\">Jueves 11 de octubre de 17 a 19 hs. Aula 10 \u2013 Facultad de Ciencias\u00a0Econ\u00f3micas \u2013 UBA.<\/p>\n<p>Mart\u00edn Stawski (AESIAL &#8211; CEEED &#8211; FCE &#8211; UBA\/\u00a0UNTREF)<br \/>\n\u201cDe Hacienda a Asuntos Econ\u00f3micos: las modificaciones del organismo\u00a0superior de pol\u00edtica econ\u00f3mica, 1930-1955\u201d<br \/>\nClaudio Castro (AESIAL \u2013 CEEED &#8211; FCE\u00a0\u2013 UBA)<br \/>\n\u201cEstrato gerencial, liderazgo e internacionalizaci\u00f3n. Siderca entre 1958 y\u00a01990\u201d<br \/>\nPatricia Jerez (AESIAL \u2013 CEEED &#8211; FCE\u00a0\u2013 UBA)<br \/>\n\u201cAlgunas reflexiones sobre el nivel de ocupaci\u00f3n y la productividad\u00a0laboral en la industria sider\u00fargica argentina entre 1976 y 1990\u201d<br \/>\nJos\u00e9 Mar\u00eda Banfi (Prof. Adjunto FCE-UBA)\u00a0\u201cEl caso de la empresa Servicio Gas Jun\u00edn S. A. 1993-2003\u201d<br \/>\nFernando del Corro (JTP \u2013 FCE \u2013 UBA)\u00a0\u201cConsideraciones en torno al Grito de Alcorta en su centenario\u201d<br \/>\nAn\u00edbal J\u00e1uregui (CEEED \u2013 IIEP &#8211; FCE \u2013 UBA)\u00a0\u201cPlanificaci\u00f3n econ\u00f3mica en la d\u00e9cada de 1960\u201d<br \/>\nCristina Rolandi (FCE-UBA)\u00a0\u201cLa inestabilidad institucional y el proceso de industrializaci\u00f3n por<br \/>\nsustituci\u00f3n de importaciones. 1955 \u2013 1976\u201d<br \/>\nModeradores: An\u00edbal J\u00e1uregui (CEEED \u2013\u00a0IIEP &#8211; FCE \u2013 UBA) y Marcelo Rougier (AESIAL \u2013\u00a0CEEED \u2013 IIEP \u2013 FCE \u2013 UBA).<\/p>\n<p><strong>Publicado por ADHILAC Internacional \u00a9 www.adhilac.com.ar<\/strong><\/p>\n<p>Si Ud. desea asociarse de acuerdo a los Estatutos de ADHILAC\u00a0<a title=\"(ver)\" href=\"https:\/\/adhilac.com.ar\/?page_id=263\">(ver)<\/a> complete el formulario correspondiente\u00a0<a title=\"(Ver)\" href=\"https:\/\/adhilac.com.ar\/?page_id=4779\" target=\"_blank\">(ver)<\/a><\/p>\n<p>E-mail:\u00a0<a title=\"info@adhilac.com.ar\" href=\"https:\/\/adhilac.com.ar\/info@adhilac.com.ar\" target=\"_blank\">info@adhilac.com.ar<\/a><strong> <\/strong><\/p>\n<p>Twitter: @AdhilacInfo<\/p>\n<p>&nbsp;<\/p>\n","protected":false},"excerpt":{"rendered":"<p>VI Congreso Internacional de Econom\u00eda y Gesti\u00f3n \u201cEcon 2012\u201d\u00a09 al 12 de octubre de 2012 El Centro de Estudios Econ\u00f3micos de la Empresa y el Desarrollo (CEEED)\u00a0invita a participar en las tres Mesas que ha organizado en el marco del VI\u00a0Congreso Internacional de Econom\u00eda y Gesti\u00f3n \u201cEcon 2012\u201d a realizarse en\u00a0la Facultad de Ciencias Econ\u00f3micas [&hellip;]<\/p>\n","protected":false},"author":2,"featured_media":0,"comment_status":"closed","ping_status":"closed","sticky":false,"template":"","format":"standard","meta":{"_crdt_document":"","footnotes":""},"categories":[5,40],"tags":[130],"class_list":["post-7051","post","type-post","status-publish","format-standard","hentry","category-congresos","category-informaciones","tag-historia-economica"],"_links":{"self":[{"href":"https:\/\/adhilac.com.ar\/index.php?rest_route=\/wp\/v2\/posts\/7051","targetHints":{"allow":["GET"]}}],"collection":[{"href":"https:\/\/adhilac.com.ar\/index.php?rest_route=\/wp\/v2\/posts"}],"about":[{"href":"https:\/\/adhilac.com.ar\/index.php?rest_route=\/wp\/v2\/types\/post"}],"author":[{"embeddable":true,"href":"https:\/\/adhilac.com.ar\/index.php?rest_route=\/wp\/v2\/users\/2"}],"replies":[{"embeddable":true,"href":"https:\/\/adhilac.com.ar\/index.php?rest_route=%2Fwp%2Fv2%2Fcomments&post=7051"}],"version-history":[{"count":1,"href":"https:\/\/adhilac.com.ar\/index.php?rest_route=\/wp\/v2\/posts\/7051\/revisions"}],"predecessor-version":[{"id":7052,"href":"https:\/\/adhilac.com.ar\/index.php?rest_route=\/wp\/v2\/posts\/7051\/revisions\/7052"}],"wp:attachment":[{"href":"https:\/\/adhilac.com.ar\/index.php?rest_route=%2Fwp%2Fv2%2Fmedia&parent=7051"}],"wp:term":[{"taxonomy":"category","embeddable":true,"href":"https:\/\/adhilac.com.ar\/index.php?rest_route=%2Fwp%2Fv2%2Fcategories&post=7051"},{"taxonomy":"post_tag","embeddable":true,"href":"https:\/\/adhilac.com.ar\/index.php?rest_route=%2Fwp%2Fv2%2Ftags&post=7051"}],"curies":[{"name":"wp","href":"https:\/\/api.w.org\/{rel}","templated":true}]}}