{"id":7067,"date":"2012-10-10T15:54:32","date_gmt":"2012-10-10T18:54:32","guid":{"rendered":"https:\/\/adhilac.com.ar\/?p=7067"},"modified":"2012-11-14T12:56:02","modified_gmt":"2012-11-14T15:56:02","slug":"bicentenario-juramento-de-la-primera-junta-de-gobierno-en-buenos-aires","status":"publish","type":"post","link":"https:\/\/adhilac.com.ar\/?p=7067","title":{"rendered":"Mariano Moreno. Juramento de la Primera Junta de Gobierno en Buenos Aires."},"content":{"rendered":"<h3><span style=\"color: #339966;\"><a href=\"https:\/\/adhilac.com.ar\/wp-content\/uploads\/2012\/10\/MarianoMoreno.jpg\"><img loading=\"lazy\" decoding=\"async\" class=\"alignleft size-full wp-image-7068\" title=\"MarianoMoreno\" src=\"https:\/\/adhilac.com.ar\/wp-content\/uploads\/2012\/10\/MarianoMoreno.jpg\" alt=\"\" width=\"130\" height=\"142\" \/><\/a>La jura de la Junta de Gobierno Provisoria<\/span><\/h3>\n<p><span style=\"color: #000000;\">Mariano Moreno<\/span><\/p>\n<p><em>La Gaceta de Buenos Aires.<\/em> 7 de junio de 1810<\/p>\n<p style=\"text-align: justify;\"><span style=\"text-align: justify;\">Nada se presenta m\u00e1s magn\u00edfico a la consideraci\u00f3n del hombre fil\u00f3sofo, que el espect\u00e1culo de un pueblo que elige, sin tumultos, personas que merecen su confianza y a quienes encarga el cuidado de su gobierno. Buenos Aires hab\u00eda dado una lecci\u00f3n al mundo entero por la madurez y moderaci\u00f3n con que en el Congreso general se examinaron las grandes cuestiones que iban a decidir de su suerte, y el feliz resultado de tan respetable asamblea produjo la augusta ceremonia del juramento solemne, en que se estrecharon los v\u00ednculos para la religiosa observancia de lo que la pluralidad hab\u00eda sancionado.<\/span><\/p>\n<p style=\"text-align: justify;\"><!--more--><\/p>\n<p style=\"text-align: justify;\">Dos tardes seguidas apenas bastaron para recibir los votos de los funcionarios p\u00fablicos e incorporaciones m\u00e1s respetables.<\/p>\n<p style=\"text-align: justify;\">El eclesi\u00e1stico, el regular, el militar, el togado, el empleado, el vecino, todos concurrieron a jurar la firmeza y estabilidad de la nueva obra, porque todos reconocieron la justicia, confesaron su necesidad y vieron el inter\u00e9s com\u00fan \u00edntimamente unido al particular de sus personas.<\/p>\n<p style=\"text-align: justify;\">Las almas sensibles desfallec\u00edan con la novedad de una impresi\u00f3n dulc\u00edsima, a que no estaban acostumbrados, un numeroso cuadro de tropas en quienes la ternura ocupaba el lugar de la ferocidad que los distingui\u00f3 en los combates: la existencia de los oficiales de la marina inglesa y principales individuos de su comercio, el prelado de la Iglesia y jefes de todas las corporaciones p\u00fablicas, alternando con los nuevos representantes del pueblo y dando a \u00e9ste, desde los balcones de las casas consistoriales, una prueba nada equ\u00edvoca de la sinceridad de sus sentimientos: el estruendo de la artiller\u00eda aumentado por las aclamaciones y vivas de veinte mil espectadores; la salva de los buques ingleses que celebraban una funci\u00f3n que sus jefes estaban admirando; el conjunto de mil sucesos grandes; todo produc\u00eda la ternura, la confianza, las esperanzas m\u00e1s seguras, y elevando las almas de los j\u00f3venes, arrancaba l\u00e1grimas a los viejos, para quienes dej\u00f3 de ser terrible la muerte, despu\u00e9s de haber visto un d\u00eda tan glorioso. La f\u00f3rmula del juramento fue la siguiente:<\/p>\n<p style=\"text-align: justify; padding-left: 30px;\">\u00ab\u00bfJur\u00e1is a Dios nuestro Se\u00f1or y estos Santos Evangelios, reconocer la Junta Provisional Gubernativa del R\u00edo de la Plata, a nombre del se\u00f1or Don Fernando VII, y para guarda de sus augustos derechos; obedecer sus \u00f3rdenes y decretos; y no atentar directa ni indirectamente contra su autoridad, propendiendo p\u00fablica y privadamente a su seguridad y respeto?\u00bb<\/p>\n<p style=\"text-align: justify;\">Todos juraron; y todos morir\u00e1n, antes que quebranten la sagrada obligaci\u00f3n que se han impuesto.<\/p>\n<p style=\"text-align: justify;\">El d\u00eda 30 del pasado hubo misa de gracias, y se cant\u00f3\u00a0Tedeum en la Santa Catedral. El doble objeto de celebrarse el d\u00eda de nuestro augusto monarca Don Fernando VII y la instalaci\u00f3n de la Junta redobl\u00f3 la celebridad de la fiesta a que concurrieron todas las corporaciones, jefes y vecindario, pasando despu\u00e9s a la real fortaleza, al besamanos, que principi\u00f3 la Real Audiencia y continuaron por su orden los dem\u00e1s cuerpos civiles y jefes del ej\u00e9rcito, concurriendo igualmente a aquel acto el Excmo. se\u00f1or Don Baltasar Hidalgo de Cisneros.<\/p>\n<p>Mariano Moreno: Doctrina democr\u00e1tica, \u00a0Ricardo Rojas editor. Librer\u00eda La Facultad de Juan Rold\u00e1n, 1915.<\/p>\n<p><strong>Publicado por ADHILAC Internacional \u00a9 www.adhilac.com.ar<br \/>\n<\/strong>Si Ud. desea asociarse de acuerdo a los Estatutos de ADHILAC\u00a0<a title=\"(ver)\" href=\"https:\/\/adhilac.com.ar\/?page_id=263\">(ver<\/a>) complete el siguiente formulario\u00a0<a title=\"(ver)\" href=\"https:\/\/spreadsheets.google.com\/spreadsheet\/viewform?formkey=dEkxOS1SY2hRdHFpSVdfdFRzb0RINEE6MQ\">(ver<\/a>)<\/p>\n<p>E-mail: info@adhilac.com.ar<br \/>\nTwitter: @AdhilacInfo<\/p>\n","protected":false},"excerpt":{"rendered":"<p>La jura de la Junta de Gobierno Provisoria Mariano Moreno La Gaceta de Buenos Aires. 7 de junio de 1810 Nada se presenta m\u00e1s magn\u00edfico a la consideraci\u00f3n del hombre fil\u00f3sofo, que el espect\u00e1culo de un pueblo que elige, sin tumultos, personas que merecen su confianza y a quienes encarga el cuidado de su gobierno. [&hellip;]<\/p>\n","protected":false},"author":6,"featured_media":0,"comment_status":"closed","ping_status":"closed","sticky":false,"template":"","format":"standard","meta":{"_crdt_document":"","footnotes":""},"categories":[8],"tags":[346,36],"class_list":["post-7067","post","type-post","status-publish","format-standard","hentry","category-fuentes-testimonios","tag-movimiento-juntista","tag-provincias-unidas-del-rio-de-la-plata"],"_links":{"self":[{"href":"https:\/\/adhilac.com.ar\/index.php?rest_route=\/wp\/v2\/posts\/7067","targetHints":{"allow":["GET"]}}],"collection":[{"href":"https:\/\/adhilac.com.ar\/index.php?rest_route=\/wp\/v2\/posts"}],"about":[{"href":"https:\/\/adhilac.com.ar\/index.php?rest_route=\/wp\/v2\/types\/post"}],"author":[{"embeddable":true,"href":"https:\/\/adhilac.com.ar\/index.php?rest_route=\/wp\/v2\/users\/6"}],"replies":[{"embeddable":true,"href":"https:\/\/adhilac.com.ar\/index.php?rest_route=%2Fwp%2Fv2%2Fcomments&post=7067"}],"version-history":[{"count":8,"href":"https:\/\/adhilac.com.ar\/index.php?rest_route=\/wp\/v2\/posts\/7067\/revisions"}],"predecessor-version":[{"id":7308,"href":"https:\/\/adhilac.com.ar\/index.php?rest_route=\/wp\/v2\/posts\/7067\/revisions\/7308"}],"wp:attachment":[{"href":"https:\/\/adhilac.com.ar\/index.php?rest_route=%2Fwp%2Fv2%2Fmedia&parent=7067"}],"wp:term":[{"taxonomy":"category","embeddable":true,"href":"https:\/\/adhilac.com.ar\/index.php?rest_route=%2Fwp%2Fv2%2Fcategories&post=7067"},{"taxonomy":"post_tag","embeddable":true,"href":"https:\/\/adhilac.com.ar\/index.php?rest_route=%2Fwp%2Fv2%2Ftags&post=7067"}],"curies":[{"name":"wp","href":"https:\/\/api.w.org\/{rel}","templated":true}]}}