{"id":7081,"date":"2012-10-10T16:54:58","date_gmt":"2012-10-10T19:54:58","guid":{"rendered":"https:\/\/adhilac.com.ar\/?p=7081"},"modified":"2012-11-14T12:55:13","modified_gmt":"2012-11-14T15:55:13","slug":"mariano-moreno-la-importancia-de-las-bibliotecas-publicas-buenos-aires-1810","status":"publish","type":"post","link":"https:\/\/adhilac.com.ar\/?p=7081","title":{"rendered":"Mariano Moreno: La importancia de las bibliotecas p\u00fablicas. Buenos Aires. 1810."},"content":{"rendered":"<h3><span style=\"color: #339966;\"><a href=\"https:\/\/adhilac.com.ar\/wp-content\/uploads\/2012\/10\/CNBA-sepia.jpg\"><img loading=\"lazy\" decoding=\"async\" class=\"alignleft size-full wp-image-7083\" title=\"CNBA sepia\" src=\"https:\/\/adhilac.com.ar\/wp-content\/uploads\/2012\/10\/CNBA-sepia.jpg\" alt=\"\" width=\"374\" height=\"245\" srcset=\"https:\/\/adhilac.com.ar\/wp-content\/uploads\/2012\/10\/CNBA-sepia.jpg 624w, https:\/\/adhilac.com.ar\/wp-content\/uploads\/2012\/10\/CNBA-sepia-300x196.jpg 300w\" sizes=\"auto, (max-width: 374px) 100vw, 374px\" \/><\/a>Fundaci\u00f3n de la Biblioteca P\u00fablica<\/span><\/h3>\n<p>Mariano Moreno<\/p>\n<p><em>La Gaceta de Buenos Aires.<\/em> 13 de septiembre de 1810<\/p>\n<p><em>Izquierda Biblioteca del Colegio Nacional de Buenos Aires. Fue el Colegio de San Carlos donde estudi\u00f3 Mariano Moreno.<\/em><\/p>\n<p style=\"text-align: justify;\">Los pueblos compran a precio muy subido la gloria de las armas; y la sangre de los ciudadanos no es el \u00fanico sacrificio que acompa\u00f1a los triunfos: asustadas las Musas con el horror de los combates huyen a regiones m\u00e1s tranquilas, e insensibles los hombres a todo lo que no sea desolaci\u00f3n y estr\u00e9pito, descuidan aquellos establecimientos, que en tiempos felices se fundaron para cultivo de las ciencias y de las artes.<!--more--><\/p>\n<p style=\"text-align: justify;\">Si el magistrado no empe\u00f1a su poder y su celo en precaver el funesto t\u00e9rmino a que progresivamente conduce tan peligroso estado, a la dulzura de las costumbres sucede la ferocidad de un pueblo b\u00e1rbaro, y la rusticidad de los hijos deshonra la memoria de las grandes acciones de sus padres.Buenos Aires se halla amenazado de tan terrible suerte; y cuatro a\u00f1os de glorias han minado sordamente la ilustraci\u00f3n y virtudes que las produjeron. La necesidad hizo destinar provisionalmente el Colegio de San Carlos para cuartel de tropas; los j\u00f3venes empezaron a gustar una libertad tanto m\u00e1s peligrosa, cuanto m\u00e1s agradable; y atra\u00eddos por el brillo de las armas, que hab\u00edan producido nuestras glorias, quisieron ser militares antes de prepararse a ser hombres. Todos han visto con dolor destruirse aquellos establecimientos de que \u00fanicamente pod\u00eda esperarse la educaci\u00f3n de nuestros j\u00f3venes, y los buenos patriotas lamentaban en secreto el abandono del Gobierno, o m\u00e1s bien su pol\u00edtica destructora, que miraba como un mal de peligrosas consecuencias la ilustraci\u00f3n de este pueblo.<\/p>\n<p style=\"text-align: justify;\">La Junta se ve reducida a la triste necesidad de criarlo todo; y aunque las graves atenciones que la agobian no le dejan todo el tiempo que deseara consagrar a tan importante objeto, llamar\u00e1 en su socorro a los hombres sabios y patriotas, que reglando un nuevo establecimiento de estudios, adecuado a nuestras circunstancias, formen el plantel que produzca alg\u00fan d\u00eda hombres que sean el honor y gloria de su patria.<\/p>\n<p style=\"text-align: justify;\">Entre tanto que se organiza esta obra cuyo progreso se ir\u00e1 publicando sucesivamente, ha resuelto la Junta formar una biblioteca p\u00fablica, en que se facilite a los amantes de las letras un recurso seguro para aumentar sus conocimientos. Las utilidades consiguientes a una biblioteca p\u00fablica son tan notorias, que ser\u00eda excusado detenernos en indicarlas. Toda casa de libros atrae a los literatos con una fuerza irresistible, la curiosidad incita a los que no han nacido con positiva resistencia a las letras, y la concurrencia de los sabios con los que desean serlo produce una manifestaci\u00f3n rec\u00edproca de luces y conocimientos, que se aumentan con la discusi\u00f3n, y se afirman con el registro de los libros, que est\u00e1n a mano para dirimir las disputas.<\/p>\n<p style=\"text-align: justify;\">Estas seguras ventajas hicieron mirar en todos tiempos las bibliotecas p\u00fablicas como uno de los signos de la ilustraci\u00f3n de los pueblos, y el medio mas seguro para su conservaci\u00f3n y fomento. Rep\u00fatese enhorabuena un rasgo de loca vanidad la numerosa biblioteca de Ptolomeo Filadelfo: setecientos mil libros entre el edificio antiguo de Ptolomeo S\u00f3ter, y la nueva colecci\u00f3n del templo de Serapis, no se destinaron tanto a la ilustraci\u00f3n de aquellos pueblos, cuanto a ser una demostraci\u00f3n magn\u00edfica del poder y sabidur\u00eda de los reyes que los hab\u00edan reunido. As\u00ed, los fines de esta numerosa colecci\u00f3n correspondieron al esp\u00edritu que le hab\u00eda dado principio; seis meses se calentaron los ba\u00f1os p\u00fablicos de Alejandr\u00eda con los libros que hab\u00edan escapado del primer incendio ocasionado por C\u00e9sar, y el fuego disip\u00f3 ese monumento de vanidad de que los pueblos no hab\u00edan sacado ning\u00fan provecho.Las naciones verdaderamente ilustradas se propusieron y lograron frutos muy diferentes de sus bibliotecas p\u00fablicas. Las treinta y siete que contaba Roma en los tiempos de su mayor ilustraci\u00f3n, eran la verdadera escuela de los conocimientos, que tanto distinguieron a aquella naci\u00f3n c\u00e9lebre, y las que son hoy d\u00eda tan comunes en los pueblos cultos de Europa, son miradas como el mejor apoyo de las luces de nuestro siglo.Por fortuna tenemos libros bastantes para dar principio a una obra que crecer\u00e1 en proporci\u00f3n del sucesivo engrandecimiento de este pueblo. La Junta ha resuelto fomentar este establecimiento, y esperando que los buenos patriotas propender\u00e1n a que se realice un pensamiento de tanta utilidad, abre una suscripci\u00f3n patri\u00f3tica para los gastos de estantes y dem\u00e1s costos inevitables, la cual se recibir\u00e1 en la Secretar\u00eda de Gobierno; nombrando desde ahora por bibliotecarios al doctor don Saturnino Segurola y al Reverendo Padre Fray Cayetano Rodr\u00edguez, que se han prestado gustosos a dar esta nueva prueba de su patriotismo y amor al bien p\u00fablico; y nombra igualmente por protector de dicha Biblioteca al Secretario de Gobierno doctor don Mariano Moreno, confiri\u00e9ndole todas las facultades para presidir a dicho establecimiento, y entender en todos los incidentes que ofreciese.<\/p>\n<p style=\"text-align: justify;\">Mariano Moreno: <em>Doctrina democr\u00e1tica <\/em> Ricardo Rojas editor. Librer\u00eda La Facultad de Juan Rold\u00e1n, 1915.<\/p>\n<p><strong>Publicado por ADHILAC Internacional \u00a9 www.adhilac.com.ar<br \/>\n<\/strong>Si Ud. desea asociarse de acuerdo a los Estatutos de ADHILAC\u00a0<a title=\"(ver)\" href=\"https:\/\/adhilac.com.ar\/?page_id=263\">(ver<\/a>) complete el siguiente formulario\u00a0<a title=\"(ver)\" href=\"https:\/\/spreadsheets.google.com\/spreadsheet\/viewform?formkey=dEkxOS1SY2hRdHFpSVdfdFRzb0RINEE6MQ\">(ver<\/a>)<\/p>\n<p>E-mail: info@adhilac.com.ar<br \/>\nTwitter: @AdhilacInfo<\/p>\n","protected":false},"excerpt":{"rendered":"<p>Fundaci\u00f3n de la Biblioteca P\u00fablica Mariano Moreno La Gaceta de Buenos Aires. 13 de septiembre de 1810 Izquierda Biblioteca del Colegio Nacional de Buenos Aires. Fue el Colegio de San Carlos donde estudi\u00f3 Mariano Moreno. Los pueblos compran a precio muy subido la gloria de las armas; y la sangre de los ciudadanos no es [&hellip;]<\/p>\n","protected":false},"author":6,"featured_media":0,"comment_status":"closed","ping_status":"closed","sticky":false,"template":"","format":"standard","meta":{"_crdt_document":"","footnotes":""},"categories":[8],"tags":[347,36],"class_list":["post-7081","post","type-post","status-publish","format-standard","hentry","category-fuentes-testimonios","tag-biblioteca-publica","tag-provincias-unidas-del-rio-de-la-plata"],"_links":{"self":[{"href":"https:\/\/adhilac.com.ar\/index.php?rest_route=\/wp\/v2\/posts\/7081","targetHints":{"allow":["GET"]}}],"collection":[{"href":"https:\/\/adhilac.com.ar\/index.php?rest_route=\/wp\/v2\/posts"}],"about":[{"href":"https:\/\/adhilac.com.ar\/index.php?rest_route=\/wp\/v2\/types\/post"}],"author":[{"embeddable":true,"href":"https:\/\/adhilac.com.ar\/index.php?rest_route=\/wp\/v2\/users\/6"}],"replies":[{"embeddable":true,"href":"https:\/\/adhilac.com.ar\/index.php?rest_route=%2Fwp%2Fv2%2Fcomments&post=7081"}],"version-history":[{"count":5,"href":"https:\/\/adhilac.com.ar\/index.php?rest_route=\/wp\/v2\/posts\/7081\/revisions"}],"predecessor-version":[{"id":7305,"href":"https:\/\/adhilac.com.ar\/index.php?rest_route=\/wp\/v2\/posts\/7081\/revisions\/7305"}],"wp:attachment":[{"href":"https:\/\/adhilac.com.ar\/index.php?rest_route=%2Fwp%2Fv2%2Fmedia&parent=7081"}],"wp:term":[{"taxonomy":"category","embeddable":true,"href":"https:\/\/adhilac.com.ar\/index.php?rest_route=%2Fwp%2Fv2%2Fcategories&post=7081"},{"taxonomy":"post_tag","embeddable":true,"href":"https:\/\/adhilac.com.ar\/index.php?rest_route=%2Fwp%2Fv2%2Ftags&post=7081"}],"curies":[{"name":"wp","href":"https:\/\/api.w.org\/{rel}","templated":true}]}}