{"id":7279,"date":"2012-05-12T04:42:14","date_gmt":"2012-05-12T07:42:14","guid":{"rendered":"https:\/\/adhilac.com.ar\/?p=7279"},"modified":"2012-11-14T13:51:06","modified_gmt":"2012-11-14T16:51:06","slug":"adios-admirado-y-querido-maestro-semblanza-de-arturo-andres-roig","status":"publish","type":"post","link":"https:\/\/adhilac.com.ar\/?p=7279","title":{"rendered":"Adi\u00f3s, admirado y querido maestro: Semblanza de Arturo Andr\u00e9s Roig."},"content":{"rendered":"<p><img loading=\"lazy\" decoding=\"async\" class=\"alignright\" src=\"https:\/\/adhilac.com.ar\/wp-content\/uploads\/2010\/03\/ArturoRoig.jpg\" alt=\"ArturoRoig\" width=\"227\" height=\"170\" \/>Por Salvador E. Morales P\u00e9rez<\/p>\n<p style=\"text-align: justify;\">Instituto de Investigaciones Hist\u00f3ricas<\/p>\n<p style=\"text-align: justify;\">Universidad Michoacana de San Nicol\u00e1s de Hidalgo<\/p>\n<p style=\"text-align: justify;\">Morelia, Mich., mayo, 2012<\/p>\n<p style=\"text-align: justify;\"><em>Arturo Roig (derecha). Foto: Carolina Crisorio<\/em><\/p>\n<p style=\"text-align: justify;\">Las malas noticias vuelan a muy alta velocidad. Y la del fallecimiento del entra\u00f1able maestro de vida e ideas, Arturo Andr\u00e9s Roig, me lleg\u00f3 cuando\u00a0 su cuerpo apenas\u00a0 era envuelto por el velo de la muerte. <!--more-->Una mano amiga, disc\u00edpula cercana al maestro, me envi\u00f3 de inmediato el triste mensaje. Sab\u00eda de mi admiraci\u00f3n y afecto por Arturo, como le dec\u00edan sus alumnos con igual grado de confianza y devoci\u00f3n.\u00a0 Sab\u00eda cuanta tristeza me iba a causar. Lo comuniqu\u00e9 a los amigos comunes cercanos y del estupor pasamos a planear c\u00f3mo le podr\u00edamos rendir los honores y el reconocimiento p\u00f3stumo que merece. De ah\u00ed la nota, para Archipi\u00e9lago, y de la nota este homenaje m\u00e1s extenso, que de seguro ser\u00e1 ampliamente superada por quienes fueron disc\u00edpulos y colegas mucha m\u00e1s cercanos y enterados.<\/p>\n<p style=\"text-align: justify;\">Digamos de entrada, para quienes no tuvieron la dicha de conocerlo y de accfeder a sus numerosas y sabias aportaciones que Arturo Andr\u00e9s Roig Simon no fue \u00a0solo un destacado fil\u00f3sofo de nuestra Am\u00e9rica, un pensador original e innovador, ha sido un notabil\u00edsimo historiador del pensamiento americano. Su obra reveladora \u2013 que de seguro se recopilar\u00e1 y difundir\u00e1 por las cuatro esquinas de nuestro continente &#8211; est\u00e1 inscrita en esa gran corriente intelectual que ha dedicado sus esfuerzos intelectuales a poner de relieve las contribuciones de nuestros intelectuales al conocimiento y destino del ser americano. Contribuciones que comenz\u00f3 en su tierra natal, pero que con las peripecias de una vida comprometida con las mejores causas, fue regando por cuanta latitud puso bajo sus plantas y bajo su mirada escudri\u00f1adora.<\/p>\n<p style=\"text-align: justify;\">Roig naci\u00f3 en parto doble con su hermano mellizo Fidel, quien fuera c\u00e9lebre bot\u00e1nico, en la ciudad de Mendoza, en el occidente de la Rep\u00fablica Argentina, m\u00e1s cercana a Santiago de Chile que a Buenos Aires. Vino al mundo en los significativos a\u00f1os veinte, cuando nuestro mundo americano se estremec\u00eda de agitaciones sociales y estudiantiles de nuevo cu\u00f1o, el 16 de julio (en otras referencias se dice que en septiembre porque fue registrado dos meses despu\u00e9s) \u00a0de 1922, para mayor precisi\u00f3n. Su padre, Fidel Roig Mat\u00f3ns, era uno de los tantos inmigrantes procedentes de la pen\u00ednsula ib\u00e9rica, de Girona, para m\u00e1s precisi\u00f3n, obviamente catal\u00e1n, que llegaban a la\u00a0 Am\u00e9rica\u00a0 en busca de un mejor destino. Don Fidel, ech\u00f3 firmes ra\u00edces. Como fue corriente en aquellos transterrados fij\u00f3 sus ojos en una criolla, Mar\u00eda Isabel Petazzi, nativa de Mendoza de origen franco- italiano y profesora de primaria de la escuela nueva.<\/p>\n<p style=\"text-align: justify;\">Fidel Roig Mat\u00f3ns, no fue un inmigrante sin estudios como era la mayor\u00eda de quienes ven\u00edan a hacer la Am\u00e9rica, hab\u00eda sido primer viol\u00edn en el teatro municipal de su ciudad natal. Ofreci\u00f3 conciertos en\u00a0 Buenos Aires, pero fue en\u00a0 Mendoza el lugar en el cual termin\u00f3 radic\u00e1ndose hacia 1909. En esa ciudad hab\u00eda tomado parte de un cuarteto de cuerdas. Tambi\u00e9n form\u00f3 familia. En ese ambiente de m\u00fasica y de magisterio naci\u00f3 y fue form\u00e1ndose Arturo Andr\u00e9s Roig. Ambiente art\u00edstico e intelectual que impregnar\u00eda su ni\u00f1ez y que se diversific\u00f3 aun m\u00e1s \u00a0cuando su padre, se dedic\u00f3 a la pintura de paisajes, hechos hist\u00f3ricos y personalidades extraordinarias como Jos\u00e9 de San Mart\u00edn y su famoso cruce de los Andes. \u00a0Intensamente impresionado por lo americano \u2013 le llamaron \u201cpintor de los Andes\u201d y \u201cpintor de altas cumbres\u201d &#8211; plasm\u00f3 en im\u00e1genes de relevante sensibilidad human\u00edstica, los prototipos de un pueblo aut\u00f3ctono al borde\u00a0 de la extinci\u00f3n, el de los huarpes o warpes de la Laguna de Huanacache, aunque tambi\u00e9n abord\u00f3 otros temas americanistas, reveladores de su profunda inserci\u00f3n en su segunda patria, en donde falleci\u00f3 en el a\u00f1o de 1977.<\/p>\n<p style=\"text-align: justify;\">De modo que Arturo Andr\u00e9s tuvo la suerte de nacer y crecer en un ambiente propicio a las inquietudes intelectuales, un hogar muy \u00a0ilustrado para los par\u00e1metros usuales de la \u00e9poca. Estas condiciones le orientaron hacia estudios universitarios que aun no eran bien apreciados como las carreras corrientes de medicina, abogac\u00eda e ingenier\u00eda. El joven Roig se inclin\u00f3 inicialmente por el magisterio. Hacia los a\u00f1os de la segunda guerra mundial, en pleno ascenso del peronismo hizo su carrera universitaria. Fueron a\u00f1os de gran efervescencia pol\u00edtica a la cual no pudo estar ajeno ning\u00fan estudiante de ese nivel. Tiempos de reacci\u00f3n contra los fascismos que irrump\u00edan b\u00e1rbaramente en Europa, \u00c1frica y Asia. Imposible desconocer las anexiones de Austria y los Sudetes checoslovacos, esta \u00faltima \u00a0por la incre\u00edble victoria diplom\u00e1tica en Munich de la Alemania hitleriana; las invasiones de Etiop\u00eday Libia por la Italia del Duce Mussolinni, o la ocupaci\u00f3n de Manchuria por Jap\u00f3n. Durante aquellos convulsos \u00a0a\u00f1os juveniles Arturo Andr\u00e9s simpatiz\u00f3 con la Espa\u00f1a republicana, desde luego a partir de entonces repudi\u00f3 cuanto tuvo que ver con las potencias aliadas de Francisco Franco concertadas en el Eje nazifascista, que tuvo fuertes simpatizantes en Argentina.<\/p>\n<p style=\"text-align: justify;\">La Argentina en la cual creci\u00f3 Roig, vivi\u00f3 una notable transformaci\u00f3n modernizante sin perder su condici\u00f3n de pa\u00eds de la periferia del sistema capitalista mundial, con m\u00e1s v\u00ednculos con Europa que con Estados Unidos. Un fuerte movimiento nacionalista sacudi\u00f3 a la sociedad. En los momentos en que se decid\u00eda el rumbo de la guerra en Europa, comenz\u00f3 la llamada revoluci\u00f3n de 1943 &#8211; golpe de Estado del 4 de junio\u00a0 de 1943 &#8211; \u00a0encabezada por una mezcolanza de militares nacionalistas-democr\u00e1ticos, liberales y hasta pro-nazis, quienes tomaron diversas medidas de significaci\u00f3n: precios m\u00e1ximos, rebaja de alquileres, eliminaci\u00f3n de aranceles en los hospitales, castigo a la usura, intervenci\u00f3n de empresas, disolvieron los partidos pol\u00edticos e impusieron el credo cat\u00f3lico en todas las escuelas, sostuvieron independencia y neutralidad en el conflicto internacional. Otras nada populares como: disoluci\u00f3n del Congreso Nacional, clausura de la CGT N\u00ba2 donde anidaban los sindicatos comunistas, intervenci\u00f3n de la Universidad Nacional del Litoral, disoluci\u00f3n de los grupos partidarios de entrar a la guerra, que animaron la confrontaci\u00f3n con\u00a0 sectores pol\u00edticos, sociales y estudiantiles.<\/p>\n<p style=\"text-align: justify;\">El sector universitario argentino de aquellos d\u00edas estuvo envuelto activamente en los antagonismos pol\u00edticos que saturaron el ambiente nacional. Las universidades fueron intervenidas. \u00a0El gobierno de facto ilegaliz\u00f3 a la Federaci\u00f3n Universitaria Argentina. Se pronunci\u00f3 contra las maestras normalistas y la escuela laica. El predominio de la derecha dur\u00f3 poco. La pol\u00edtica rebas\u00f3 los l\u00edmites nacionales. La confrontaci\u00f3n de Estados Unidos contra el gobierno se irradi\u00f3 a los m\u00e1s diversos sectores sociales. En una peculiar confrontaci\u00f3n interna y externa se fue germinando el controvertido populismo peronista que plante\u00f3 tantas interrogantes entonces como ahora. Fue en aquellos d\u00edas cuando Arturo Andr\u00e9s ingres\u00f3 a las aulas normalistas y universitarias.<\/p>\n<p style=\"text-align: justify;\">Graduado de maestro normal ingres\u00f3 en la educaci\u00f3n superior y en 1949 sali\u00f3 de la Facultad de Filosof\u00eda y Letras de la Universidad de Cuyo, en Mendoza, titulado de Profesor de Ense\u00f1anza Secundaria, Normal y Especial en Filosof\u00eda.\u00a0 Sin embargo, no se content\u00f3 con esa categor\u00eda y se anim\u00f3 a proseguir su formaci\u00f3n en otras tierras. Tuvo la fortuna de recibir en 1953 una beca nada menos que\u00a0 en la Sorbona, que era entonces la meca de todo universitario con ambiciones de alto nivel.\u00a0 All\u00ed trabaj\u00f3 bajo la tutor\u00eda de Pierre &#8211; Maxime Schuhl, destacado estudioso de las filosof\u00edas antiguas. Este profesor, alsaciano de progenie hebrea hab\u00eda vivido interesantes experiencias. Capit\u00e1n de la reserva motorizada, entr\u00f3 en ejercicio al comenzar la guerra entre Alemania y Francia. Al ser prisionero fue recluido en el campo de concentraci\u00f3n de Codlitz, vivencias que dieron motivo a un libro titulado,\u00a0 Jeux des images cautives. Schuhl\u00a0 produjo una considerable cantidad de trabajos cient\u00edficos, particularmente acerca de la filosof\u00eda griega y los legados intelectuales de S\u00f3crates y Plat\u00f3n, que influyeron notablemente en las curiosidades filos\u00f3ficas del joven argentino. Desde su estad\u00eda en Francia el joven mendocino como resulta obvio, se interes\u00f3 por el pensamiento de Plat\u00f3n, devoci\u00f3n que sostuvo por muchos a\u00f1os de su quehacer intelectual.<\/p>\n<p style=\"text-align: justify;\">En Francia estuvo cerca de\u00a0 \u2013 y comparti\u00f3 con &#8211; \u00a0los sectores pol\u00edticos y sociales anticolonialistas y contestatarios, quienes organizaron en la propia Universidad de la\u00a0 Sorbona un acto en honor al General Von Giap, que hab\u00eda propinado una apabullante derrota al ej\u00e9rcito franc\u00e9s y la legi\u00f3n Extranjera en la espectacular batalla de Diem Bien Phou.<\/p>\n<p style=\"text-align: justify;\">Al volver a su patria no s\u00f3lo continu\u00f3 el estudio de Plat\u00f3n, al cual le dedic\u00f3 diez a\u00f1os de estudio, &#8212; en 1972 apareci\u00f3 su libro Plat\u00f3n y la Filosof\u00eda como libertad y expectativa, publicado por la Universidad de Cuyo, Mendoza &#8212; \u00a0pues ense\u00f1a Pensamiento Argentino en la Facultad de Filosof\u00eda y Letras de la Universidad Nacional de Cuyo, pero como puede observarse en su extensa bibliograf\u00eda,\u00a0 comienza la investigaci\u00f3n\u00a0 de personajes que se hab\u00edan considerado menores en la historia intelectual. Es un enfoque casi regional. Entre 1957 y 1968 aparecen variados trabajos sobre figuras poco conocidas, fuera de \u00e1mbitos reducidos: Manuel S\u00e1enz, Julio Leonidas Aguirre, Agust\u00edn \u00c1lvarez, Juan Llerena, Juan Gualberto Godoy, y tantos otros, los krausistas y espiritualistas argentinos. Casi pudiera decirse que el desplazamiento de su inter\u00e9s recorre un camino original: de los cl\u00e1sicos griegos, a los pensadores mal llamados \u201cmenores\u201d, de ambiente argentino muy local y de ellos a las grandes figuras de la historia continental. Aunque en cada regi\u00f3n en donde vivi\u00f3 y estudi\u00f3 no ignor\u00f3 a la producci\u00f3n de ideas de los menos relevantes. Por supuesto. Un lugar relevante ocuparon los trabajos sobre el terru\u00f1o mendocino, particularmente, aquellos dirigidos a reformar la educaci\u00f3n universitaria. Todo ello revelaba una decisi\u00f3n de centrarse en nuestro mundo intelectual m\u00e1s que en el europeo. Las condiciones coyunturales eran alentadoras.<\/p>\n<p style=\"text-align: justify;\">Los tiempos americanos de fines de los a\u00f1os 50, fueron conmovedoras para la generaci\u00f3n de intelectuales emergentes en la Am\u00e9rica Latina ahogada en los siniestros d\u00edas de la Guerra Fr\u00eda: entonces el panorama sombr\u00edo se revirti\u00f3: derrocamiento de la dictaduras de Rojas Pinilla, P\u00e9rez Jim\u00e9nez y de Batista, la irrupci\u00f3n de la Revoluci\u00f3n Cubana, catalizadora de fermentos e inquietudes latentes de tiempo atr\u00e1s, aceleraron las b\u00fasquedas desesperadas de un camino de desarrollo para la Am\u00e9rica nuestra. Para Roig fueron alentadores tambi\u00e9n los contactos con Leopoldo Zea,\u00a0 Francisco Mir\u00f3 Quesada y Augusto Salazar Bondy, Esos nuevos climas e intercambios \u00a0alentaron en Roig un impulso convergente a favor de una perspectiva de gran calado y amplitud. En el a\u00f1o de 1974 particip\u00f3 en el primer Congreso mexicano de Filosof\u00eda\u00a0 reunido en la Universidad Michoacana de San Nicol\u00e1s de Hidalgo, Morelia, M\u00e9xico.<\/p>\n<p style=\"text-align: justify;\">De nuevo el neoperonismo al poder y Roig comprendi\u00f3 como tantos, que deb\u00eda apoyar lo que exced\u00eda al peronismo mismo, por ser un movimiento social que ven\u00eda desde el pueblo. \u00abEntendimos que deb\u00edamos reestructurar la universidad argentina, adecu\u00e1ndola para dar paso hacia aquella democracia de sentido social y participativo y lo hicimos con fervor. Sab\u00edamos, sin embargo, de la ambig\u00fcedad del peronismo, que como todos los populismos hispanoamericanos, fue una caja de sorpresas y en ese juego perdimos, porque avanz\u00f3 el militarismo, la dictadura, la represi\u00f3n implacable, sangrienta, irracional, sobre todo, profundamente sucia y antihumana\u00bb.<\/p>\n<p style=\"text-align: justify;\">En el a\u00f1o de 1975 expulsado de su cargo universitario en Mendoza.Sobre la Argentina se hab\u00eda abatido una ola represiva que asfixi\u00f3 cuanto se hab\u00eda avanzado de progreso y democracia. La muerte de Per\u00f3n trajo una crisis interna de su movimiento y la consiguiente derrota de lo m\u00e1s sano del mismo. El paramilitarismo entronizado por la Triple A, Alianza Anticomunista Argentina, abri\u00f3 paso a un nuevo y brutal golpe militar en 1976.<\/p>\n<p style=\"text-align: justify;\">Cuando avanz\u00f3 el militarismo \u2013sucio, implacable, inhumano y sangriento- dej\u00f3 sentir sobre \u00e9l, que ya gozaba de fama internacional y era uno de los m\u00e1s conocidos maestros de Latinoam\u00e9rica y otros colegas cercanos su cercan\u00eda amenazadora. \u00abL\u00f3gicamente entramos en la lista de expulsados y perseguidos, tuvimos que escondernos y luego huir del pa\u00eds. Nos esperaban colegas y amigos universitarios en Europa, en particular en Francia y en pa\u00edses latinoamericanos. Optamos por no salir de nuestro continente.\u201d<\/p>\n<p style=\"text-align: justify;\">El nuevo golpe militar inici\u00f3 otra era de dictaduras reaccionarias en Argentina. Los intelectuales de ideas progresistas, como se dec\u00eda entonces, fueron destituidos, perseguidos, encerrados, encarcelados o enterrados. Cesanteado de su c\u00e1tedra universitaria, Roig, con mujer e hijas a cuestas, emprende el camino espinoso del exilio. Venezuela le abre sus puertas por un tiempo, en el Centro R\u00f3mulo Gallegos. Estuvo presente en los pasos fundadores de la Biblioteca Ayacucho. Tras un breve paso por la Universidad Aut\u00f3noma de M\u00e9xico, echa ancla en Ecuador en la\u00a0 Pontificia Universidad Cat\u00f3lica del Ecuador, en Quito. Ocho a\u00f1os pas\u00f3 all\u00ed. Ocho a\u00f1os viviendo el drama de los exiliados, desde luego, pero fueron invertidos en mucho y \u00fatil trabajo y con abundante cosecha de notables frutos: alumnos aprovechados, aportes valiosos para el pa\u00eds de refugio y toda la Am\u00e9rica. A\u00f1os aleccionadores, de enriquecedor compromiso intelectual y de notables logros que aqu\u00ed citamos:<\/p>\n<p style=\"text-align: justify;\">&#8211;\u00a0\u00a0\u00a0\u00a0\u00a0\u00a0\u00a0\u00a0\u00a0 Esquemas para una historia de la filosof\u00eda ecuatoriana, Quito, Ediciones de la Universidad Cat\u00f3lica, 1977.<\/p>\n<p style=\"text-align: justify;\">&#8211; \u00a0\u00a0\u00a0\u00a0\u00a0\u00a0\u00a0\u00a0\u00a0Andr\u00e9s Bello y los or\u00edgenes de la semi\u00f3tica en Am\u00e9rica Latina. Quito: Ed. Universidad Cat\u00f3lica, 1982.<\/p>\n<p style=\"text-align: justify;\">&#8211;\u00a0 \u00a0\u00a0\u00a0\u00a0\u00a0\u00a0\u00a0El pensamiento social de Juan Montalvo (Quito, Tercer Mundo, 1984),<\/p>\n<p style=\"text-align: justify;\">&#8211;\u00a0\u00a0\u00a0\u00a0\u00a0\u00a0\u00a0\u00a0\u00a0 El Humanismo ecuatoriano en la segunda mitad del siglo XVIII (Quito, Banco Central),<\/p>\n<p style=\"text-align: justify;\">&#8211;\u00a0\u00a0\u00a0\u00a0\u00a0\u00a0\u00a0\u00a0\u00a0 Bolivarismo y Filosof\u00eda Latinoamericana (Quito, Flacso), Narrativa y cotidianidad (Cuadernos de Chasqui, N\u00ba 4).<\/p>\n<p style=\"text-align: justify;\">No es de extra\u00f1ar que en 1983 el Gobierno de la Rep\u00fablica del Ecuador concediera al destacado pensador argentino la condecoraci\u00f3n al m\u00e9rito cultural de Primera Clase. Al a\u00f1o siguiente del otorgamiento de esta distinci\u00f3n, instancias de\u00a0 Justicia Federal en\u00a0 Argentina dictaron su\u00a0 reincorporaci\u00f3n a la Universidad de Cuyo. Empezaba un largo y tortuoso camino en la naci\u00f3n austral por hacer justicia a tantos cr\u00edmenes y atropellos cometidos por la \u201cgorilada\u201d bajo los pretextos de la guerra fr\u00eda y la obediencia debida.<\/p>\n<p style=\"text-align: justify;\">El Arturo Andr\u00e9s Roig que regres\u00f3 del exilio, fue un hombre, un maestro, un estudioso robustecido en su compromiso humanista y pol\u00edtico. Sus exilios por tierras americanas hab\u00edan ensanchado sus experiencias y conocimientos. Con ese saber y vivir reemprendi\u00f3 sus tareas con\u00a0 el Seminario de Estudios Latinoamericanos como eje primordial, desde la Facultad de Filosof\u00eda de la Universidad Nacional de Cuyo y luego desde el Centro Regional de Investigaciones Cient\u00edficas y Tecnol\u00f3gicas de Mendoza (CRYCYT). Con el correr de los cursos y de los estudios asesorados pronto incub\u00f3 un extraordinario grupo de trabajo de proyecci\u00f3n internacional: Clara Jalif, Estela Fern\u00e1ndez, Adriana Arpini, Liliana Giorgis, Oscar Zalazar, Alejandra Ciriza, Ana Luisa Dufour, Dante Ramaglia, Marisa Mu\u00f1oz y otros j\u00f3venes que le siguen los pasos y siento no seguir enumerando aqu\u00ed.<\/p>\n<p style=\"text-align: justify;\">Las dos \u00faltimas d\u00e9cadas fueron de abundante producci\u00f3n, de la cual hemos seleccionado algunos textos mayores que han tenido bastante difusi\u00f3n en los m\u00e1s diversos \u00e1mbitos:<\/p>\n<p style=\"text-align: justify;\">&#8211; Filosof\u00eda, Universidad y fil\u00f3sofos en Am\u00e9rica Latina. M\u00e9xico: UNAM Centro Coordinador y Difusor de Estudios Latinoamericanos. 1981.<\/p>\n<p style=\"text-align: justify;\">&#8211; Teor\u00eda y Cr\u00edtica del pensamiento latinoamericano. M\u00e9xico: Fondo de Cultura Econ\u00f3mica, 1981.<\/p>\n<p style=\"text-align: justify;\">&#8211; El pensamiento latinoamericano del siglo XIX. Compilaci\u00f3n de Arturo Andr\u00e9s Roig, M\u00e9xico: Instituto Panamericano de Geograf\u00eda e Historia, 1986.<\/p>\n<p style=\"text-align: justify;\">&#8211; La utop\u00eda en el Ecuador. Quito: Banco Central del Ecuador y Corporaci\u00f3n Editora Nacional. Biblioteca B\u00e1sica del Pensamiento Ecuatoriano, vol. 26, 1987.<\/p>\n<p style=\"text-align: justify;\">&#8211; Hern\u00e1n Malo Gonz\u00e1lez. Escritos filos\u00f3ficos. Selecci\u00f3n de textos y estudio introductorio por Arturo Andr\u00e9s Roig. Quito: Corporaci\u00f3n Editora Nacional y Pontificia Universidad Cat\u00f3lica del Ecuador, 1988.<\/p>\n<p style=\"text-align: justify;\">&#8211; Rostro y filosof\u00eda de Am\u00e9rica Latina. Mendoza: Editorial de la Universidad Nacional de Cuyo (EDIUNC), 1993.<\/p>\n<p style=\"text-align: justify;\">&#8211; Argentina del 80 al 80. Balance social y cultural de un siglo. M\u00e9xico: Universidad Nacional Aut\u00f3noma de M\u00e9xico, 1993.<\/p>\n<p style=\"text-align: justify;\">&#8211; El pensamiento latinoamericano y su aventura. Buenos Aires: Centro Editor de Am\u00e9rica Latina, 2 tomos, 1994.<\/p>\n<p style=\"text-align: justify;\">&#8211; Proceso civilizatorio y ejercicio ut\u00f3pico en nuestra Am\u00e9rica. Arturo Andr\u00e9s Roig (Compilador). San Juan: Editorial Fundaci\u00f3n Universidad Nacional de San Juan., 1995.<\/p>\n<p style=\"text-align: justify;\">&#8211; Mendoza en sus letras y sus ideas. Mendoza: Ediciones Culturales de Mendoza, 1996.<\/p>\n<p style=\"text-align: justify;\">-. La sociedad patri\u00f3tica de Amigos del Pa\u00eds de Quito. Quito, Universidad Estatal Bol\u00edvar y Centro de Desarrollo Social. (Colecci\u00f3n \u00abTodo es Historia\u00bb, n\u00ba 6), 1996.<\/p>\n<p style=\"text-align: justify;\">&#8211; La universidad hacia la democracia. Bases doctrinarias e hist\u00f3ricas para la constituci\u00f3n de una pedagog\u00eda participativa. Mendoza: Editorial de la Universidad Nacional de Cuyo (EDIUNC), 1998.<\/p>\n<p style=\"text-align: justify;\">&#8211; \u00c9tica del poder y moralidad de la protesta. La moral latinoamericana de la emergencia. Edici\u00f3n de Jos\u00e9 Luis G\u00f3mez-Mart\u00ednez. Athens: Proyecto Ensayo Hisp\u00e1nico, 2000, edici\u00f3n electr\u00f3nica http:\/\/www.ensayistas.org\/filosofos\/argentina\/roig\/etica\/.<\/p>\n<p style=\"text-align: justify;\">Por supuesto, esta es la muestra mayor y m\u00e1s representativa de un gran maestro que destaca por su impresionante bagaje cultural, expresado siempre con una sencillez que seduce y persuade sin alardes de gran gur\u00fa.\u00a0 Hay mucho m\u00e1s que ha recogido con singular minuciosidad Marisa Alejandra Mu\u00f1oz y que recoge Jos\u00e9 Luis G\u00f3mez-Mart\u00ednez y puede consultarse mediante Internet. http:\/\/www.ensayistas.org\/filosofos\/argentina\/roig\/biblio-de.htm<\/p>\n<p style=\"text-align: justify;\">La obra de Roig abarca un n\u00famero temas, problemas y figuras impresionantes, pero lo que m\u00e1s nos interesa a los latinoamericanos que buscamos afanosamente un camino conveniente a nuestros intereses como regi\u00f3n, como comunidad emparentada por inn\u00fameros lazo y concitadas para un destino com\u00fan m\u00e1s feliz, es esa historia de ideas a la que ha hecho tantas contribuciones positivas. La historia que examina y valora tantos y dis\u00edmiles vertientes y afluentes sin perder de vista los acondicionamientos y articulaciones. Precisamente la historia que nos debemos saber al dedillo como ped\u00eda Mart\u00ed. La historia de la dram\u00e1tica y contradictoria formaci\u00f3n de nuestras conciencias de latinoamericanos que desean construir un mundo mejor y afincados en nuestras propias realidades.<\/p>\n<p style=\"text-align: justify;\">Los aportes de Arturo Andr\u00e9s Roig como investigador y como maestro de varias generaciones de latinoamericanos, han sido reconocidos por varias instituciones y gobiernos de\u00a0 Am\u00e9rica Latina. La Universidad de Guadalajara, M\u00e9xico en 1989, rindi\u00f3 c\u00e1lido Homenaje a su labor magistral. La presidencia de la Rep\u00fablica del Ecuador le otorg\u00f3, en 1992 una nueva distinci\u00f3n, la Orden Nacional \u00abHonorato V\u00e1zquez\u00bb. En 1993 fue declarado \u00abVisitante ilustre de la Universidad de las Villas\u00bb, en Cuba. El a\u00f1o siguiente n Nicaragua, 1994, la Universidad Aut\u00f3noma de Managua le otorg\u00f3 el grado de Doctor Honoris Causa. En septiembre de ese mismo a\u00f1o la Universidad Nacional del Comahue, Argentina, lo declar\u00f3 Profesor Honorario. En 1996, casa universitaria,\u00a0 Universidad Nacional de R\u00edo Cuarto, Argentina, le otorg\u00f3 el t\u00edtulo de Doctor Honoris Causa.<\/p>\n<p style=\"text-align: justify;\">Este es en breve y p\u00e1lida semblanza el maestro admirado, amigo de grata recordaci\u00f3n, que recordamos y honramos con deseos de que sirva de provocaci\u00f3n a m\u00e1s provechosas lecturas. Lecturas para meditar, para tomar m\u00e1s claridad de la significaci\u00f3n de aportes como estos para dar el mejor y m\u00e1s claro impulso a la hora americanista que estamos viviendo en los amaneceres de un nuevo siglo cargado de nuevas esperanzas.<\/p>\n<p style=\"text-align: justify;\">&nbsp;<\/p>\n<p><strong>Publicado por ADHILAC Internacional \u00a9 www.adhilac.com.ar<\/strong><\/p>\n<p>Si Ud. desea asociarse de acuerdo a los Estatutos de ADHILAC\u00a0<a title=\"(ver)\" href=\"https:\/\/adhilac.com.ar\/?page_id=263\">(ver)<\/a> complete el siguiente formulario\u00a0<a title=\"(ver)\" href=\"https:\/\/adhilac.com.ar\/?page_id=3194\">(ver)<\/a><\/p>\n<p>E-mail: info@adhilac.com.ar<strong><\/strong><\/p>\n<p>Twitter: @AdhilacInfo<\/p>\n","protected":false},"excerpt":{"rendered":"<p>Por Salvador E. Morales P\u00e9rez Instituto de Investigaciones Hist\u00f3ricas Universidad Michoacana de San Nicol\u00e1s de Hidalgo Morelia, Mich., mayo, 2012 Arturo Roig (derecha). Foto: Carolina Crisorio Las malas noticias vuelan a muy alta velocidad. Y la del fallecimiento del entra\u00f1able maestro de vida e ideas, Arturo Andr\u00e9s Roig, me lleg\u00f3 cuando\u00a0 su cuerpo apenas\u00a0 era [&hellip;]<\/p>\n","protected":false},"author":40,"featured_media":0,"comment_status":"closed","ping_status":"closed","sticky":false,"template":"","format":"standard","meta":{"_crdt_document":"","footnotes":""},"categories":[6,40],"tags":[301,168],"class_list":["post-7279","post","type-post","status-publish","format-standard","hentry","category-biblioteca","category-informaciones","tag-filosofia","tag-pensamiento-critico"],"_links":{"self":[{"href":"https:\/\/adhilac.com.ar\/index.php?rest_route=\/wp\/v2\/posts\/7279","targetHints":{"allow":["GET"]}}],"collection":[{"href":"https:\/\/adhilac.com.ar\/index.php?rest_route=\/wp\/v2\/posts"}],"about":[{"href":"https:\/\/adhilac.com.ar\/index.php?rest_route=\/wp\/v2\/types\/post"}],"author":[{"embeddable":true,"href":"https:\/\/adhilac.com.ar\/index.php?rest_route=\/wp\/v2\/users\/40"}],"replies":[{"embeddable":true,"href":"https:\/\/adhilac.com.ar\/index.php?rest_route=%2Fwp%2Fv2%2Fcomments&post=7279"}],"version-history":[{"count":3,"href":"https:\/\/adhilac.com.ar\/index.php?rest_route=\/wp\/v2\/posts\/7279\/revisions"}],"predecessor-version":[{"id":7282,"href":"https:\/\/adhilac.com.ar\/index.php?rest_route=\/wp\/v2\/posts\/7279\/revisions\/7282"}],"wp:attachment":[{"href":"https:\/\/adhilac.com.ar\/index.php?rest_route=%2Fwp%2Fv2%2Fmedia&parent=7279"}],"wp:term":[{"taxonomy":"category","embeddable":true,"href":"https:\/\/adhilac.com.ar\/index.php?rest_route=%2Fwp%2Fv2%2Fcategories&post=7279"},{"taxonomy":"post_tag","embeddable":true,"href":"https:\/\/adhilac.com.ar\/index.php?rest_route=%2Fwp%2Fv2%2Ftags&post=7279"}],"curies":[{"name":"wp","href":"https:\/\/api.w.org\/{rel}","templated":true}]}}