{"id":7371,"date":"2012-11-20T03:41:35","date_gmt":"2012-11-20T06:41:35","guid":{"rendered":"https:\/\/adhilac.com.ar\/?p=7371"},"modified":"2012-11-20T07:17:59","modified_gmt":"2012-11-20T10:17:59","slug":"sandino-y-su-influencia-en-costa-rica-un-nuevo-aporte-historiografico-rafael-cueva-molina","status":"publish","type":"post","link":"https:\/\/adhilac.com.ar\/?p=7371","title":{"rendered":"Sandino y su influencia en Costa Rica, un nuevo aporte historiogr\u00e1fico. Rafael Cueva Molina"},"content":{"rendered":"<h3><span style=\"color: #339966;\"><a href=\"https:\/\/adhilac.com.ar\/wp-content\/uploads\/2012\/11\/Portada-libro-Sandino.jpg\"><img loading=\"lazy\" decoding=\"async\" class=\"size-full wp-image-7372 alignright\" title=\"Portada libro Sandino\" src=\"https:\/\/adhilac.com.ar\/wp-content\/uploads\/2012\/11\/Portada-libro-Sandino.jpg\" alt=\"\" width=\"163\" height=\"253\" srcset=\"https:\/\/adhilac.com.ar\/wp-content\/uploads\/2012\/11\/Portada-libro-Sandino.jpg 389w, https:\/\/adhilac.com.ar\/wp-content\/uploads\/2012\/11\/Portada-libro-Sandino-193x300.jpg 193w\" sizes=\"auto, (max-width: 163px) 100vw, 163px\" \/><\/a>Sandino y la intelectualidad costarrisense <\/span><\/h3>\n<p><strong>Nacionalismo antiimperialista en Nicaragua y Costa Rica (1927-1934).<\/strong><\/p>\n<p>Editorial Universidad Estatal a Distancia. Costa Rica. 2008.<\/p>\n<p>&nbsp;<\/p>\n<p><strong style=\"text-align: justify;\">Nota de prensa<\/strong><\/p>\n<p style=\"text-align: justify;\"><em>Sandino y la intelectualidad Costarricense<\/em><br \/>\nRafael Cuevas Molina<br \/>\nEuned 2008<\/p>\n<p style=\"text-align: justify;\">Rafael Cuevas Molina (1954) nos ofrece una documentada investigaci\u00f3n sobre la influencia, y presencia de C\u00e9sar Augusto Sandino y el nacionalismo antiimperialista, en Nicaragua y Costa Rica (1927-1934) que viene a iluminar aspectos muy discutidos del General de Hombres Libres Augusto C\u00e9sar Sandino y su influencia en el pensamiento de destacados intelectuales centroamericanos, y de Nuestra Am\u00e9rica, quienes fueron sus seguidores y dieron apoyo a su causa, haciendo suyas las ideas del luchador y construyendo una forma de pensamiento que todav\u00eda sobrevive entre las capas pensantes de nuestra regi\u00f3n.<!--more--><\/p>\n<p style=\"text-align: justify;\">Los tres cap\u00edtulos primeros nos permiten adentrarnos en la historia y los pensadores que dieron forma a la construcci\u00f3n real del pensamiento antiimperialista y las diferentes transformaciones que tuvo en un per\u00edodo de la historia centroamericana, as\u00ed como la aparici\u00f3n de Sandino en la lucha, como pensador, hombre de acci\u00f3n y creador de diferentes focos de apoyo en ese combate, que tuvo una expresi\u00f3n regional, y particular, en cada pa\u00eds centroamericano. El an\u00e1lisis es muy rico en detalles, conocimiento de los asuntos que trata, as\u00ed como la presencia de notas muy inteligentes que nos permiten ampliar lo que en los cap\u00edtulos se expresa. El an\u00e1lisis de Sandino se da en su propio contexto, sus ideas m\u00e1s relevantes, as\u00ed como sus contradicciones, las relaciones pol\u00edticas y el inter\u00e9s de las figuras de la cultura por su gesta, lo que permiti\u00f3 que fuera ampliamente conocido en los diarios, las publicaciones literarias y en la misma expresi\u00f3n de los intelectuales al analizar su trayectoria, todo en un per\u00edodo determinado de la historia centroamericana. El cap\u00edtulo IV nos permite conoce la presencia de Sandino en lo que el autor llama: nueva intelectualidad costarricense, tambi\u00e9n bajo el influjo de personalidades como Gabriela Mistral, Haya de la Torre, Froyl\u00e1n Turcios, y otros, as\u00ed como el autor destaca las relaciones entre los diferentes grupos pol\u00edticos liberales, de la  Am\u00e9rica Latina, y sus interrelaciones pol\u00edticas.<\/p>\n<p style=\"text-align: justify;\">Es importante rese\u00f1ar la inteligencia de Cuevas Molina al darnos un todo que sin embargo muestra los fragmentos de ese nacionalismo nacional, regional y latinoamericano, que tan importantes momentos ha definido en la historia, no solo de los actos pol\u00edticos sino en la formaci\u00f3n de las mentalidades de la izquierda ilustrada, que ha sido la que ha definido la herencia hist\u00f3rica, incluida la gesta de Sandino.<\/p>\n<p style=\"text-align: justify;\">El papel y relevancia de Repertorio Americano queda muy claro en este libro, y sobre todo la labor del caudillo cultural Garc\u00eda Monge, y su c\u00edrculo de amigos y seguidores. Un hermoso libro de Cuevas Molina que honra su trayectoria intelectual y la de la  UNED al editarlo.<br \/>\nRevista Abanico. peri\u00f3dico La  Prensa Libre 3 julio 2008.<\/p>\n<p style=\"text-align: justify;\">&nbsp;<\/p>\n<p style=\"text-align: justify;\">&nbsp;<\/p>\n<p style=\"text-align: justify;\"><strong>Publicado por ADHILAC Internacional \u00a9 www.adhilac.com.ar<\/strong><\/p>\n<p style=\"text-align: justify;\">Si Ud. desea asociarse de acuerdo a los Estatutos de ADHILAC\u00a0<a title=\"(ver)\" href=\"https:\/\/adhilac.com.ar\/?page_id=263\">(ver)<\/a> complete el siguiente formulario\u00a0<a title=\"(ver)\" href=\"https:\/\/adhilac.com.ar\/?page_id=3194\">(ver)<\/a><\/p>\n<p style=\"text-align: justify;\">E-mail:\u00a0<a title=\"info@adhilac.com.ar\" href=\"https:\/\/adhilac.com.ar\/info@adhilac.com.ar\" target=\"_blank\">info@adhilac.com.ar<\/a><strong> <\/strong><\/p>\n<p style=\"text-align: justify;\">Twitter: @AdhilacInfo<\/p>\n","protected":false},"excerpt":{"rendered":"<p>Sandino y la intelectualidad costarrisense Nacionalismo antiimperialista en Nicaragua y Costa Rica (1927-1934). Editorial Universidad Estatal a Distancia. Costa Rica. 2008. &nbsp; Nota de prensa Sandino y la intelectualidad Costarricense Rafael Cuevas Molina Euned 2008 Rafael Cuevas Molina (1954) nos ofrece una documentada investigaci\u00f3n sobre la influencia, y presencia de C\u00e9sar Augusto Sandino y el [&hellip;]<\/p>\n","protected":false},"author":53,"featured_media":0,"comment_status":"closed","ping_status":"closed","sticky":false,"template":"","format":"standard","meta":{"_crdt_document":"","footnotes":""},"categories":[3,40,7],"tags":[224,369,370],"class_list":["post-7371","post","type-post","status-publish","format-standard","hentry","category-adhilac-inter","category-informaciones","category-publicac-info","tag-costa-rica","tag-nicaragua","tag-sandino"],"_links":{"self":[{"href":"https:\/\/adhilac.com.ar\/index.php?rest_route=\/wp\/v2\/posts\/7371","targetHints":{"allow":["GET"]}}],"collection":[{"href":"https:\/\/adhilac.com.ar\/index.php?rest_route=\/wp\/v2\/posts"}],"about":[{"href":"https:\/\/adhilac.com.ar\/index.php?rest_route=\/wp\/v2\/types\/post"}],"author":[{"embeddable":true,"href":"https:\/\/adhilac.com.ar\/index.php?rest_route=\/wp\/v2\/users\/53"}],"replies":[{"embeddable":true,"href":"https:\/\/adhilac.com.ar\/index.php?rest_route=%2Fwp%2Fv2%2Fcomments&post=7371"}],"version-history":[{"count":9,"href":"https:\/\/adhilac.com.ar\/index.php?rest_route=\/wp\/v2\/posts\/7371\/revisions"}],"predecessor-version":[{"id":7399,"href":"https:\/\/adhilac.com.ar\/index.php?rest_route=\/wp\/v2\/posts\/7371\/revisions\/7399"}],"wp:attachment":[{"href":"https:\/\/adhilac.com.ar\/index.php?rest_route=%2Fwp%2Fv2%2Fmedia&parent=7371"}],"wp:term":[{"taxonomy":"category","embeddable":true,"href":"https:\/\/adhilac.com.ar\/index.php?rest_route=%2Fwp%2Fv2%2Fcategories&post=7371"},{"taxonomy":"post_tag","embeddable":true,"href":"https:\/\/adhilac.com.ar\/index.php?rest_route=%2Fwp%2Fv2%2Ftags&post=7371"}],"curies":[{"name":"wp","href":"https:\/\/api.w.org\/{rel}","templated":true}]}}