{"id":7388,"date":"2012-11-20T06:47:59","date_gmt":"2012-11-20T09:47:59","guid":{"rendered":"https:\/\/adhilac.com.ar\/?p=7388"},"modified":"2012-11-20T06:52:40","modified_gmt":"2012-11-20T09:52:40","slug":"revista-archivos-numero-1-argentina","status":"publish","type":"post","link":"https:\/\/adhilac.com.ar\/?p=7388","title":{"rendered":"Revista Archivos N\u00famero 1. Argentina"},"content":{"rendered":"<div>\n<div>\n<div><strong><a href=\"https:\/\/adhilac.com.ar\/wp-content\/uploads\/2012\/11\/Archivos-1.jpg\"><img loading=\"lazy\" decoding=\"async\" class=\"alignright size-full wp-image-7395\" title=\"Archivos-1\" src=\"https:\/\/adhilac.com.ar\/wp-content\/uploads\/2012\/11\/Archivos-1.jpg\" alt=\"\" width=\"204\" height=\"296\" srcset=\"https:\/\/adhilac.com.ar\/wp-content\/uploads\/2012\/11\/Archivos-1.jpg 255w, https:\/\/adhilac.com.ar\/wp-content\/uploads\/2012\/11\/Archivos-1-206x300.jpg 206w\" sizes=\"auto, (max-width: 204px) 100vw, 204px\" \/><\/a>Archivos de historia del movimiento obrero y la izquierda<\/strong><\/div>\n<div style=\"text-align: justify;\">Revista cient\u00edfica de historia social, pol\u00edtica, cultural e  intelectual que tiene como objetivo impulsar la investigaci\u00f3n, la  revisi\u00f3n y la actualizaci\u00f3n del conocimiento sobre el movimiento obrero y  la izquierda, tanto a nivel nacional como internacional.<\/div>\n<div style=\"text-align: justify;\">\n<div><span style=\"font-family: arial, helvetica, sans-serif;\"><br \/>\n<\/span><\/div>\n<div>Es una publicaci\u00f3n semestral, con referato externo y an\u00f3nimo, que\u00a0est\u00e1  abierta a aportes cient\u00edfico-acad\u00e9micos de autores de distintas  disciplinas sociales, tanto desde una perspectiva marxista como desde  otros enfoques que contribuyan a dicho prop\u00f3sito.<\/div>\n<div><span style=\"font-family: arial, helvetica, sans-serif;\"><br \/>\n<\/span><\/div>\n<div><strong>Director<em>: <\/em><\/strong>Hern\u00e1n Camarero<!--more--><\/div>\n<\/div>\n<div style=\"text-align: justify;\"><\/div>\n<div style=\"text-align: justify;\"><strong>Comit\u00e9 Editor:<\/strong> Alejandro Belkin, Hern\u00e1n Camarero, Laura Caruso, Natalia Casola, Diego  Ceruso, Hern\u00e1n D\u00edaz, Luc\u00eda Feijoo, Daniel Gaido, Carlos Herrera, Lucas  Poy, Alicia Rojo, Claudia Santa Cruz, Ludmila Scheinkman, Paula Varela.<\/div>\n<\/div>\n<div style=\"text-align: justify;\">ISSN : 2313-9749 \/\u00a0P\u00e1ginas: 224<\/div>\n<div style=\"text-align: justify;\">\n<div>Contacto: <a rel=\"nofollow\" href=\"mailto:redaccion@archivosrevista.com.ar\" target=\"_blank\">redaccion@archivosrevista.com.ar<\/a><\/div>\n<div>Web: <a rel=\"nofollow\" href=\"http:\/\/www.archivosrevista.com.ar\/\" target=\"_blank\">www.archivosrevista.com.ar<\/a><\/div>\n<\/div>\n<div style=\"text-align: justify;\">\n<div><strong>N\u00famero 1 \/ Indice<\/strong><\/div>\n<div><strong>Presentaci\u00f3n<\/strong><\/div>\n<div>\n<div><strong>Dossier: \u201cMovimiento obrero e izquierda en la Argentina (1880-1950)\u201d<\/strong><\/div>\n<div style=\"padding-left: 30px;\"><em>Socialismo  y anarquismo en la formaci\u00f3n de la clase obrera en Argentina: problemas  historiogr\u00e1ficos y apuntes metodol\u00f3gicos,<\/em> por Lucas Poy.<\/div>\n<div style=\"padding-left: 30px;\"><em>Sindicalismo  revolucionario, trabajadores mar\u00edtimos e historiograf\u00eda a comienzos del  siglo XX: revisi\u00f3n cr\u00edtica y perspectivas<\/em>, por Laura Caruso<\/div>\n<div style=\"padding-left: 30px;\"><em>Ascenso  y ocaso del Partido Comunista en el movimiento obrero argentino:  cr\u00edtica historiogr\u00e1fica y argumentaciones conceptuales, <\/em>por Hern\u00e1n  Camarero<\/div>\n<div style=\"padding-left: 30px;\"><em>La izquierda y la organizaci\u00f3n sindical en el lugar de trabajo, 1920-1940,<\/em> por Diego Ceruso<\/div>\n<div style=\"padding-left: 30px;\"><em>Los  or\u00edgenes del trotskismo argentino: de los a\u00f1os 30 al surgimiento del  peronismo. Elaboraciones te\u00f3rico-pol\u00edticas y v\u00ednculos con la clase  obrera<\/em>, por Alicia Rojo<\/div>\n<div><strong>Art\u00edculos<\/strong><\/div>\n<div style=\"padding-left: 30px;\"><em>El marxismo y la burocracia sindical. La experiencia alemana (1898-1920<\/em>), por Constanza Bosch Alessio y Daniel Gaido<\/div>\n<div style=\"padding-left: 30px;\"><em>Flora Trist\u00e1n: su papel en la constituci\u00f3n del socialismo y de la clase obrera francesa<\/em>, por Hern\u00e1n D\u00edaz<\/div>\n<div><strong>Perfiles<\/strong><\/div>\n<div style=\"padding-left: 30px;\"><em>David Montgomery (1927-2011),<\/em> por Ludmila Scheinkman<\/div>\n<div><strong>Cr\u00edtica de libros<\/strong><\/div>\n<div style=\"padding-left: 30px;\"><em>Workers of the World (Marcel Van der Linden)<\/em>, por Paula Varela<\/div>\n<div style=\"padding-left: 30px;\"><em>Anarquistas. Un siglo de movimiento libertario en Espa\u00f1a (Dolors Marin),<\/em> por Mart\u00edn Ariel Manuli<\/div>\n<div style=\"padding-left: 30px;\"><em>La Ligue Communiste R\u00e9volutionnaire (1968-1981) (Jean-Paul Salles)<\/em>, por Hern\u00e1n M. D\u00edaz<\/div>\n<div style=\"padding-left: 30px;\"><em>Nueve lecciones sobre econom\u00eda y pol\u00edtica en el marxismo (Jos\u00e9 M. Aric\u00f3),<\/em> por Walter L. Koppmann<\/div>\n<div style=\"padding-left: 30px;\"><em>Los combatientes. Historia del PRT-ERP (Vera Carnovale),<\/em> por D\u00e9bora D\u2019Antonio y Ariel Eidelman<\/div>\n<div><strong>Documentos<\/strong><\/div>\n<div style=\"padding-left: 30px;\"><em>Karl Marx  sobre la dictadura del proletariado y la revoluci\u00f3n en permanencia. Dos  documentos de 1850<\/em> por Manuel Quiroga y Daniel Gaido<\/div>\n<\/div>\n<\/div>\n<\/div>\n<p><strong>Publicado por ADHILAC Internacional \u00a9 www.adhilac.com.ar<\/strong><\/p>\n<p>Si Ud. desea asociarse de acuerdo a los Estatutos de ADHILAC\u00a0<a title=\"(ver)\" href=\"https:\/\/adhilac.com.ar\/?page_id=263\">(ver)<\/a> complete el siguiente formulario\u00a0<a title=\"(ver)\" href=\"https:\/\/adhilac.com.ar\/?page_id=3194\">(ver)<\/a><\/p>\n<p>E-mail:\u00a0<a title=\"info@adhilac.com.ar\" href=\"https:\/\/adhilac.com.ar\/info@adhilac.com.ar\" target=\"_blank\">info@adhilac.com.ar<\/a><strong> <\/strong><\/p>\n<p>Twitter: @AdhilacInfo<\/p>\n","protected":false},"excerpt":{"rendered":"<p>Archivos de historia del movimiento obrero y la izquierda Revista cient\u00edfica de historia social, pol\u00edtica, cultural e intelectual que tiene como objetivo impulsar la investigaci\u00f3n, la revisi\u00f3n y la actualizaci\u00f3n del conocimiento sobre el movimiento obrero y la izquierda, tanto a nivel nacional como internacional. Es una publicaci\u00f3n semestral, con referato externo y an\u00f3nimo, que\u00a0est\u00e1 [&hellip;]<\/p>\n","protected":false},"author":2,"featured_media":0,"comment_status":"closed","ping_status":"closed","sticky":false,"template":"","format":"standard","meta":{"_crdt_document":"","footnotes":""},"categories":[40,7],"tags":[372,168],"class_list":["post-7388","post","type-post","status-publish","format-standard","hentry","category-informaciones","category-publicac-info","tag-movimiento-obrero","tag-pensamiento-critico"],"_links":{"self":[{"href":"https:\/\/adhilac.com.ar\/index.php?rest_route=\/wp\/v2\/posts\/7388","targetHints":{"allow":["GET"]}}],"collection":[{"href":"https:\/\/adhilac.com.ar\/index.php?rest_route=\/wp\/v2\/posts"}],"about":[{"href":"https:\/\/adhilac.com.ar\/index.php?rest_route=\/wp\/v2\/types\/post"}],"author":[{"embeddable":true,"href":"https:\/\/adhilac.com.ar\/index.php?rest_route=\/wp\/v2\/users\/2"}],"replies":[{"embeddable":true,"href":"https:\/\/adhilac.com.ar\/index.php?rest_route=%2Fwp%2Fv2%2Fcomments&post=7388"}],"version-history":[{"count":6,"href":"https:\/\/adhilac.com.ar\/index.php?rest_route=\/wp\/v2\/posts\/7388\/revisions"}],"predecessor-version":[{"id":7394,"href":"https:\/\/adhilac.com.ar\/index.php?rest_route=\/wp\/v2\/posts\/7388\/revisions\/7394"}],"wp:attachment":[{"href":"https:\/\/adhilac.com.ar\/index.php?rest_route=%2Fwp%2Fv2%2Fmedia&parent=7388"}],"wp:term":[{"taxonomy":"category","embeddable":true,"href":"https:\/\/adhilac.com.ar\/index.php?rest_route=%2Fwp%2Fv2%2Fcategories&post=7388"},{"taxonomy":"post_tag","embeddable":true,"href":"https:\/\/adhilac.com.ar\/index.php?rest_route=%2Fwp%2Fv2%2Ftags&post=7388"}],"curies":[{"name":"wp","href":"https:\/\/api.w.org\/{rel}","templated":true}]}}