{"id":7472,"date":"2012-12-05T05:42:18","date_gmt":"2012-12-05T08:42:18","guid":{"rendered":"https:\/\/adhilac.com.ar\/?p=7472"},"modified":"2012-12-22T14:44:28","modified_gmt":"2012-12-22T17:44:28","slug":"iv-jornadas-de-historia-politica-universidad-de-la-republica-uruguay-8-a-10-de-julio-de-2013","status":"publish","type":"post","link":"https:\/\/adhilac.com.ar\/?p=7472","title":{"rendered":"IV Jornadas de Historia Pol\u00edtica. Universidad de la Rep\u00fablica. Uruguay. 8 a 10 de julio de 2013"},"content":{"rendered":"<p><strong> <\/strong><\/p>\n<h3 style=\"text-align: justify;\"><span style=\"color: #339966;\">Convocatoria<\/span><\/h3>\n<p style=\"text-align: justify;\"><strong>Universidad de la Rep\u00fablica. <\/strong><strong>Facultad de Ciencias Sociales. <\/strong><strong>Departamento de Ciencia Pol\u00edtica. <\/strong><strong>\u00c1rea de Historia Pol\u00edtica<\/strong><\/p>\n<p style=\"text-align: justify;\"><strong>Cuartas Jornadas de Historia Pol\u00edtica. <\/strong><strong>Montevideo, 8, 9 y 10 de julio de 2013<\/strong><\/p>\n<p style=\"text-align: justify;\"><strong> <\/strong><\/p>\n<p style=\"text-align: justify;\"><strong> <\/strong><\/p>\n<p style=\"text-align: justify;\"><strong> <\/strong><\/p>\n<p style=\"text-align: justify;\">El \u00c1rea de Historia Pol\u00edtica del Instituto de Ciencia Pol\u00edtica (Facultad de Ciencias Sociales de la Universidad de la Rep\u00fablica) convoca a las Cuartas Jornadas de Historia Pol\u00edtica, que se desarrollar\u00e1n en Montevideo los d\u00edas 8, 9 y 10 de julio de 2013.<\/p>\n<p style=\"text-align: justify;\">Las tres Jornadas anteriores, realizadas en 2006, 2008 y 2011 constituyeron fruct\u00edferas instancias de intercambio entre historiadores, pol\u00edt\u00f3logos y otros cientistas sociales de diversas nacionalidades. Con ello hemos iniciado un camino que, habida cuenta de la riqueza de la producci\u00f3n acad\u00e9mica en esta materia, y de los desaf\u00edos pendientes, aspiramos fortalecer en 2013 con la cuarta edici\u00f3n de las Jornadas de Historia Pol\u00edtica.<!--more--><\/p>\n<p style=\"text-align: justify;\">En esta ocasi\u00f3n, las \u00c1reas Tem\u00e1ticas sobre las que convocamos a la presentaci\u00f3n de ponencias son: enfoques y problemas historiogr\u00e1ficos; autoritarismos en el siglo XX; instituciones pol\u00edticas (partidos, gobiernos y elecciones); enfoques transnacionales de la pol\u00edtica y la cultura en la segunda mitad del siglo XX; izquierdas y derechas; Estado y pol\u00edticas p\u00fablicas; Historia conceptual e Historia de las ideas; identidades gen\u00e9ricas, sexualidad y acci\u00f3n pol\u00edtica. Cada \u00c1rea Tem\u00e1tica contar\u00e1 con una coordinaci\u00f3n a la cual deber\u00e1n remitirse los res\u00famenes de ponencias y los trabajos completos dentro de los plazos establecidos en esta convocatoria.<\/p>\n<p style=\"text-align: justify;\">La sede del evento ser\u00e1 la  Facultad de Ciencias Sociales de la Universidad de la Rep\u00fablica en Montevideo. El registro de participantes y el cobro de la inscripci\u00f3n correspondiente se realizar\u00e1n durante el propio evento, seg\u00fan el detalle que figura en esta convocatoria. Las certificaciones se expedir\u00e1n una vez producidas las participaciones correspondientes.<\/p>\n<p style=\"text-align: justify;\">A continuaci\u00f3n se detalla el contenido general de las \u00c1reas Tem\u00e1ticas a las que deber\u00e1n remitirse la propuestas (res\u00famenes) de ponencias, los plazos a los que deber\u00e1n sujetarse los autores, las costos de las distintas modalidades de participaci\u00f3n, y la direcci\u00f3n electr\u00f3nica a trav\u00e9s de los que circular\u00e1n desde ahora todas las comunicaciones referidas a las Cuartas Jornadas de Historia Pol\u00edtica.<\/p>\n<p style=\"text-align: justify;\">Montevideo, 7 de diciembre de 2012<\/p>\n<p style=\"text-align: justify;\"><strong>\u00c1rea tem\u00e1tica 1: \u00a0Historiograf\u00edas<\/strong><\/p>\n<p style=\"text-align: justify;\"><strong> <\/strong><\/p>\n<p style=\"text-align: justify;\">Coordinaci\u00f3n: Jos\u00e9 Rilla (ICP\/FCS) <a href=\"mailto:jrilla@fcs.edu.uy\">jrilla@fcs.edu.uy<\/a><\/p>\n<p style=\"text-align: justify;\">La historiograf\u00eda entendida como conjunto de discursos reglados e institucionalizados acerca del pasado delimita un campo de conocimiento y autorizaci\u00f3n. Ello ha de merecer la contestaci\u00f3n permanente de quienes la producen y de quienes la usan y critican. La historiograf\u00eda habr\u00e1 de ser concebida aqu\u00ed como proceso de desnaturalizaci\u00f3n del conocimiento y de la historia misma, y como sistema de autorreflexi\u00f3n de las pr\u00e1cticas en toda su extensi\u00f3n (desde el archivo hasta la lectura y los lectores).<\/p>\n<p style=\"text-align: justify;\">Con este encuadre ser\u00e1n de recibo preferencial las contribuciones destinadas a realizar una apreciaci\u00f3n cr\u00edtica de la producci\u00f3n y un registro de novedades, tanto en sus aspectos sustantivos de creaci\u00f3n de conocimiento, como en sus condiciones institucionales y materiales de maduraci\u00f3n y reconocimiento.<\/p>\n<p style=\"text-align: justify;\">En referencia a la historia pol\u00edtica, habr\u00e1 de promoverse la constituci\u00f3n de mesas de trabajo y redacci\u00f3n de ponencias que tengan en cuenta el balance de los repertorios tem\u00e1ticos, te\u00f3ricos y metodol\u00f3gicos, as\u00ed como el juego de relaciones problem\u00e1ticas con la ciencia pol\u00edtica y el conjunto de las ciencias sociales y humanas. En esta ocasi\u00f3n se tomar\u00e1n especialmente en cuenta contribuciones que apunten a las relaciones entre historia pol\u00edtica y medios de comunicaci\u00f3n; a cuestiones te\u00f3ricas y metodol\u00f3gicas derivadas del abordaje del desarrollo socioecon\u00f3mico y sus relaciones con la historia pol\u00edtica; a los usos pol\u00edticos del pasado; a las relaciones entre historia cultural e historia pol\u00edtica; a problemas historiogr\u00e1ficos vinculados al\u00a0 archivo y la documentaci\u00f3n.<\/p>\n<p style=\"text-align: justify;\">\u00c1<strong>rea Tem\u00e1tica 2: Autoritarismos en el Siglo XX<\/strong><\/p>\n<p style=\"text-align: justify;\"><strong> <\/strong><\/p>\n<p style=\"text-align: justify;\">Coordinaci\u00f3n:\u00a0Gabriel Quirici (ICP\/FCS) gquirici@gmail.com.\u00a0Javier Correa (MEC) javitocorrea@yahoo.com.ar<\/p>\n<p style=\"text-align: justify;\">Los objetivos de nuestra \u00e1rea tem\u00e1tica son amplios. Se pretende trabajar sobre distintos conceptos, experiencias y controversias en torno a los autoritarismos. La propuesta pretende trascender la historia reciente (sin dejar de tenerla en cuenta) para intentar comprender las (no pocas) caracter\u00edsticas autoritarias y antidemocr\u00e1ticas de nuestras sociedades y de nuestro tiempo.<\/p>\n<p style=\"text-align: justify;\">En consecuencia, proponemos trabajar con amplitud temporal y espacial para profundizar los conocimientos y an\u00e1lisis sobre los autoritarismos en diversos per\u00edodos, no solo en los dictatoriales, y con distintos enfoques metodol\u00f3gicos que aborden mayor cantidad de agentes y escenarios hist\u00f3ricos.<\/p>\n<p style=\"text-align: justify;\">Entre los temas posibles a abordar se encuentran la d\u00e9cada del 30 y sus nuevos modelos pol\u00edticos (PRI, Estado Novo, \u201cterrismo\u201d, represi\u00f3n antisindical en Argentina, etc.); la saga de los populismos y la presencia de componentes autoritarios tanto desde el poder y como desde sus oposiciones; las dictaduras del Cono Sur de 1960 \u2013 1990; as\u00ed como otros\u00a0actores (movimientos armados, pol\u00edtica religiosa, grupos de presi\u00f3n) y otras pr\u00e1cticas (medios y campa\u00f1as de miedo); adem\u00e1s se pueden abordar diferentes experiencias autoritarias influyentes de contenido ideol\u00f3gico diverso en Am\u00e9rica y el mundo (estalinismo, franquismo, macartismo, mao\u00edsmo, castrismo, etc.).<\/p>\n<p style=\"text-align: justify;\"><strong>\u00c1rea Tem\u00e1tica 3: Instituciones pol\u00edticas (partidos, gobiernos y elecciones)<\/strong><\/p>\n<p style=\"text-align: justify;\"><strong> <\/strong><\/p>\n<p style=\"text-align: justify;\">Coordinaci\u00f3n:\u00a0Felipe Monestier: (ICP\/FCS)\u00a0 <a href=\"mailto:felipe.monestier@gmail.com\">felipe.monestier@gmail.com<\/a>,\u00a0Jaime Yaffe: (ICP\/FCS)\u00a0 \u00a0<a href=\"mailto:jaimeyaffe@gmail.com\">jaimeyaffe@gmail.com<\/a><\/p>\n<p style=\"text-align: justify;\">Las instituciones pol\u00edticas, entendidas como estructuras organizacionales o sistemas de reglas que delimitan la acci\u00f3n de los actores que participan de los procesos pol\u00edticos, constituyen el foco de atenci\u00f3n de esta \u00e1rea tem\u00e1tica. En este marco, se recibir\u00e1n\u00a0 propuestas de ponencias que coloquen las instituciones pol\u00edticas en el centro del an\u00e1lisis hist\u00f3rico, incorporando la dimensi\u00f3n temporal de estos fen\u00f3menos, as\u00ed como las contingencias derivadas de los contextos espec\u00edficos en que ellos se desarrollan. La selecci\u00f3n de las propuestas que participar\u00e1n de las mesas organizadas en esta \u00e1rea se realizar\u00e1 considerando especialmente los siguientes n\u00facleos tem\u00e1ticos: partidos, sistemas de partidos, procesos electorales, sistemas electorales, reg\u00edmenes de gobierno, relaciones\u00a0parlamento-ejecutivo, procesos legislativos, procesos de innovaci\u00f3n y reforma institucional, sistemas de justicia y su relaci\u00f3n con el gobierno.<\/p>\n<p style=\"text-align: justify;\"><strong>\u00c1rea Tem\u00e1tica 4: Enfoques transnacionales de la pol\u00edtica y la cultura en la segunda mitad del siglo XX<\/strong><\/p>\n<p style=\"text-align: justify;\">Coordinaci\u00f3n: Aldo Marchesi (ICP\/FCS) aldomarchesi70@gmail.com<\/p>\n<p style=\"text-align: justify;\">En las \u00faltimas d\u00e9cadas una serie de enfoques acad\u00e9micos han trascendido las fronteras nacionales para pensar las modalidades en que los procesos locales se ven afectados por acontecimientos globales El per\u00edodo marcado por la Guerra Fr\u00eda en Latinoam\u00e9rica es un caso paradigm\u00e1tico para examinar las particulares modalidades en que lo nacional, lo regional y lo global se vieron afectados por proyectos que adem\u00e1s de ser nacionales incorporaban otros sentidos que implicaban relaciones con espacios transnacionales. La presente \u00e1rea tem\u00e1tica convoca a trabajos que piensen la pol\u00edtica, en un sentido amplio, incluyendo sus dimensiones culturales y sociales en una perspectiva transnacional durante la segunda mitad del siglo XX. La idea es construir un espacio para discutir los problemas te\u00f3rico-metodol\u00f3gicos de este tipo de enfoques as\u00ed como pensar las maneras en que estos trabajos pueden contribuir a complejizar narrativas ya establecidas.<\/p>\n<p style=\"text-align: justify;\"><strong>\u00c1rea Tem\u00e1tica 5: Izquierdas y Derechas<\/strong><\/p>\n<p style=\"text-align: justify;\"><strong> <\/strong><\/p>\n<p style=\"text-align: justify;\">Coordinaci\u00f3n:\u00a0Marina Cardozo (ICP\/FCS) dulcimarina@gmail.com,\u00a0Magdalena Broquetas (FHCE) magdalena.broquetas@mail.com<\/p>\n<p style=\"text-align: justify;\">El \u00e1rea tem\u00e1tica \u201cIzquierdas y Derechas\u201d propone la presentaci\u00f3n y discusi\u00f3n de trabajos orientados al estudio de las izquierdas y las derechas a nivel local, regional e internacional, desde los a\u00f1os sesenta y hasta fines del siglo XX.\u00a0 Resultar\u00e1n de inter\u00e9s aquellas investigaciones que, desde diferentes perspectivas, incluyendo los estudios comparativos, tengan como prop\u00f3sito el estudio de las trayectorias pol\u00edticas de partidos, movimientos y organizaciones de izquierda y de derecha, as\u00ed como las dimensiones sociales, culturales, intelectuales y econ\u00f3micas que integran la construcci\u00f3n de sus respectivos proyectos pol\u00edticos.<\/p>\n<p style=\"text-align: justify;\"><strong> <\/strong><\/p>\n<p style=\"text-align: justify;\"><strong>\u00c1rea Tem\u00e1tica 6: <\/strong><strong>Estado y pol\u00edticas p\u00fablicas<\/strong><\/p>\n<p style=\"text-align: justify;\">Coordinaci\u00f3n: Silvana Harriett (ICP\/FCS) silvana.harriett@gmail.com<\/p>\n<p style=\"text-align: justify;\">Esta \u00e1rea tem\u00e1tica se concibe como un espacio de intercambio de trabajos que aborden las transformaciones y continuidades en el papel del Estado como productor de bienes, servicios y regulaciones, tanto en un abordaje de car\u00e1cter global como a trav\u00e9s de estudios de casos o enfoques comparativos a nivel subnacional, nacional o internacional sobre trayectorias de pol\u00edticas p\u00fablicas sectoriales. En este sentido, es pertinente la presentaci\u00f3n de historias de ministerios, empresas p\u00fablicas, entes aut\u00f3nomos y otras instituciones estatales, as\u00ed como trabajos en que se analicen instituciones \u2013 p\u00fablicas y privadas- y procesos asociados a la toma de decisiones sobre pol\u00edticas p\u00fablicas. Constituye asimismo parte de este tema el an\u00e1lisis del rol de los partidos pol\u00edticos, grupos de presi\u00f3n y corrientes ideol\u00f3gicas en el dise\u00f1o e implementaci\u00f3n de las pol\u00edticas p\u00fablicas en la historia del Uruguay y a nivel regional, as\u00ed como los que se enfoque la relaci\u00f3n entre pol\u00edticas\u00a0 p\u00fablicas y construcci\u00f3n de ciudadan\u00eda y derechos.<\/p>\n<p style=\"text-align: justify;\"><strong>\u00c1rea Tem\u00e1tica 7: Historia conceptual e Historia de las ideas<\/strong><\/p>\n<p style=\"text-align: justify;\"><strong> <\/strong><\/p>\n<p style=\"text-align: justify;\">Coordinaci\u00f3n: Gerardo Caetano (ICP\/FCS) gcaetano @fcs.edu.uy<\/p>\n<p style=\"text-align: justify;\">Se trata de debatir ponencias que incursionen en los paradigmas de las llamadas \u00abHistoria Conceptual\u00bb e \u201cHistorias de las Ideas\u201d, buscando establecer sus discernimientos espec\u00edficos con un campo de estudios marcadamente plural, cargado de tradiciones pero tambi\u00e9n de novedades. Se incorporar\u00e1n abordajes sobre teor\u00eda y metodolog\u00eda, pero se procurar\u00e1 enfatizar el cotejo entre ambas corrientes historiogr\u00e1ficas a partir de trabajos aplicados sobre tem\u00e1ticas espec\u00edficas. En esa direcci\u00f3n y habida cuenta del escaso conocimiento existente en el medio uruguayo acerca de la Historia Conceptual, se combinar\u00e1n acercamientos te\u00f3rico-metodol\u00f3gicos y an\u00e1lisis aplicados a los efectos de promover la reflexi\u00f3n en torno a esta manera distinta de pensar la Historia de las Ideas. Se procurar\u00e1 de paso aportar tambi\u00e9n para una reflexi\u00f3n consistente sobre las intersecciones de las ideas, los usos p\u00fablicos del lenguaje y de los conceptos y de los desarrollos recientes de la Historia Pol\u00edtica.<\/p>\n<p style=\"text-align: justify;\"><strong>\u00c1rea Tem\u00e1tica 8: Identidades gen\u00e9ricas, sexualidad y acci\u00f3n pol\u00edtica<\/strong><\/p>\n<p style=\"text-align: justify;\">Coordinaci\u00f3n: Niki Johnson (ICP\/FCS)\u00a0 <a href=\"mailto:niki.uruguay@gmail.com\">niki.uruguay@gmail.com<\/a><\/p>\n<p style=\"text-align: justify;\">Esta \u00e1rea se centrar\u00e1 en discutir enfoques y an\u00e1lisis hist\u00f3ricos que trabajen las relaciones de g\u00e9nero, las transformaciones y las permanencias de los modelos de masculinidad y femineidad, y la emergencia de identidades sexuales en los discursos pol\u00edticos, sociales y medi\u00e1ticos, a efectos de repensar su papel en la politizaci\u00f3n de las subjetividades y su capacidad de intervenci\u00f3n en el espacio p\u00fablico.<\/p>\n<p style=\"text-align: justify;\"><strong>CALENDARIO:<\/strong><\/p>\n<p style=\"text-align: justify;\"><strong> <\/strong><\/p>\n<p style=\"text-align: justify;\">&#8211; Env\u00edo de res\u00famenes (m\u00e1ximo 500 palabras): 15\/03\/2013.<\/p>\n<p style=\"text-align: justify;\">&#8211; Aviso de aceptaci\u00f3n de res\u00famenes: 1\/4\/2013.<\/p>\n<p style=\"text-align: justify;\">&#8211; Env\u00edo de ponencias (m\u00e1ximo 20 p\u00e1ginas A4, TNR12, interlineado 1.5): 10\/06\/2013.<\/p>\n<p style=\"text-align: justify;\">&#8211; Sesiones del evento: 8, 9 y 10 de julio de 2013.<\/p>\n<p style=\"text-align: justify;\"><strong> <\/strong><\/p>\n<p style=\"text-align: justify;\"><strong> <\/strong><\/p>\n<p style=\"text-align: justify;\"><strong> <\/strong><\/p>\n<p style=\"text-align: justify;\"><strong>COSTO DE LA INSCRIPCI\u00d3N:<\/strong><\/p>\n<p style=\"text-align: justify;\"><strong> <\/strong><\/p>\n<p style=\"text-align: justify;\">Expositores: U$S 25<\/p>\n<p style=\"text-align: justify;\">Asistentes no expositores, con entrega de certificaci\u00f3n y CD: U$S 15<\/p>\n<p style=\"text-align: justify;\">Asistentes no expositores, sin certificaci\u00f3n ni CD: entrada libre.<\/p>\n<p style=\"text-align: justify;\">Estudiantes Asistentes, con entrega de certificaci\u00f3n y CD: U$S 10<\/p>\n<p style=\"text-align: justify;\"><strong> <\/strong><\/p>\n<p style=\"text-align: justify;\"><strong> <\/strong><\/p>\n<p style=\"text-align: justify;\"><strong>Comunicaciones e informaciones:<\/strong><\/p>\n<p style=\"text-align: justify;\">Correo electr\u00f3nico: <a href=\"mailto:4asjdashistopol@gmail.com\">4asjdashistopol@gmail.com<\/a><\/p>\n<p style=\"text-align: justify;\"><strong>Coordinaci\u00f3n General<\/strong><strong>:<\/strong><\/p>\n<p style=\"text-align: justify;\">Gabriel Bucheli y Diego Sempol<strong> <\/strong><\/p>\n<p style=\"text-align: justify;\"><strong> <\/strong><\/p>\n<p style=\"text-align: justify;\"><strong>Apoyo a la Organizaci\u00f3n:<\/strong><\/p>\n<p style=\"text-align: justify;\">Felipe Monestier y Gabriel Quirici<\/p>\n<p style=\"text-align: justify;\"><strong> <\/strong><\/p>\n<p style=\"text-align: justify;\"><strong> <\/strong><\/p>\n<p style=\"text-align: justify;\">AREA DE HISTORIA POLITICA<\/p>\n<p style=\"text-align: justify;\">DEPARTAMENTO DE CIENCIA POL\u00cdTICA<\/p>\n<p style=\"text-align: justify;\"><strong>FACULTAD DE CIENCAS SOCIALES<\/strong><\/p>\n<p style=\"text-align: justify;\"><strong>UNIVERSIDAD DE LA REP\u00daBLICA<\/strong><\/p>\n<p style=\"text-align: justify;\"><strong> <\/strong><\/p>\n<p style=\"text-align: justify;\"><strong> <\/strong><\/p>\n<p style=\"text-align: justify;\"><strong> <\/strong><\/p>\n<p><strong>Publicado por ADHILAC Internacional \u00a9 www.adhilac.com.ar<\/strong><\/p>\n<p>Si Ud. desea asociarse de acuerdo a los Estatutos de ADHILAC\u00a0<a title=\"(ver)\" href=\"https:\/\/adhilac.com.ar\/?page_id=263\">(ver)<\/a> complete el siguiente formulario\u00a0<a title=\"(ver)\" href=\"https:\/\/adhilac.com.ar\/?page_id=3194\">(ver)<\/a><\/p>\n<p>E-mail:\u00a0<a title=\"info@adhilac.com.ar\" href=\"https:\/\/adhilac.com.ar\/info@adhilac.com.ar\" target=\"_blank\">info@adhilac.com.ar<\/a><strong> <\/strong><\/p>\n<p>Twitter: @AdhilacInfo<\/p>\n<p style=\"text-align: justify;\">&nbsp;<\/p>\n","protected":false},"excerpt":{"rendered":"<p>Convocatoria Universidad de la Rep\u00fablica. Facultad de Ciencias Sociales. Departamento de Ciencia Pol\u00edtica. \u00c1rea de Historia Pol\u00edtica Cuartas Jornadas de Historia Pol\u00edtica. Montevideo, 8, 9 y 10 de julio de 2013 El \u00c1rea de Historia Pol\u00edtica del Instituto de Ciencia Pol\u00edtica (Facultad de Ciencias Sociales de la Universidad de la Rep\u00fablica) convoca a las Cuartas [&hellip;]<\/p>\n","protected":false},"author":37,"featured_media":0,"comment_status":"closed","ping_status":"closed","sticky":false,"template":"","format":"standard","meta":{"_crdt_document":"","footnotes":""},"categories":[5,40],"tags":[378,379],"class_list":["post-7472","post","type-post","status-publish","format-standard","hentry","category-congresos","category-informaciones","tag-historia-politica","tag-siglo-xx"],"_links":{"self":[{"href":"https:\/\/adhilac.com.ar\/index.php?rest_route=\/wp\/v2\/posts\/7472","targetHints":{"allow":["GET"]}}],"collection":[{"href":"https:\/\/adhilac.com.ar\/index.php?rest_route=\/wp\/v2\/posts"}],"about":[{"href":"https:\/\/adhilac.com.ar\/index.php?rest_route=\/wp\/v2\/types\/post"}],"author":[{"embeddable":true,"href":"https:\/\/adhilac.com.ar\/index.php?rest_route=\/wp\/v2\/users\/37"}],"replies":[{"embeddable":true,"href":"https:\/\/adhilac.com.ar\/index.php?rest_route=%2Fwp%2Fv2%2Fcomments&post=7472"}],"version-history":[{"count":4,"href":"https:\/\/adhilac.com.ar\/index.php?rest_route=\/wp\/v2\/posts\/7472\/revisions"}],"predecessor-version":[{"id":7475,"href":"https:\/\/adhilac.com.ar\/index.php?rest_route=\/wp\/v2\/posts\/7472\/revisions\/7475"}],"wp:attachment":[{"href":"https:\/\/adhilac.com.ar\/index.php?rest_route=%2Fwp%2Fv2%2Fmedia&parent=7472"}],"wp:term":[{"taxonomy":"category","embeddable":true,"href":"https:\/\/adhilac.com.ar\/index.php?rest_route=%2Fwp%2Fv2%2Fcategories&post=7472"},{"taxonomy":"post_tag","embeddable":true,"href":"https:\/\/adhilac.com.ar\/index.php?rest_route=%2Fwp%2Fv2%2Ftags&post=7472"}],"curies":[{"name":"wp","href":"https:\/\/api.w.org\/{rel}","templated":true}]}}