{"id":7478,"date":"2012-12-17T07:13:38","date_gmt":"2012-12-17T10:13:38","guid":{"rendered":"https:\/\/adhilac.com.ar\/?p=7478"},"modified":"2012-12-17T07:13:38","modified_gmt":"2012-12-17T10:13:38","slug":"primeras-constituciones-latinoamericanas-adhilac-cuba-diciembre-2012","status":"publish","type":"post","link":"https:\/\/adhilac.com.ar\/?p=7478","title":{"rendered":"Primeras Constituciones Latinoamericanas. ADHILAC Cuba. Diciembre 2012"},"content":{"rendered":"<h3 style=\"text-align: justify;\"><span style=\"color: #339966;\"><a href=\"https:\/\/adhilac.com.ar\/wp-content\/uploads\/2012\/12\/Const-Cartagena.jpg\"><img loading=\"lazy\" decoding=\"async\" class=\"alignright size-full wp-image-7479\" title=\"Const- Cartagena\" src=\"https:\/\/adhilac.com.ar\/wp-content\/uploads\/2012\/12\/Const-Cartagena.jpg\" alt=\"\" width=\"160\" height=\"247\" \/><\/a>Hora del recuento necesario <\/span><\/h3>\n<p style=\"text-align: justify;\"><strong>En el bicentenario de las primeras cartas magnas en Am\u00e9rica Latina y el  Caribe <\/strong><br \/>\nRicardo Alonso Venereo<\/p>\n<p style=\"text-align: justify;\">La Habana. 14 de diciembre.<\/p>\n<p style=\"text-align: justify;\">El Coloquio Internacional Bicentenario de las Primeras Constituciones  Latinoamericanas, que desde el pasado martes reuni\u00f3 en la Casa del  Benem\u00e9rito de las Am\u00e9ricas Benito Ju\u00e1rez a historiadores, polit\u00f3logos y  juristas cubanos y de otros diez pa\u00edses de la regi\u00f3n, Estados Unidos y  Europa, analiz\u00f3 el significado de las cartas magnas primigenias de  nuestros pueblos y valor\u00f3 sus huellas en el mapa pol\u00edtico de hoy.\u00a0<!--more--><\/p>\n<p style=\"text-align: justify;\">Convocado por la Secci\u00f3n Cubana de la Asociaci\u00f3n de Historiadores  Latinoamericanos y del Caribe (ADHILAC), con el coauspicio del  Ministerio de Cultura, la Universidad de La Habana, la Oficina del  Historiador de la Ciudad, la Academia de la Historia de Cuba, y la Uni\u00f3n  Nacional de Juristas de Cuba \u00abel evento, por su naturaleza y alcance, ha  despertado un gran inter\u00e9s\u00bb, declar\u00f3 el doctor Sergio Guerra Vilaboy,  presidente de la ADHILAC.<\/p>\n<p>El tambi\u00e9n secretario ejecutivo del grupo nacional para la  conmemoraci\u00f3n del Bicentenario de la Independencia de Am\u00e9rica Latina,  explic\u00f3 que el \u00e9xito radic\u00f3 en que abord\u00f3 no solo el aspecto hist\u00f3rico,  sino articul\u00f3 la experiencia de aquellos tiempos fundacionales al  estudio y el an\u00e1lisis de la creaci\u00f3n de nuevas constituciones al calor  del proceso revolucionario que actualmente vive Am\u00e9rica Latina, en  especial en pa\u00edses como Venezuela, Bolivia y Ecuador.<\/p>\n<p>En el a\u00f1o a punto de finalizar se conmemoraron los 200 a\u00f1os de la  adopci\u00f3n de las primeras cartas magnas de la Am\u00e9rica meridional: Ecuador  (Quito), Colombia (Cartagena) y Chile, as\u00ed como de la elaboraci\u00f3n de un  proyecto para Cuba. Tambi\u00e9n el 8 de junio de 1812 con la presencia de  diputados hispanoamericanos, fue proclamada la Constituci\u00f3n de C\u00e1diz  (Espa\u00f1a), que tuvo gran impacto en el proceso emancipador y  constitucional de Nuestra Am\u00e9rica.<\/p>\n<p style=\"text-align: justify;\">Fuente:\u00a0http:\/\/www.granma.cubaweb.cu<\/p>\n<p><strong>Publicado por ADHILAC Internacional \u00a9 www.adhilac.com.ar<\/strong><\/p>\n<p>Si Ud. desea asociarse de acuerdo a los Estatutos de ADHILAC\u00a0<a title=\"(ver)\" href=\"https:\/\/adhilac.com.ar\/?page_id=263\">(ver)<\/a> complete el siguiente formulario\u00a0<a title=\"(ver)\" href=\"https:\/\/adhilac.com.ar\/?page_id=3194\">(ver)<\/a><\/p>\n<p>E-mail:\u00a0<a title=\"info@adhilac.com.ar\" href=\"https:\/\/adhilac.com.ar\/info@adhilac.com.ar\" target=\"_blank\">info@adhilac.com.ar<\/a><strong> <\/strong><\/p>\n<p>Twitter: @AdhilacInfo<\/p>\n<p style=\"text-align: justify;\">&nbsp;<\/p>\n","protected":false},"excerpt":{"rendered":"<p>Hora del recuento necesario En el bicentenario de las primeras cartas magnas en Am\u00e9rica Latina y el Caribe Ricardo Alonso Venereo La Habana. 14 de diciembre. El Coloquio Internacional Bicentenario de las Primeras Constituciones Latinoamericanas, que desde el pasado martes reuni\u00f3 en la Casa del Benem\u00e9rito de las Am\u00e9ricas Benito Ju\u00e1rez a historiadores, polit\u00f3logos y [&hellip;]<\/p>\n","protected":false},"author":2,"featured_media":0,"comment_status":"closed","ping_status":"closed","sticky":false,"template":"","format":"standard","meta":{"_crdt_document":"","footnotes":""},"categories":[18,5],"tags":[60,16],"class_list":["post-7478","post","type-post","status-publish","format-standard","hentry","category-adhilac-cuba","category-congresos","tag-constituciones","tag-emancipacion"],"_links":{"self":[{"href":"https:\/\/adhilac.com.ar\/index.php?rest_route=\/wp\/v2\/posts\/7478","targetHints":{"allow":["GET"]}}],"collection":[{"href":"https:\/\/adhilac.com.ar\/index.php?rest_route=\/wp\/v2\/posts"}],"about":[{"href":"https:\/\/adhilac.com.ar\/index.php?rest_route=\/wp\/v2\/types\/post"}],"author":[{"embeddable":true,"href":"https:\/\/adhilac.com.ar\/index.php?rest_route=\/wp\/v2\/users\/2"}],"replies":[{"embeddable":true,"href":"https:\/\/adhilac.com.ar\/index.php?rest_route=%2Fwp%2Fv2%2Fcomments&post=7478"}],"version-history":[{"count":3,"href":"https:\/\/adhilac.com.ar\/index.php?rest_route=\/wp\/v2\/posts\/7478\/revisions"}],"predecessor-version":[{"id":7497,"href":"https:\/\/adhilac.com.ar\/index.php?rest_route=\/wp\/v2\/posts\/7478\/revisions\/7497"}],"wp:attachment":[{"href":"https:\/\/adhilac.com.ar\/index.php?rest_route=%2Fwp%2Fv2%2Fmedia&parent=7478"}],"wp:term":[{"taxonomy":"category","embeddable":true,"href":"https:\/\/adhilac.com.ar\/index.php?rest_route=%2Fwp%2Fv2%2Fcategories&post=7478"},{"taxonomy":"post_tag","embeddable":true,"href":"https:\/\/adhilac.com.ar\/index.php?rest_route=%2Fwp%2Fv2%2Ftags&post=7478"}],"curies":[{"name":"wp","href":"https:\/\/api.w.org\/{rel}","templated":true}]}}