{"id":7675,"date":"2013-03-26T02:28:34","date_gmt":"2013-03-26T05:28:34","guid":{"rendered":"https:\/\/adhilac.com.ar\/?p=7675"},"modified":"2013-06-21T13:45:14","modified_gmt":"2013-06-21T16:45:14","slug":"bicentenario-parte-militar-de-simon-bolivar-sobre-la-batalla-de-cucuta","status":"publish","type":"post","link":"https:\/\/adhilac.com.ar\/?p=7675","title":{"rendered":"Bicentenario. Parte militar de Sim\u00f3n Bol\u00edvar sobre la Batalla de C\u00facuta"},"content":{"rendered":"<p style=\"text-align: justify;\"><a href=\"https:\/\/adhilac.com.ar\/wp-content\/uploads\/2013\/03\/Bolivar-BrazosCruz.jpg\"><img loading=\"lazy\" decoding=\"async\" class=\"alignright size-full wp-image-7795\" title=\"Bolivar-BrazosCruz\" src=\"https:\/\/adhilac.com.ar\/wp-content\/uploads\/2013\/03\/Bolivar-BrazosCruz.jpg\" alt=\"\" width=\"262\" height=\"332\" srcset=\"https:\/\/adhilac.com.ar\/wp-content\/uploads\/2013\/03\/Bolivar-BrazosCruz.jpg 374w, https:\/\/adhilac.com.ar\/wp-content\/uploads\/2013\/03\/Bolivar-BrazosCruz-236x300.jpg 236w\" sizes=\"auto, (max-width: 262px) 100vw, 262px\" \/><\/a><\/p>\n<h3 style=\"text-align: justify;\"><span style=\"color: #339966;\">28 de febrero de 1813<\/span><\/h3>\n<p style=\"text-align: justify;\">Despu\u00e9s de haber llegado a mi cuartel general de San Cayetano los pertrechos y retaguardia y ciento veintis\u00e9is hombres de la Uni\u00f3n, al mando de los Capitanes Usc\u00e1tegui y Ram\u00edrez, pasamos ayer tarde el\u00a0r\u00edo\u00a0Zulia, y al amanecer de este d\u00eda nos pusimos en marcha hacia esta Villa Capital de C\u00facuta, y cuartel general del enemigo. A\u00fan no eran las nueve de la ma\u00f1ana cuando nos encontramos posesionados de la altura que dominaba el Valle, desde donde empezamos a batir al enemigo acampado fuera de la Villa, a tiro de fusil de la cima del monte. Inmediatamente que nos presentamos, una partida de 100 hombres quiso tomarnos la espalda por nuestra derecha, pero en vano porque nuestros movimientos los hicieron desistir de su proyecto. <!--more-->Entonces vari\u00f3 su tentativa y se apoder\u00f3 de las alturas que estaban a nuestra izquierda de donde fue desalojado violentamente y bien a su costa. Mientras tanto mi centro, al mando del coronel Francisco\u00a0Jos\u00e9\u00a0Ribas, sosten\u00eda un fuego horrible contra el enemigo que se defend\u00eda con una ciega obstinaci\u00f3n, gan\u00e1ndole palmo a palmo el terreno y oblig\u00e1ndolo a tomar cada instante nuevas posiciones que \u00e9l sosten\u00eda con el grueso de sus tropas y toda su artiller\u00eda y caballer\u00eda. Viendo que nuestros soldados se llenaban de tanto m\u00e1s ardor cuando era mayor el peligro, di orden al coronel Rivas y al resto de las tropas que tomasen al asalto la Villa y el campo. As\u00ed lo ejecutaron a pesar del vivo fuego que por todas partes nos llov\u00eda, as\u00ed de artiller\u00eda como de fusiler\u00eda, avanzando paso a paso; y cansado ya de 4 horas de combate, entramos a la bayoneta, por hab\u00e9rsenos casi acabado las municiones de caballer\u00eda. El enemigo sobrecogido en este momento de un terror p\u00e1nico, se escap\u00f3 precipitadamente, dejando a nuestro poder plaza, artiller\u00eda, pertrechos, fusiles, v\u00edveres y cuantos efectos pertenec\u00edan al gobierno espa\u00f1ol y sus c\u00f3mplices. Hemos alcanzado la m\u00e1s completa victoria, apoder\u00e1ndonos de sus fuertes posiciones y de estos floridos valles que ellos oprim\u00edan mat\u00e1ndoles o hiri\u00e9ndoles una multitud de soldados y oficiales, inclusive el mismo comandante Correa, que lo han recogido del campo de batalla gravemente herido en la cabeza, siendo por nuestra parte la p\u00e9rdida tan desproporcionada que solo tenemos que deplorar dos hombres muertos y 14 heridos, entre ellos el valeroso teniente de las tropas de la Uni\u00f3n, ciudadano Concha. Todos nuestros soldados, oficiales se han cubierto de gloria pero muy particularmente el coronel Rivas, que mandaba todas las tropas de vanguardia y a quien la patria debe en este d\u00eda una gran parte de su triunfo; como igualmente se se\u00f1alaron el mayor Narv\u00e1rez, el capit\u00e1n Vidal, comandante de la retaguardia; el capit\u00e1n Lino Ram\u00edrez, comandante de las tropas de Pamplona; el comandante de vanguardia, el bizarro ciudadano Pedro Guillen; el ayudante Rib\u00f3n; y por no hacer una larga enumeraci\u00f3n dir\u00e9 en una palabra que todos, hasta los \u00faltimos soldados, han llenado honrosamente su deber. Jam\u00e1s el enemigo logr\u00f3 hacernos retroceder un solo paso, no obstante sus ventajas en artiller\u00eda y caballer\u00eda y posiciones dentro de la Villa\u201d.<\/p>\n<p style=\"text-align: justify; padding-left: 30px;\"><span style=\"font-size: 13px; line-height: 19px;\">Sim\u00f3n Bol\u00edvar<\/span><\/p>\n<p><strong>Publicado por ADHILAC Internacional \u00a9 www.adhilac.com.ar<\/strong><\/p>\n<p>Si Ud. desea asociarse de acuerdo a los Estatutos de ADHILAC\u00a0<a title=\"(ver)\" href=\"https:\/\/adhilac.com.ar\/?page_id=263\">(ver)<\/a> complete el formulario correspondiente\u00a0<a title=\"(Ver)\" href=\"https:\/\/adhilac.com.ar\/?page_id=4779\" target=\"_blank\">(ver)<\/a><\/p>\n<p>E-mail:\u00a0<a title=\"info@adhilac.com.ar\" href=\"https:\/\/adhilac.com.ar\/info@adhilac.com.ar\" target=\"_blank\">info@adhilac.com.ar<\/a><strong> <\/strong><\/p>\n<p>Twitter: @AdhilacInfo<\/p>\n<p style=\"text-align: justify;\"><span style=\"font-size: 13px; line-height: 19px;\"><br \/>\n<\/span><\/p>\n","protected":false},"excerpt":{"rendered":"<p>28 de febrero de 1813 Despu\u00e9s de haber llegado a mi cuartel general de San Cayetano los pertrechos y retaguardia y ciento veintis\u00e9is hombres de la Uni\u00f3n, al mando de los Capitanes Usc\u00e1tegui y Ram\u00edrez, pasamos ayer tarde el\u00a0r\u00edo\u00a0Zulia, y al amanecer de este d\u00eda nos pusimos en marcha hacia esta Villa Capital de C\u00facuta, [&hellip;]<\/p>\n","protected":false},"author":2,"featured_media":0,"comment_status":"closed","ping_status":"closed","sticky":false,"template":"","format":"standard","meta":{"_crdt_document":"","footnotes":""},"categories":[381,8],"tags":[14,46],"class_list":["post-7675","post","type-post","status-publish","format-standard","hentry","category-archivo","category-fuentes-testimonios","tag-bicentenario","tag-simon-bolivar"],"_links":{"self":[{"href":"https:\/\/adhilac.com.ar\/index.php?rest_route=\/wp\/v2\/posts\/7675","targetHints":{"allow":["GET"]}}],"collection":[{"href":"https:\/\/adhilac.com.ar\/index.php?rest_route=\/wp\/v2\/posts"}],"about":[{"href":"https:\/\/adhilac.com.ar\/index.php?rest_route=\/wp\/v2\/types\/post"}],"author":[{"embeddable":true,"href":"https:\/\/adhilac.com.ar\/index.php?rest_route=\/wp\/v2\/users\/2"}],"replies":[{"embeddable":true,"href":"https:\/\/adhilac.com.ar\/index.php?rest_route=%2Fwp%2Fv2%2Fcomments&post=7675"}],"version-history":[{"count":4,"href":"https:\/\/adhilac.com.ar\/index.php?rest_route=\/wp\/v2\/posts\/7675\/revisions"}],"predecessor-version":[{"id":8069,"href":"https:\/\/adhilac.com.ar\/index.php?rest_route=\/wp\/v2\/posts\/7675\/revisions\/8069"}],"wp:attachment":[{"href":"https:\/\/adhilac.com.ar\/index.php?rest_route=%2Fwp%2Fv2%2Fmedia&parent=7675"}],"wp:term":[{"taxonomy":"category","embeddable":true,"href":"https:\/\/adhilac.com.ar\/index.php?rest_route=%2Fwp%2Fv2%2Fcategories&post=7675"},{"taxonomy":"post_tag","embeddable":true,"href":"https:\/\/adhilac.com.ar\/index.php?rest_route=%2Fwp%2Fv2%2Ftags&post=7675"}],"curies":[{"name":"wp","href":"https:\/\/api.w.org\/{rel}","templated":true}]}}