{"id":7733,"date":"2013-03-21T07:30:34","date_gmt":"2013-03-21T10:30:34","guid":{"rendered":"https:\/\/adhilac.com.ar\/?p=7733"},"modified":"2013-03-22T03:02:56","modified_gmt":"2013-03-22T06:02:56","slug":"el-caribe-colombiano-musica-y-negocios","status":"publish","type":"post","link":"https:\/\/adhilac.com.ar\/?p=7733","title":{"rendered":"El vallenato y los negocios"},"content":{"rendered":"<h3 style=\"text-align: justify;\"><span style=\"color: #339966;\"><a href=\"https:\/\/adhilac.com.ar\/wp-content\/uploads\/2013\/03\/Barranquilla-06.jpg\"><img loading=\"lazy\" decoding=\"async\" class=\"alignleft size-full wp-image-7734\" title=\"Barranquilla-06\" src=\"https:\/\/adhilac.com.ar\/wp-content\/uploads\/2013\/03\/Barranquilla-06.jpg\" alt=\"\" width=\"306\" height=\"413\" srcset=\"https:\/\/adhilac.com.ar\/wp-content\/uploads\/2013\/03\/Barranquilla-06.jpg 510w, https:\/\/adhilac.com.ar\/wp-content\/uploads\/2013\/03\/Barranquilla-06-222x300.jpg 222w\" sizes=\"auto, (max-width: 306px) 100vw, 306px\" \/><\/a>Industrias culturales y populares en Colombia<\/span><\/h3>\n<p style=\"text-align: justify;\"><strong> <\/strong><\/p>\n<p style=\"text-align: justify;\">Jorge Enrique El\u00edas-Caro<\/p>\n<p style=\"text-align: justify;\"><em>Foto: Barranquilla, Colombia. Carolina Crisorio<\/em><\/p>\n<p style=\"text-align: justify;\">No todo lo que suena con la m\u00fasica vallenato en Colombia y el mundo entero es para \u201crumbear y mamar ron\u201d -como dijera <em>El \u00d1ato<\/em> en la canci\u00f3n carnavalera del Burro Mocho-; \u00e9ste ritmo permite, adem\u00e1s, conocer la geograf\u00eda del mundo caribe\u00f1o de este pa\u00eds, pues sus canciones y melod\u00edas nos hacen volar con la imaginaci\u00f3n por los bellos paisajes de la regi\u00f3n, a trav\u00e9s del extenso recorrido que hacen los autores y arreglistas con sus r\u00edtmicas y po\u00e9ticas composiciones; o por sus letras rom\u00e1nticas y pegajosas cargadas de identidad regional, o sencilla y llanamente por la cantidad de saludos y dedicatorias aburridas que hacen los cantantes a medio mundo.<\/p>\n<p style=\"text-align: justify;\"><!--more--><\/p>\n<p style=\"text-align: justify;\">En un estudio realizado hace pocos d\u00edas, y derivado de una investigaci\u00f3n -llevada a cabo por dos cesarences- para optar el t\u00edtulo de mag\u00edster en Desarrollo Empresarial de la Universidad del Magdalena, se demostr\u00f3 que las virtudes de la valletoman\u00eda como negocio no es s\u00f3lo un pilar fundamental para el fomento del patrimonio cultural de nuestra regi\u00f3n, sino tambi\u00e9n sirve -y de gran manera- para promover una acelerada din\u00e1mica del desarrollo socioecon\u00f3mico del pa\u00eds, b\u00e1sicamente por el crecimiento empresarial que jalona, los encadenamientos y tejidos productivos que conforma, la econom\u00eda de escala que ostenta, las redes sociales empresariales que registra, el empleo que genera, la circulaci\u00f3n del capital que presenta, y\u00a0 la diversificaci\u00f3n y exclusivismo, a la vez, de proyectos lucrativos que se emprenden, ya sea desde la producci\u00f3n de bienes o de servicios especializados.<\/p>\n<p style=\"text-align: justify;\">&nbsp;<\/p>\n<p style=\"text-align: justify;\">Dentro de los resultados obtenidos, la investigaci\u00f3n ilustra de forma clara que los aportes que brinda este tipo de m\u00fasica al desarrollo empresarial de Valledupar y el Caribe colombiano en general son inmensos. Las redes empresariales que se han formado, basadas en este ritmo, han fortalecido el sector de la industria cultural, hasta el punto de llevarlo a una esfera de localizaci\u00f3n global (glocalizaci\u00f3n), que le ha permitido tener un reconocimiento y un prestigio internacional, ubic\u00e1ndolo como uno de los ritmos m\u00e1s escuchados hoy en d\u00eda. Adem\u00e1s de que, alrededor de \u00e9l, se creen y establezcan una serie de negocios y empresas que se articulan de forma conjunta para fortalecer su actividad econ\u00f3mica, y con ello, conservar el patrimonio y la identidad cultural que representa la m\u00fasica vallenata.<\/p>\n<p style=\"text-align: justify;\">&nbsp;<\/p>\n<p style=\"text-align: justify;\">Actualmente el vallenato como cl\u00faster muestra una din\u00e1mica comercial intensa; su cadena productiva genera riquezas para algunos compositores, cantautores, int\u00e9rpretes, m\u00fasicos, productores, managers y otros profesionales que participan de forma activa en la elaboraci\u00f3n del producto final; es un producto masificado por las disqueras del pa\u00eds y tiene una fuerte presencia en los medios de comunicaci\u00f3n. En esta emprendedora industria cultural se conjuga la m\u00fasica con la poes\u00eda popular y las fuertes influencias de la oralidad, de donde justamente recibe su mayor fuerza; posee una amplia aceptaci\u00f3n popular en todas las ciudades y zonas rurales y\/o pueblerinas. Las zonas costeras del Caribe colombiano, han visto en los \u00faltimos a\u00f1os c\u00f3mo ha tomado auge su m\u00fasica y su folclor, los cuales se han convertido en una may\u00fascula fuente de ingresos para gran parte de su poblaci\u00f3n. Durante todo el a\u00f1o en las ciudades se est\u00e1n organizando eventos\u00a0 que de una u otra forma est\u00e1n influenciados por la cultura y la m\u00fasica vallenata. Los turistas que llegan, muchas veces lo hacen en busca de esa cultura y hospitalidad que siente al llegar a estas tierras, hecho que se ha convertido en sin\u00f3nimo de ser el epicentro de eventos culturales, acad\u00e9micos y grandes negocios a nivel local y nacional.<\/p>\n<p style=\"text-align: justify;\">&nbsp;<\/p>\n<p style=\"text-align: justify;\">Este bien intangible de la regi\u00f3n es altamente demandado como producto, tanto al interior del pa\u00eds como en el exterior, lo que hace no sea marginal o un actor pasivo de la econom\u00eda, por el contrario es sumamente activa, al punto que aporta al PIB y contribuye a la satisfacci\u00f3n de las necesidades de la poblaci\u00f3n. El referido estudio permiti\u00f3 identificar y caracterizar los diferentes negocios que se originan a partir de la m\u00fasica vallenata y la\u00a0 relaci\u00f3n\u00a0 que existente entre\u00a0 estos y el desarrollo empresarial.<\/p>\n<p style=\"text-align: justify;\">&nbsp;<\/p>\n<p style=\"text-align: justify;\">En la conformaci\u00f3n del tejido empresarial basado en las redes o cadenas del vallenato est\u00e1n las instituciones p\u00fablicas como las alcald\u00edas municipales, gobernaciones, Ministerios de Cultura e Industria, Comercio y Turismo, entidades como Sayco y acinpro, organizaciones sin \u00e1nimo de lucro, es el caso de las Fundaciones de la Leyenda Vallenata, del Carnaval de Barranquilla, y de los festivales Cuna de Acordeones y del Dividivi, las emisoras y dem\u00e1s medios de comunicaci\u00f3n, los empresarios organizadores de eventos y espect\u00e1culos, las agencias de viajes, los representantes de artistas, las casas disqueras, los centros de grabaci\u00f3n, los hoteles, las f\u00e1bricas de licores y cervezas, las industrias gr\u00e1ficas, de CD, las f\u00e1bricas y tiendas de instrumentos musicales, las empresas de transportes, los almacenes de mercanc\u00edas, licores y abarrotes, las confecciones aleg\u00f3ricas, camisetas, gorras, artesan\u00edas, los m\u00fasicos, los compositores, los arreglistas y productores musicales, las escuelas de m\u00fasicas, los billares, las cantinas, los bares, las discotecas, los restaurantes, los bancos, las aseguradoras, las empresas de consultor\u00eda y asesor\u00edas especializadas, los centros de mantenimiento y reparaci\u00f3n, y lo que no pod\u00eda faltar, las universidades y el SENA.<\/p>\n<p style=\"text-align: justify;\">&nbsp;<\/p>\n<p style=\"text-align: justify;\">La investigaci\u00f3n demostr\u00f3 adem\u00e1s el papel fundamental que cumplen las mipymes\u00a0 en t\u00e9rminos de generaci\u00f3n de empleo y desarrollo en los municipios; seg\u00fan datos de Confec\u00e1maras, en el 2011, el 96% de las empresas existentes corresponden a microempresas, establecimientos estos que de alguna u otra manera est\u00e1n asociados de forma directa e indirecta a los negocios que genera el mundo del Vallenato. As\u00ed pues que, \u201cay hombe\u2026, que viva la yuca carajo\u201d.<\/p>\n<p><strong>Publicado por ADHILAC Internacional \u00a9 www.adhilac.com.ar<\/strong><\/p>\n<p>Si Ud. desea asociarse de acuerdo a los Estatutos de ADHILAC\u00a0<a title=\"(ver)\" href=\"https:\/\/adhilac.com.ar\/?page_id=263\">(ver)<\/a> complete el formulario correspondiente\u00a0<a title=\"(Ver)\" href=\"https:\/\/adhilac.com.ar\/?page_id=4779\" target=\"_blank\">(ver)<\/a><\/p>\n<p>E-mail:\u00a0<a title=\"info@adhilac.com.ar\" href=\"https:\/\/adhilac.com.ar\/info@adhilac.com.ar\" target=\"_blank\">info@adhilac.com.ar<\/a><strong> <\/strong><\/p>\n<p>Twitter: @AdhilacInfo<\/p>\n<p style=\"text-align: justify;\">&nbsp;<\/p>\n","protected":false},"excerpt":{"rendered":"<p>Industrias culturales y populares en Colombia Jorge Enrique El\u00edas-Caro Foto: Barranquilla, Colombia. Carolina Crisorio No todo lo que suena con la m\u00fasica vallenato en Colombia y el mundo entero es para \u201crumbear y mamar ron\u201d -como dijera El \u00d1ato en la canci\u00f3n carnavalera del Burro Mocho-; \u00e9ste ritmo permite, adem\u00e1s, conocer la geograf\u00eda del mundo [&hellip;]<\/p>\n","protected":false},"author":55,"featured_media":0,"comment_status":"closed","ping_status":"closed","sticky":false,"template":"","format":"standard","meta":{"_crdt_document":"","footnotes":""},"categories":[381,6,15],"tags":[26,405,406],"class_list":["post-7733","post","type-post","status-publish","format-standard","hentry","category-archivo","category-biblioteca","category-historia","tag-colombia","tag-industrias-culturales","tag-vallenato"],"_links":{"self":[{"href":"https:\/\/adhilac.com.ar\/index.php?rest_route=\/wp\/v2\/posts\/7733","targetHints":{"allow":["GET"]}}],"collection":[{"href":"https:\/\/adhilac.com.ar\/index.php?rest_route=\/wp\/v2\/posts"}],"about":[{"href":"https:\/\/adhilac.com.ar\/index.php?rest_route=\/wp\/v2\/types\/post"}],"author":[{"embeddable":true,"href":"https:\/\/adhilac.com.ar\/index.php?rest_route=\/wp\/v2\/users\/55"}],"replies":[{"embeddable":true,"href":"https:\/\/adhilac.com.ar\/index.php?rest_route=%2Fwp%2Fv2%2Fcomments&post=7733"}],"version-history":[{"count":8,"href":"https:\/\/adhilac.com.ar\/index.php?rest_route=\/wp\/v2\/posts\/7733\/revisions"}],"predecessor-version":[{"id":7750,"href":"https:\/\/adhilac.com.ar\/index.php?rest_route=\/wp\/v2\/posts\/7733\/revisions\/7750"}],"wp:attachment":[{"href":"https:\/\/adhilac.com.ar\/index.php?rest_route=%2Fwp%2Fv2%2Fmedia&parent=7733"}],"wp:term":[{"taxonomy":"category","embeddable":true,"href":"https:\/\/adhilac.com.ar\/index.php?rest_route=%2Fwp%2Fv2%2Fcategories&post=7733"},{"taxonomy":"post_tag","embeddable":true,"href":"https:\/\/adhilac.com.ar\/index.php?rest_route=%2Fwp%2Fv2%2Ftags&post=7733"}],"curies":[{"name":"wp","href":"https:\/\/api.w.org\/{rel}","templated":true}]}}