{"id":7772,"date":"2013-09-27T07:13:10","date_gmt":"2013-09-27T10:13:10","guid":{"rendered":"https:\/\/adhilac.com.ar\/?p=7772"},"modified":"2014-02-27T07:11:06","modified_gmt":"2014-02-27T10:11:06","slug":"congreso-internacional-el-congreso-de-viena-y-sus-dimensiones-globales-segunda-circular","status":"publish","type":"post","link":"https:\/\/adhilac.com.ar\/?p=7772","title":{"rendered":"Congreso Internacional \u00abEl Congreso de Viena y sus dimensiones globales\u00bb. Segunda circular"},"content":{"rendered":"<h3 style=\"text-align: justify;\"><span style=\"color: #339966;\">Viena. 18 al 22 de septiembre de 2014<\/span><\/h3>\n<p style=\"text-align: justify;\"><strong> <\/strong><\/p>\n<p style=\"text-align: justify;\"><strong>SEGUNDA CIRCULAR<\/strong><\/p>\n<p style=\"text-align: justify;\"><strong>El Congreso de Viena y sus dimensiones globales<\/strong><\/p>\n<p style=\"text-align: justify;\"><strong>Congreso internacional para conmemorar el bicentenario del Congreso de Viena (1814 \u2013 1815) .Homenaje a Manfred Kossok (1930-1993)<\/strong><\/p>\n<p style=\"text-align: justify;\">office@congresodeviena.at &#8211;\u00a0www.congresodeviena.at<\/p>\n<p style=\"text-align: justify;\">&nbsp;<\/p>\n<p style=\"text-align: justify;\"><!--more--><\/p>\n<p style=\"text-align: justify;\"><span style=\"font-size: 13px; line-height: 19px;\">La Asociaci\u00f3n de Historiadores Latinoamericanos y del Caribe (ADHILAC Internacional) y la Sociedad de Investigaci\u00f3n sobre Am\u00e9rica Continental y el Caribe (FGKK), KonaK de Viena reiteran su convocatoria para <\/span><em style=\"font-size: 13px; line-height: 19px;\">El Congreso de Viena y sus dimensiones globales.<\/em><\/p>\n<p style=\"text-align: justify;\"><em style=\"font-size: 13px; line-height: 19px;\"> <\/em><span style=\"font-size: 13px; line-height: 19px;\">Congreso internacional para conmemorar el bicentenario del Congreso de Viena (1814 \u2013 1815) Homenaje a Manfred Kossok (1930-1993). \u00a0El mismo\u00a0se realizar\u00e1 en <\/span><span style=\"font-size: 13px; line-height: 19px;\">Viena (Austria), desde 18 al 22 de septiembre de 2014.<\/span><\/p>\n<p style=\"text-align: justify;\"><span style=\"font-size: 13px; line-height: 19px;\">Nos aproximamos al segundo centenario del Congreso de Viena cuando, tras la Revoluci\u00f3n francesa y las subsiguientes guerras napole\u00f3nicas, delegaciones de pr\u00e1cticamente todos los estados europeos por entonces constituidos se acercaron para participar en esa cumbre hist\u00f3rica entre septiembre de 1814 y junio de 1815 en la ciudad de Viena. Entre los asistentes estaban representantes de: Prusia, Rusia, Gran Breta\u00f1a, Francia, Espa\u00f1a, Portugal, Suecia y Noruega, Dinamarca, los Pa\u00edses Bajos, Suiza, la Rep\u00fablica de G\u00e9nova y los Estados Pontificios, as\u00ed como otros 180 gobiernos m\u00e1s de toda condici\u00f3n y tama\u00f1o. La importancia hist\u00f3rica de dicho Congreso es incuestionable, por lo menos como hito que se\u00f1ala el inicio de la diplomacia moderna. Aunque su primordial objetivo (por lo menos en lo que concern\u00eda de manera especial a las grandes potencias conservadoras de Europa) fue deshacer el sistema napole\u00f3nico de estados y restablecer antiguos gobiernos y tenencias territoriales, igual cre\u00f3 las condiciones pol\u00edticas y sociales que constituir\u00edan la base de la pol\u00edtica europea y global para el siglo siguiente.<\/span><\/p>\n<p style=\"text-align: justify;\">&nbsp;<\/p>\n<p style=\"text-align: justify;\">Como el estudioso alem\u00e1n Manfred Kossok observara correctamente, dicho empe\u00f1o obviamente no se limit\u00f3 exclusivamente a Europa sino que se extendi\u00f3 a todas las colonias europeas y m\u00e1s all\u00e1. De manera muy particular, incidi\u00f3 sobre los cambios pol\u00edticos que implicaron la liberaci\u00f3n y la independencia acompa\u00f1adas de movimientos republicanos y revolucionarios que se extendieron por las tres Am\u00e9ricas y que no solo se consideraron en su tiempo como un problema \u201cgenuino\u201d, sino que se percibieron como una franca amenaza.<\/p>\n<p style=\"text-align: justify;\">&nbsp;<\/p>\n<p style=\"text-align: justify;\">Las repercusiones de tales movimientos fueron temidas por muchos estadistas europeos, quienes por tanto dedicaron considerable atenci\u00f3n al asunto e iniciaron una investigaci\u00f3n independiente de lo que llamaron \u201cel problema suramericano\u201d durante el Congreso. Dicho temor lo reflejaban manifestaciones tan asombrosas como \u201c<em>la revoluci\u00f3n en las Am\u00e9ricas es la revoluci\u00f3n en Europa<\/em>\u201d. A este respecto, el estadista Klemens von Metternich, que representaba los intereses austriacos durante las reuniones, desempe\u00f1\u00f3 un papel primordial.<\/p>\n<p style=\"text-align: justify;\">&nbsp;<\/p>\n<p style=\"text-align: justify;\">Dado que todos estos asuntos han sido desatendidos durante tanto tiempo, este nuevo congreso se dedicar\u00e1 a explorar entre sus temas las dimensiones globales de aquel Congreso de Viena, tanto a nivel internacional como transnacional. Pasar as\u00ed, de una perspectiva estrictamente europea hacia una global a la hora de reflexionar sobre aquel evento hist\u00f3rico, parece ser un empe\u00f1o justo y oportuno ahora que se cumplen 200 a\u00f1os de su primera celebraci\u00f3n y es probable que ofrezca un terreno f\u00e9rtil para la investigaci\u00f3n donde surjan nuevos conocimientos en torno a temas como la era de las revoluciones, el colonialismo, el imperialismo, el conservadurismo, las esclavitudes, el tr\u00e1fico de esclavos, los derechos humanos y las relaciones internacionales.<\/p>\n<p style=\"text-align: justify;\">&nbsp;<\/p>\n<p style=\"text-align: justify;\">Este nuevo enfoque nos permitir\u00e1 concebir mejor el Congreso de Viena como el comienzo de una era fundamentalmente nueva. De manera espec\u00edfica, este congreso busca debatir temas como, por ejemplo, el impacto que\u00a0 el Congreso original y la Santa Alianza tuvieron en las Am\u00e9ricas, \u00c1frica y Asia, generando a su vez cambios a nivel global. Del mismo modo, se buscar\u00e1 tambi\u00e9n que las discusiones analicen la incidencia de sucesos y desarrollos extraeuropeos sobre el Congreso mismo. Con seguridad, nuevos aportes y conocimientos en lo que concierne a la historia del Congreso de Viena y su \u00e9poca enriquecer\u00e1n el debate y se trazaran nuevas directrices acad\u00e9micas.<\/p>\n<p style=\"text-align: justify;\">&nbsp;<\/p>\n<p style=\"text-align: justify;\">Esta congreso internacional lo convoca la Asociaci\u00f3n de Historiadores Latinoamericanos y del Caribe (ADHILAC), con la amable hospitalidad de VHS Wiener Urania y organizada por la Sociedad de Investigaci\u00f3n sobre Am\u00e9rica Continental y el Caribe del KonaK, Viena, en colaboraci\u00f3n con los Archivos Estatales de Austria, el Centro para Estudios Interamericanos de la Universidad de Graz, el Departamento de Historia de la Universidad de Klagenfurt, el Departamento de Historia de la Universidad de La Habana, el Departamento de Historia Ib\u00e9rica y Latinoamericana de la Universidad de Colonia, el Departamento de Ciencias Pol\u00edticas de la Universidad de Salzburgo y la Sociedad para la Historia del Sistema Mundial (VGWS).<\/p>\n<p style=\"text-align: justify;\">&nbsp;<\/p>\n<p style=\"text-align: justify;\">Adem\u00e1s de los estudios y ponencias, el congreso ofrecer\u00e1 charlas y conferencias claves dictadas por reconocidos acad\u00e9micos de distintas regiones del mundo, mesas redondas, talleres, presentaci\u00f3n de afiches, libros y pel\u00edculas, una exhibici\u00f3n de libros y fotograf\u00edas, todo acompa\u00f1ado de una bien surtida programaci\u00f3n cultural. De manera ins\u00f3lita, la ceremonia de bienvenida y la de inauguraci\u00f3n, tendr\u00e1n lugar en los predios originales del palacio de Geheime Hofkanzlei (que hoy alberga la Canciller\u00eda Federal) en el centro hist\u00f3rico de la ciudad de Viena, justo 200 a\u00f1os a la fecha despu\u00e9s de aquel 18 de septiembre de 1814 cuando se convoc\u00f3 por primera vez en el mismo sitio el primer Congreso. Todos los asistentes al Congreso tendr\u00e1n la oportunidad de participar en visitas y paseos guiados por la ciudad de Viena y sus alrededores antes y despu\u00e9s de los encuentros.<\/p>\n<p style=\"text-align: justify;\">&nbsp;<\/p>\n<p style=\"text-align: justify;\">El comit\u00e9 organizador invita a todos aquellos estudiosos y acad\u00e9micos interesados a presentar propuestas de investigaciones (en curso o terminadas) a modo de ponencias \u00a0en grupo o personales, afiches, paneles de discusi\u00f3n, mesas redondas, talleres de investigaci\u00f3n en marcha, la presentaci\u00f3n de libros y pel\u00edculas o de cualquier otro formato o aspecto relevante al tema central del congreso. Alentamos de manera muy particular el trabajo de todos aquellos estudiosos interesados en la Independencia americana-EEUU, la Revoluci\u00f3n francesa, la Revoluci\u00f3n de los esclavos en Santo Domingo \u2013 Hait\u00ed, las guerras napole\u00f3nicas, la independencia de las colonias espa\u00f1olas en Am\u00e9rica del Sur, la abolici\u00f3n del tr\u00e1fico atl\u00e1ntico de esclavos, otras esclavitudes y\/o relaciones internacionales.<\/p>\n<p style=\"text-align: justify;\">&nbsp;<\/p>\n<p style=\"text-align: justify;\">El Congreso se celebrar\u00e1 en los idiomas ingl\u00e9s y\/o espa\u00f1ol. Las propuestas deben enviarse en uno de esos dos idiomas y no superar las 250 palabras. Deben venir acompa\u00f1adas de un t\u00edtulo de trabajo y una breve hoja de vida que no exceda las 100 palabras por participante. Las propuestas para paneles deben ir acompa\u00f1adas de hasta 4 ponencias individuales. Adicionalmente, las propuestas para paneles y talleres deben incluir el nombre del moderador de las sesiones as\u00ed como los nombres y funci\u00f3n que cumplir\u00e1n los otros participantes (lector de ponencia, orador, presidente de mesa, etc.). Si es el caso, por favor indicar qu\u00e9 tecnolog\u00edas audiovisuales ser\u00e1n necesarias para cada ponencia \/ sesi\u00f3n.<\/p>\n<p style=\"text-align: justify;\">&nbsp;<\/p>\n<p style=\"text-align: justify;\">Las propuestas deben enviarse al portavoz del comit\u00e9 cient\u00edfico, Christian Cwik, (Universidad de las Indias Occidentales, St Augustine) e-mail: office@congresodeviena.at\u00a0<strong>antes del 28 de febrero, 201<\/strong>4. El comit\u00e9 habr\u00e1 tomado todas las decisiones pertinentes a m\u00e1s tardar el<strong> 31 de marzo de 201<\/strong>4.\u00a0Los trabajos y ponencias finales deben entregarse antes del <strong>19 de agosto, 2014<\/strong>. Una selecci\u00f3n de las ponencias del congreso se publicar\u00e1 en un volumen debidamente editado.<\/p>\n<p style=\"text-align: justify;\">&nbsp;<\/p>\n<p style=\"text-align: justify;\">Para mayor informaci\u00f3n respecto a alojamiento, inscripciones y otros asuntos relacionados, acercarse al portal oficial del Congreso permanentemente actualizado en<\/p>\n<p style=\"text-align: justify;\"><a title=\"www.congresodeviena.at\" href=\"www.congresodeviena.at\">www.congresodeviena.at<\/a><\/p>\n<p style=\"text-align: justify;\">&nbsp;<\/p>\n<p style=\"text-align: justify;\">Favor inscribirse antes de enviar las propuestas. Los organizadores de paneles y talleres deben asegurarse de que todos los participantes se hayan inscrito al Congreso para cuando env\u00eden sus propuestas. Si la ponencia no ha sido aceptada <strong>hasta el 31 de marzo de 2014 se podr\u00e1 solicitar el reembolso del costo total de la inscripci\u00f3n<\/strong>. Luego de esa fecha, se implementar\u00e1n las pol\u00edticas regulares de cancelaci\u00f3n. Para mayor informaci\u00f3n ac\u00e9rquese al portal del congreso o p\u00f3ngase en contacto con el comit\u00e9 organizador en:<\/p>\n<p style=\"text-align: justify;\"><a title=\"office@congresodeviena.at.\" href=\"office@congresodeviena.at.\" target=\"_blank\">office@congresodeviena.at<\/a><\/p>\n<p style=\"text-align: justify;\">Las siguientes son algunas propuestas tem\u00e1ticas:<\/p>\n<p style=\"padding-left: 30px; text-align: justify;\">\u2022\u00a01. Influencias europeas en el espacio americano bajo aspectos pol\u00edticos, econ\u00f3micos, religiosos y cient\u00edficos desde 1770 hasta el Congreso de Viena.<\/p>\n<p style=\"padding-left: 30px; text-align: justify;\">\u2022\u00a02. Formas pol\u00edticas y econ\u00f3micas de resistencia en las colonias iberoamericanas en v\u00edsperas de la independencia de 1775 a 1808.<\/p>\n<p style=\"padding-left: 30px; text-align: justify;\">\u2022\u00a03. Independencia, republicanismo y liberalismo en los Estados Unidos de 1783 a 1814 y sus consecuencias para las Am\u00e9ricas y Europa.<\/p>\n<p style=\"padding-left: 30px; text-align: justify;\">\u2022\u00a04. Las econom\u00edas mercantilistas y pre-capitalistas en el noreste europeo y sus intereses en el Atl\u00e1ntico del Sur y Norte con anterioridad al congreso de Viena.<\/p>\n<p style=\"padding-left: 30px; text-align: justify;\">\u2022\u00a05. La pol\u00edtica espa\u00f1ola de alianzas y sus repercusiones para el espacio americano y atl\u00e1ntico de 1795 a 1807.<\/p>\n<p style=\"padding-left: 30px; text-align: justify;\">\u2022\u00a06. La revoluci\u00f3n haitiana, el fin de la esclavitud, y la decadencia del colonialismo franc\u00e9s en Am\u00e9rica 1791-1814<\/p>\n<p style=\"padding-left: 30px; text-align: justify;\">\u2022\u00a07. La revoluci\u00f3n francesa y su impacto y percepci\u00f3n en las Am\u00e9ricas.<\/p>\n<p style=\"padding-left: 30px; text-align: justify;\">\u2022\u00a08. La pol\u00edtica colonialista de Gran Breta\u00f1a en Am\u00e9rica a fines del siglo XVIII y principios del XIX.<\/p>\n<p style=\"padding-left: 30px; text-align: justify;\">\u2022\u00a09. Portugal como reino brasile\u00f1o con el apoyo de Gran Breta\u00f1a, 1807-1815.<\/p>\n<p style=\"padding-left: 30px; text-align: justify;\">\u2022\u00a010. La abolici\u00f3n de la esclavitud por Inglaterra en 1807 y la proscripci\u00f3n de la trata de esclavos en el congreso de Viena 1815.<\/p>\n<p style=\"padding-left: 30px; text-align: justify;\">\u2022\u00a011. La guerra britano-americana de 1812 a 1815Lugares hist\u00f3ricos de los movimientos de resistencia y guerras de independencia en Iberoam\u00e9rica.<\/p>\n<p style=\"padding-left: 30px; text-align: justify;\">\u2022\u00a012. La percepci\u00f3n de los levantamientos americanos en el congreso de Viena.<\/p>\n<p style=\"padding-left: 30px; text-align: justify;\">\u2022\u00a013. Imagen del congreso de Viena en las Am\u00e9ricas.<\/p>\n<p style=\"padding-left: 30px; text-align: justify;\">\u2022\u00a014. Ciudades hanse\u00e1ticas y sus intereses comerciales en la \u201cAm\u00e9rica revolucionaria\u201d.<\/p>\n<p style=\"padding-left: 30px; text-align: justify;\">\u2022 15. Mercenarios y capitales europeos en las guerras de independencia de Am\u00e9rica.<\/p>\n<p style=\"padding-left: 30px; text-align: justify;\">\u2022\u00a016. El papel de los nuevos estados independientes en las Am\u00e9ricas.<\/p>\n<p style=\"padding-left: 30px; text-align: justify;\">\u2022\u00a017. La guerra de los Estados Unidos contra los Estados Berberiscos, 1801-1805 y 1815<\/p>\n<p style=\"padding-left: 30px; text-align: justify;\">\u2022\u00a018. Organizaci\u00f3n y desarrollo del Congreso de Viena: nuevas estructuras para un nuevo orden mundial.<\/p>\n<p style=\"padding-left: 30px; text-align: justify;\">\u2022\u00a019. La reorganizaci\u00f3n de las colonias europeas partiendo de la paz de Paris y el Congreso de Viena.<\/p>\n<p style=\"padding-left: 30px; text-align: justify;\">\u2022 20. Estado pontificio y sus intereses en las Am\u00e9ricas como consecuencia del Congreso de Viena.<\/p>\n<p style=\"padding-left: 30px; text-align: justify;\">\u2022 21. Los nuevos prop\u00f3sitos de la diplomacia moderna a causa del Congreso de Viena.<\/p>\n<p style=\"padding-left: 30px; text-align: justify;\">\u2022\u00a022. La b\u00fasqueda de una reglamentaci\u00f3n a largo plazo para la asignaci\u00f3n de territorios.<\/p>\n<p style=\"padding-left: 30px; text-align: justify;\">\u2022\u00a023. La oposici\u00f3n inglesa-rusa y la posici\u00f3n de Prusia y Austria ante la pregunta de Sudam\u00e9rica.<\/p>\n<p style=\"padding-left: 30px; text-align: justify;\">\u2022\u00a024. Reflexiones sobre un derecho internacional en el Congreso de Viena. La pregunta de la legalidad.<\/p>\n<p style=\"padding-left: 30px; text-align: justify;\">\u2022\u00a025. La pol\u00edtica de mediaci\u00f3n de la Santa Alianza y sus intereses en las Am\u00e9ricas, 1815-1830.<\/p>\n<p style=\"padding-left: 30px; text-align: justify;\">\u2022\u00a026. El papel de la Santa Alianza en la lucha entre Espa\u00f1a y Portugal por la Banda Oriental del Uruguay.<\/p>\n<p style=\"padding-left: 30px; text-align: justify;\">\u2022\u00a027. Masoner\u00eda y logias secretas en el contexto de las guerras de independencia en la \u00e9poca del Congreso de Viena.<\/p>\n<p style=\"padding-left: 30px; text-align: justify;\">\u2022\u00a028. La contrarrevoluci\u00f3n espa\u00f1ola y las consecuencias para las colonias americanas.<\/p>\n<p style=\"padding-left: 30px; text-align: justify;\">\u2022\u00a029. Los intereses legitimistas de Austria en las Am\u00e9ricas en la \u00e9poca del Congreso de Viena.<\/p>\n<p style=\"padding-left: 30px; text-align: justify;\">\u2022\u00a030. Luchas y rivalidades por el dominio de los mercados en las Am\u00e9ricas.<\/p>\n<p style=\"padding-left: 30px; text-align: justify;\">\u2022\u00a031. Las disputas econ\u00f3micas, pol\u00edticas, diplom\u00e1ticas, ideol\u00f3gicas y de poder entre las grandes potencias en el continente americano.<\/p>\n<p style=\"padding-left: 30px; text-align: justify;\">\u2022\u00a032. La expansi\u00f3n de los Estados Unidos de Am\u00e9rica y su influencia en la independencia iberoamericana.<\/p>\n<p style=\"padding-left: 30px; text-align: justify;\">\u2022\u00a033. Gran Colombia y su pol\u00edtica hacia los gobiernos europeos, 1821-1830.<\/p>\n<p style=\"padding-left: 30px; text-align: justify;\">\u2022\u00a034. La crisis pol\u00edtica de la Santa Alianza frente a la Am\u00e9rica espa\u00f1ola y sus estados sucesores.<\/p>\n<p style=\"padding-left: 30px; text-align: justify;\">\u2022\u00a035. Papel y objetivos de la doctrina Monroe y del congreso de Panam\u00e1.<\/p>\n<p style=\"padding-left: 30px; text-align: justify;\">\u2022 36. Las relaciones de Prusia con las nuevas rep\u00fablicas en las Am\u00e9ricas, 1824-1830.<\/p>\n<p style=\"padding-left: 30px; text-align: justify;\">\u2022 37.\u00a0\u00a0Del Reino Unido al Imperio: el reconocimiento de Brasil en Europa, 1822-1830.<\/p>\n<p style=\"padding-left: 30px; text-align: justify;\">\u2022\u00a038. El reconocimiento europeo de los nuevos estados hispanoamericanos y Hait\u00ed.<\/p>\n<p style=\"padding-left: 30px; text-align: justify;\">\u2022\u00a039. La pol\u00edtica de Estados Unidos con relaci\u00f3n a la situaci\u00f3n de Cuba y Puerto Rico.<\/p>\n<p style=\"padding-left: 30px; text-align: justify;\">\u2022 40.\u00a0La repercusi\u00f3n del cambio pol\u00edtico sobre el sistema de restauraci\u00f3n y equilibrio de Europa.<\/p>\n<p style=\"padding-left: 30px; text-align: justify;\">\u2022 41.\u00a0Los congresos de Aquisgr\u00e1n, Opava, Liubliana y Verona y la cuesti\u00f3n de la Santa Alianza en Sudam\u00e9rica.<\/p>\n<p style=\"padding-left: 30px; text-align: justify;\">\u2022 42.\u00a0La deformaci\u00f3n sociopol\u00edtica y econ\u00f3mica del desarrollo latinoamericano tras la independencia.<\/p>\n<p style=\"padding-left: 30px; text-align: justify;\">\u2022 43.\u00a0El Congreso de Viena y sus lecciones para los problemas del mundo hoy.<\/p>\n<p style=\"padding-left: 30px; text-align: justify;\">\u2022 44.\u00a0El Congreso de Viena y las reflexiones historiogr\u00e1ficas.<\/p>\n<p style=\"padding-left: 30px; text-align: justify;\">&nbsp;<\/p>\n<p style=\"text-align: justify;\">Las tem\u00e1ticas propuestas no excluyen otros temas de importancia vinculados a los objetivos generales y especiales del Congreso, como nuevas preocupaciones y aspectos de importancia en las reflexiones cient\u00edficas contempor\u00e1neas.<\/p>\n<p style=\"text-align: justify;\">&nbsp;<\/p>\n<p style=\"text-align: justify;\"><strong>Participaci\u00f3n<\/strong><\/p>\n<p style=\"text-align: justify;\">Para participar como ponente u observador en este evento internacional, los interesados deben enviar a la direcci\u00f3n de correo electr\u00f3nico<\/p>\n<p><a title=\"conviena2014@konak-wien.org\" href=\"https:\/\/adhilac.com.ar\/conviena2014@konak-wien.org\" target=\"_blank\">conviena2014@konak-wien.org<\/a> <strong>El resumen debe tener la siguiente informaci\u00f3n:<\/strong> 1. Datos personales (nombre y apellido, direcci\u00f3n postal y correo electr\u00f3nico)  2. Datos profesionales (grado acad\u00e9mico y pertenencia institucional\/Universidad)  3. T\u00edtulo de la ponencia, mesa tem\u00e1tica elegida, y un resumen de hasta 250 palabras, que se recibir\u00e1 hasta el 20 mayo de 2014.  4. La ponencia completa debe ser enviada hasta el 30 de junio de 2014, en formato Word, doble espacio y m\u00e1ximo 20 cuartillas, incluyendo la bibliograf\u00eda.  <em>Quien no cumpla con la fecha no podr\u00e1 ser incluido en las memorias del evento.<\/em><\/p>\n<p style=\"text-align: justify;\">&nbsp;<\/p>\n<p style=\"text-align: justify;\"><strong>Buscamos conferencistas en los siguientes marcos tem\u00e1ticos: <\/strong><\/p>\n<p style=\"text-align: justify; padding-left: 30px;\">1. El \u00abreparto americano\u00bb. Europa y el dominio del Nuevo Continente desde 1770 hasta el Congreso de Viena -cuestiones pol\u00edticas, econ\u00f3micas, religiosas y cient\u00edficas-.<\/p>\n<p style=\"text-align: justify; padding-left: 30px;\">2. Resistencia en las colonias iberoamericanas en v\u00edsperas de la independencia de 1775 a 1808.<\/p>\n<p style=\"text-align: justify; padding-left: 30px;\">3. Las Revoluciones Norteamericana, Francesa y Haitiana y su impacto en Iberoam\u00e9rica<\/p>\n<p style=\"text-align: justify; padding-left: 30px;\">4. La independencia Ibero- y Lusoamericana<\/p>\n<p style=\"text-align: justify; padding-left: 30px;\">5. Mercenarios y capitales europeos en la Guerra de la Independencia<\/p>\n<p style=\"text-align: justify; padding-left: 30px;\">6. La persecuci\u00f3n del liberalismo europeo y la participaci\u00f3n de los exiliados en las revoluciones americanas<\/p>\n<p style=\"text-align: justify; padding-left: 30px;\">7. El congreso de Viena y su intento de establecer nuevas estructura para un nuevo orden mundial<\/p>\n<p style=\"text-align: justify; padding-left: 30px;\">8. La pol\u00edtica de mediaci\u00f3n de la Santa Alianza y sus intereses en las Am\u00e9ricas, 1815-1830<\/p>\n<p style=\"text-align: justify; padding-left: 30px;\">9. Apuntes sobre un derecho internacional en el Congreso de Viena<\/p>\n<p style=\"text-align: justify; padding-left: 30px;\">10. El problema de la esclavitud y la proscripci\u00f3n de la trata de esclavos en el congreso de Viena 1815<\/p>\n<p style=\"text-align: justify; padding-left: 30px;\">11. El Congreso de Viena: el imaginario y las reflexiones historiogr\u00e1ficas.<\/p>\n<p style=\"text-align: justify;\">&nbsp;<\/p>\n<p style=\"text-align: justify;\">Nos place anunciar que algunos de los principales ponentes del congreso ser\u00e1n:<\/p>\n<p style=\"text-align: justify;\">&nbsp;<\/p>\n<p style=\"text-align: justify;\">Leonel Fern\u00e1ndez Reina (Fundaci\u00f3n Global Democracia y Desarrollo)<\/p>\n<p style=\"text-align: justify;\">Matthias Middell (Universidad de Leipzig)<\/p>\n<p style=\"text-align: justify;\">Pedro Pablo Rodr\u00edguez (Academia de la Historia de Cuba)<\/p>\n<p style=\"text-align: justify;\">Wolfgang Schmale (Universidad de Viena)<\/p>\n<p style=\"text-align: justify;\">Immanuel Wallerstein (Universidad de Yale)<\/p>\n<p style=\"text-align: justify;\">&nbsp;<\/p>\n<p style=\"text-align: justify;\"><strong> <\/strong><\/p>\n<p style=\"text-align: justify;\">&nbsp;<\/p>\n<p><strong>Presidente de Congreso<\/strong>: Michael Zeuske (Universidad de Colonia)<\/p>\n<p style=\"text-align: justify;\"><strong> <\/strong><\/p>\n<p style=\"text-align: justify;\">&nbsp;<\/p>\n<p><strong>Vicepresidentes del Congreso<\/strong>: Verene A. Shepherd (Universidad de las Indias occidentals en Mona, Jamaica) Wolfgang Maderthaner (Archivos Estatales de Austria)<\/p>\n<p style=\"text-align: justify;\">&nbsp;<\/p>\n<p><strong>Presidente de ADHILAC<\/strong>: Sergio Guerra Vilaboy (Universidad de La Habana)<\/p>\n<p style=\"text-align: justify;\">&nbsp;<\/p>\n<p style=\"text-align: justify;\"><strong>Cuota de\u00a0Inscripci\u00f3n:<\/strong><\/p>\n<p>&#8211;\u00a0\u00a0\u00a0 Partcipantes (ponentes y asistentes)\u00a0\u00a0\u00a0\u00a0\u00a0\u00a0\u00a0\u00a0\u00a0\u00a0\u00a0\u00a0\u00a0\u00a0\u00a0\u00a0\u00a0\u00a0\u00a0\u00a0\u00a0 EUR\u00a0 140,-<\/p>\n<p>&#8211;\u00a0<span style=\"font-size: 13px; line-height: 19px;\">Miembros de la ADHILAC \/ KonaK \u00a0 \u00a0 \u00a0 \u00a0 \u00a0 \u00a0 \u00a0 \u00a0 \u00a0 \u00a0 \u00a0 \u00a0 \u00a0 \u00a0 \u00a0 EUR\u00a0\u00a0 80,- <\/span><\/p>\n<p><span style=\"font-size: 13px; line-height: 19px;\"> &#8211; <\/span><span style=\"font-size: 13px; line-height: 19px;\">Estudiantes \/ acompa\u00f1antes\u00a0\u00a0\u00a0\u00a0\u00a0\u00a0\u00a0\u00a0\u00a0\u00a0\u00a0\u00a0\u00a0\u00a0\u00a0\u00a0\u00a0\u00a0\u00a0\u00a0\u00a0\u00a0\u00a0\u00a0\u00a0\u00a0\u00a0\u00a0\u00a0\u00a0\u00a0\u00a0\u00a0 EUR\u00a0\u00a0 80,-<\/span><\/p>\n<p style=\"text-align: justify; padding-left: 30px;\">&nbsp;<\/p>\n<p style=\"text-align: justify;\">&nbsp;<\/p>\n<p style=\"text-align: justify;\"><strong>La inscripci\u00f3n aumenta en EUR 30.- despu\u00e9s del 28 de febrero de 2014<\/strong><\/p>\n<p style=\"text-align: justify;\">Enviar el monto de la misma bajo el nombre de \u00abCongreso de Viena\u00bb \u00a0a la siguiente cuenta corriente<\/p>\n<p>N\u00ba de cuenta: 02010019314<\/p>\n<p>Banco: BAWAG PSK (Austria) N\u00ba 14000<\/p>\n<p>IBAN: AT491400002010019314<\/p>\n<p>BIC\/SWIFT: BAWAATWW<\/p>\n<p style=\"text-align: justify;\">&nbsp;<\/p>\n<p style=\"text-align: justify;\"><strong>Fecha l\u00edmite 28 de febrero de 2014<\/strong><\/p>\n<p style=\"text-align: justify;\">&nbsp;<\/p>\n<p><strong>Informaciones:<\/strong><\/p>\n<p><span style=\"font-size: 13px; line-height: 19px;\">Christian Cwik: ccwik@konak-wien.org<\/span><br \/>\n<span style=\"font-size: 13px; line-height: 19px;\">Paul Grohma:<\/span> pgrohma@konak-wien.org<\/p>\n<p>office@congresodeviena.at<br \/>\nwww.congresodeviena.at<br \/>\n<span style=\"font-size: 13px; line-height: 19px;\">Tel\/Fax: +43-1-9410878<\/span><\/p>\n<p style=\"text-align: justify;\">&nbsp;<\/p>\n<p style=\"text-align: justify;\"><strong>BECAS<\/strong><\/p>\n<p style=\"text-align: justify;\">Nos complace informarles sobre las becas creadas por nuestras instituciones colaboradoras destinadas especialmente para investigadores de Am\u00e9rica Latina y el Caribe.<\/p>\n<p style=\"text-align: justify;\">Para m\u00e1s informaci\u00f3n:<\/p>\n<p style=\"text-align: justify;\">office@congresodeviena.at<\/p>\n<p style=\"text-align: justify;\">&nbsp;<\/p>\n<p style=\"text-align: justify;\"><strong> <\/strong><\/p>\n<p style=\"text-align: justify;\"><strong>Publicado por ADHILAC Internacional \u00a9 www.adhilac.com.ar<\/strong><\/p>\n<p style=\"text-align: justify;\">Si Ud. desea asociarse de acuerdo a los Estatutos de ADHILAC\u00a0<a title=\"(ver)\" href=\"https:\/\/adhilac.com.ar\/?page_id=263\">(ver)<\/a> complete el formulario correspondiente\u00a0<a title=\"(Ver)\" href=\"https:\/\/adhilac.com.ar\/?page_id=4779\" target=\"_blank\">(ver)<\/a><\/p>\n<p style=\"text-align: justify;\">E-mail:\u00a0<a title=\"info@adhilac.com.ar\" href=\"https:\/\/adhilac.com.ar\/info@adhilac.com.ar\" target=\"_blank\">info@adhilac.com.ar<\/a><strong> <\/strong><\/p>\n<p>Twitter: @AdhilacInfo<\/p>\n","protected":false},"excerpt":{"rendered":"<p>Viena. 18 al 22 de septiembre de 2014 SEGUNDA CIRCULAR El Congreso de Viena y sus dimensiones globales Congreso internacional para conmemorar el bicentenario del Congreso de Viena (1814 \u2013 1815) .Homenaje a Manfred Kossok (1930-1993) office@congresodeviena.at &#8211;\u00a0www.congresodeviena.at &nbsp;<\/p>\n","protected":false},"author":37,"featured_media":0,"comment_status":"closed","ping_status":"closed","sticky":false,"template":"","format":"standard","meta":{"_crdt_document":"","footnotes":""},"categories":[3,5,40],"tags":[340,414],"class_list":["post-7772","post","type-post","status-publish","format-standard","hentry","category-adhilac-inter","category-congresos","category-informaciones","tag-congreso-de-viena","tag-historia-america-latina"],"_links":{"self":[{"href":"https:\/\/adhilac.com.ar\/index.php?rest_route=\/wp\/v2\/posts\/7772","targetHints":{"allow":["GET"]}}],"collection":[{"href":"https:\/\/adhilac.com.ar\/index.php?rest_route=\/wp\/v2\/posts"}],"about":[{"href":"https:\/\/adhilac.com.ar\/index.php?rest_route=\/wp\/v2\/types\/post"}],"author":[{"embeddable":true,"href":"https:\/\/adhilac.com.ar\/index.php?rest_route=\/wp\/v2\/users\/37"}],"replies":[{"embeddable":true,"href":"https:\/\/adhilac.com.ar\/index.php?rest_route=%2Fwp%2Fv2%2Fcomments&post=7772"}],"version-history":[{"count":45,"href":"https:\/\/adhilac.com.ar\/index.php?rest_route=\/wp\/v2\/posts\/7772\/revisions"}],"predecessor-version":[{"id":8150,"href":"https:\/\/adhilac.com.ar\/index.php?rest_route=\/wp\/v2\/posts\/7772\/revisions\/8150"}],"wp:attachment":[{"href":"https:\/\/adhilac.com.ar\/index.php?rest_route=%2Fwp%2Fv2%2Fmedia&parent=7772"}],"wp:term":[{"taxonomy":"category","embeddable":true,"href":"https:\/\/adhilac.com.ar\/index.php?rest_route=%2Fwp%2Fv2%2Fcategories&post=7772"},{"taxonomy":"post_tag","embeddable":true,"href":"https:\/\/adhilac.com.ar\/index.php?rest_route=%2Fwp%2Fv2%2Ftags&post=7772"}],"curies":[{"name":"wp","href":"https:\/\/api.w.org\/{rel}","templated":true}]}}