{"id":7783,"date":"2013-03-22T04:54:14","date_gmt":"2013-03-22T07:54:14","guid":{"rendered":"https:\/\/adhilac.com.ar\/?p=7783"},"modified":"2013-03-26T05:21:46","modified_gmt":"2013-03-26T08:21:46","slug":"cxxviii-asamblea-de-la-union-interparlamentaria-quito-ecuador-22-a-27-de-marzo-de-2013","status":"publish","type":"post","link":"https:\/\/adhilac.com.ar\/?p=7783","title":{"rendered":"CXXVIII Asamblea de la Uni\u00f3n Interparlamentaria Quito, Ecuador. 22 a 27 de marzo de 2013"},"content":{"rendered":"<h3 style=\"text-align: justify;\"><span style=\"color: #339966;\">Discurso del Presidente Rafael Correa de Ecuador en la UIP<\/span><\/h3>\n<p><span style=\"color: #339966;\"><a href=\"https:\/\/adhilac.com.ar\/wp-content\/uploads\/2013\/03\/Palacio-Gob.jpg\"><img loading=\"lazy\" decoding=\"async\" class=\"alignright size-full wp-image-7784\" title=\"Palacio Gob\" src=\"https:\/\/adhilac.com.ar\/wp-content\/uploads\/2013\/03\/Palacio-Gob.jpg\" alt=\"\" width=\"579\" height=\"384\" srcset=\"https:\/\/adhilac.com.ar\/wp-content\/uploads\/2013\/03\/Palacio-Gob.jpg 827w, https:\/\/adhilac.com.ar\/wp-content\/uploads\/2013\/03\/Palacio-Gob-300x199.jpg 300w\" sizes=\"auto, (max-width: 579px) 100vw, 579px\" \/><\/a><br \/>\n<\/span><\/p>\n<p style=\"text-align: justify;\">&nbsp;<\/p>\n<p style=\"text-align: justify;\">&nbsp;<\/p>\n<p style=\"text-align: justify;\"><em>Palacio de Carondelet sede de gobierno. Quito. Ecuador. Foto: Carolina Crisorio. <\/em><\/p>\n<p style=\"text-align: justify;\"><em> <\/em>Esta Asamblea se realiza a partir de la conformaci\u00f3n de la Uni\u00f3n Interparlamentaria (UIP), fundada el 30 de junio de 1889 y funciona en el marco de la Organizaci\u00f3n de las Naciones Unidas como observador permanente.\u00a0<!--more--><\/p>\n<p style=\"text-align: justify;\">Los miembros asociados son el Parlamento Andino, el Parlamento Centroamericano, la Asamblea Legislativa de Africa Oriental, el Parlamento Europeo, la Comisi\u00f3n Interparlamentaria de la Uni\u00f3n Econ\u00f3mica de Africa Occidental y Monetaria, el Parlamento Latinoamericano, el Parlamento de la Comunidade de Estados de Africa Occidental, el Parlamento de la Comunidad Econ\u00f3mica y Mnetria de Africa central, la Asamblea Parlamentaria del Consejo de Europa y la Transici\u00f3n de Parlamento Arabe.Los pa\u00edses de nuestro continente que pertenecen a la UIP son Argentina, Bolivia, Brasil, Canad\u00e1, Chile, Colombia, Costa Rica, Cuba, Rep\u00fablica Dominicana, Ecuador, El Salvador, Guatemala, Hait\u00ed, Honduras, M\u00e9xico, Nicaragua, Panam\u00e1, Paraguay, Per\u00fa, Suriname, Trinidad y Tobago, Uruguay y Venezuela.<\/p>\n<p style=\"text-align: justify;\">La Agenda establecida para Quito 2013 era<\/p>\n<p style=\"text-align: justify;\">1. Elecci\u00f3n de Presidente y Vicepresidentes de la 128\u00aa Asamblea<\/p>\n<p style=\"text-align: justify;\">2. Examen de posibles solicitudes de inclusi\u00f3n de un punto de urgencia en la agenda de la Asamblea2. Debate general sobre el tema global Del crecimiento sin fin al desarrollo con fines \u00abBuen Vivir\u00bb: Nuevos enfoques, nuevas soluciones<\/p>\n<p style=\"text-align: justify;\">3. Responsabilidad de proteger: el rol del Parlamento en la protecci\u00f3n de los civiles(Comisi\u00f3n Permanente sobre Paz y Seguridad Internacional)<\/p>\n<p style=\"text-align: justify;\">4. Comercio justo y mecanismos innovadores de financiamiento para un desarrollo sostenible (Comisi\u00f3n Permanente sobre Desarrollo Sostenible, Financiamiento y Comercio)<\/p>\n<p style=\"text-align: justify;\">5. La utilizaci\u00f3n de diversos medios de comunicaci\u00f3n, incluyendo los medios sociales, para incrementar la participaci\u00f3n de los ciudadanos y mejorar la democracia (Comisi\u00f3n Permanente sobre Democracia y Derechos Humanos)<\/p>\n<p style=\"text-align: justify;\">6. Aprobaci\u00f3n de los temas de estudio para la 130\u00aa Asamblea y designaci\u00f3n de los Relatores<\/p>\n<p style=\"text-align: justify;\">&nbsp;<\/p>\n<p style=\"text-align: justify;\">Asimismo se establecieron otras reuniones simult\u00e1neas:<\/p>\n<p style=\"text-align: justify;\">Panel de debate sobre el tema La legalizaci\u00f3n de las drogas: \u00bfpuede esta contribuir a la lucha contra el crimen organizado? (25 de marzo);<\/p>\n<p style=\"text-align: justify;\">Panel de debate sobre el tema Los derechos de los ni\u00f1os con discapacidades (25 de marzo);<\/p>\n<p style=\"text-align: justify;\">Taller sobre el tema Asegurar la responsabilidad para la salud de las mujeres y de los ni\u00f1os (26 de marzo);<\/p>\n<p style=\"text-align: justify;\">Taller sobre el tema \u00abUna visi\u00f3n nueva para el desarrollo:\u00bfcu\u00e1l es el lugar para la gobernanza? (27 de marzo);<\/p>\n<p style=\"text-align: justify;\">Sesi\u00f3n abierta del Comit\u00e9 encargado de Promover el Respeto por el Derecho Internacional Humanitario (DIH) sobre el tema La dimensi\u00f3n del DIH de la Responsabilidad de Proteger (24 de marzo);<\/p>\n<p style=\"text-align: justify;\">Sesi\u00f3n abierta del Comit\u00e9 de Derechos Humanos de los Parlamentarios (25 de marzo).<\/p>\n<p style=\"text-align: justify;\">Se puede seguir la exposici\u00f3n del Presidente Rafael Correa en<\/p>\n<p style=\"text-align: justify;\"><a href=\"http:\/\/www.youtube.com\/watch?v=1fkBkLtvDWc&amp;feature=youtu.be\">http:\/\/www.youtube.com\/watch?v=1fkBkLtvDWc&amp;feature=youtu.be<\/a><\/p>\n<p>&nbsp;<\/p>\n<p><strong>Publicado por ADHILAC Internacional \u00a9 www.adhilac.com.ar<\/strong><\/p>\n<p>Si Ud. desea asociarse de acuerdo a los Estatutos de ADHILAC\u00a0<a title=\"(ver)\" href=\"https:\/\/adhilac.com.ar\/?page_id=263\">(ver)<\/a> complete el formulario correspondiente\u00a0<a title=\"(Ver)\" href=\"https:\/\/adhilac.com.ar\/?page_id=4779\" target=\"_blank\">(ver)<\/a><\/p>\n<p>E-mail:\u00a0<a title=\"info@adhilac.com.ar\" href=\"https:\/\/adhilac.com.ar\/info@adhilac.com.ar\" target=\"_blank\">info@adhilac.com.ar<\/a><strong> <\/strong><\/p>\n<p>Twitter: @AdhilacInfo<\/p>\n<p style=\"text-align: justify;\">&nbsp;<\/p>\n","protected":false},"excerpt":{"rendered":"<p>Discurso del Presidente Rafael Correa de Ecuador en la UIP &nbsp; &nbsp; Palacio de Carondelet sede de gobierno. Quito. Ecuador. Foto: Carolina Crisorio. Esta Asamblea se realiza a partir de la conformaci\u00f3n de la Uni\u00f3n Interparlamentaria (UIP), fundada el 30 de junio de 1889 y funciona en el marco de la Organizaci\u00f3n de las Naciones [&hellip;]<\/p>\n","protected":false},"author":2,"featured_media":0,"comment_status":"closed","ping_status":"closed","sticky":false,"template":"","format":"standard","meta":{"_crdt_document":"","footnotes":""},"categories":[381,8],"tags":[27,180,413],"class_list":["post-7783","post","type-post","status-publish","format-standard","hentry","category-archivo","category-fuentes-testimonios","tag-ecuador","tag-rafael-correa","tag-union-interparlamentaria"],"_links":{"self":[{"href":"https:\/\/adhilac.com.ar\/index.php?rest_route=\/wp\/v2\/posts\/7783","targetHints":{"allow":["GET"]}}],"collection":[{"href":"https:\/\/adhilac.com.ar\/index.php?rest_route=\/wp\/v2\/posts"}],"about":[{"href":"https:\/\/adhilac.com.ar\/index.php?rest_route=\/wp\/v2\/types\/post"}],"author":[{"embeddable":true,"href":"https:\/\/adhilac.com.ar\/index.php?rest_route=\/wp\/v2\/users\/2"}],"replies":[{"embeddable":true,"href":"https:\/\/adhilac.com.ar\/index.php?rest_route=%2Fwp%2Fv2%2Fcomments&post=7783"}],"version-history":[{"count":5,"href":"https:\/\/adhilac.com.ar\/index.php?rest_route=\/wp\/v2\/posts\/7783\/revisions"}],"predecessor-version":[{"id":7804,"href":"https:\/\/adhilac.com.ar\/index.php?rest_route=\/wp\/v2\/posts\/7783\/revisions\/7804"}],"wp:attachment":[{"href":"https:\/\/adhilac.com.ar\/index.php?rest_route=%2Fwp%2Fv2%2Fmedia&parent=7783"}],"wp:term":[{"taxonomy":"category","embeddable":true,"href":"https:\/\/adhilac.com.ar\/index.php?rest_route=%2Fwp%2Fv2%2Fcategories&post=7783"},{"taxonomy":"post_tag","embeddable":true,"href":"https:\/\/adhilac.com.ar\/index.php?rest_route=%2Fwp%2Fv2%2Ftags&post=7783"}],"curies":[{"name":"wp","href":"https:\/\/api.w.org\/{rel}","templated":true}]}}